{"id":508634,"date":"2025-10-18T15:10:12","date_gmt":"2025-10-18T15:10:12","guid":{"rendered":"https:\/\/www.europesays.com\/de\/508634\/"},"modified":"2025-10-18T15:10:12","modified_gmt":"2025-10-18T15:10:12","slug":"1860-aufstellung-gegen-duisburg-kauczinski-hat-klaren-plan-im-kopf-volland-eine-option","status":"publish","type":"post","link":"https:\/\/www.europesays.com\/de\/508634\/","title":{"rendered":"1860-Aufstellung gegen Duisburg: Kauczinski hat klaren Plan im Kopf \u2013 Volland eine Option?"},"content":{"rendered":"<p>Der TSV 1860 M\u00fcnchen empf\u00e4ngt den MSV Duisburg. Markus Kauczinski wird sein Trainerdeb\u00fct feiern, die m\u00f6gliche Aufstellung wirft Fragen auf. <\/p>\n<p>M\u00fcnchen \u2013 Neuer Trainer? Neue Aufstellung? Der <a href=\"https:\/\/www.tz.de\/sport\/1860-muenchen\/\" target=\"_blank\" rel=\"noopener\">TSV 1860 M\u00fcnchen<\/a> hat in der L\u00e4nderspielpause mit Markus Kauczinski einen neuen Cheftrainer verpflichtet. Am Sonntag steht das Pflichtspieldeb\u00fct des neuen L\u00f6wendompteur an. Mit dem MSV Duisburg ist der aktuelle Tabellenf\u00fchrer auf Giesings H\u00f6hen zu Gast. Die m\u00f6gliche Aufstellung der L\u00f6wen wirft Fragen auf. Beginnend bei der Startelf bis hin zur Formation. Wie stellt Kauczinski 1860 M\u00fcnchen auf? <\/p>\n<p>Blitzheilung bei Kevin Volland? R\u00fcckkehrer ist eine Option f\u00fcr den TSV 1860 M\u00fcnchen<\/p>\n<p>Verzichten m\u00fcssen wird der neue L\u00f6wentrainer weiterhin auf Kapit\u00e4n Jesper Verlaat und Morris Schr\u00f6ter. Au\u00dferdem wird Kilian Jakob noch kein Thema sein. Und Kevin Volland? Der R\u00fcckkehrer trainierte zuletzt wieder mit und kann sogar zu einer Option f\u00fcr den Kader werden. Im Tor der L\u00f6wen wird Thomas D\u00e4hne zur\u00fcck in die Startelf kehren. Die Nummer eins der L\u00f6wen musste zuletzt von Torwarttrainer Rene Vollath ersetzt werden, der eine gute Figur abgab. <\/p>\n<p>Und dann kommt es auch schon zur gro\u00dfen Frage: L\u00e4sst Kauczinski eine Vierer- oder F\u00fcnferkette spielen? Der von Dr. Christian Werner zusammengestellte Kader ist grunds\u00e4tzlich vollends auf eine F\u00fcnfer- beziehungsweise Dreierkette ausgelegt, zuletzt spielte 1860 aber wieder mit Viererkette. Kauczinski lie\u00df bei seinen vergangenen Stationen bereits \u00f6fter mit der F\u00fcnferkette spielen, steht beiden Varianten aber offen gegen\u00fcber. <\/p>\n<p>Trainerdeb\u00fct f\u00fcr Markus Kauczinsky \u2013 Wie sieht die Startaufstellung des TSV 1860 gegen Duisburg aus?<\/p>\n<p>In der Inneverteidigung dr\u00e4ngte sich zuletzt Max Reintahler ins Rampenlicht. Der Verteidiger spielte unter Kauczinski bereits in Wiesbaden und k\u00f6nnte jetzt eine neue Chance bei den L\u00f6wen bekommen. Neben Reinthaler stehen Kauczinski auch Sean Dulic, Raphael Schifferl und Simeon Voet in der Innenverteidigung zur Verf\u00fcgung. Letzterer k\u00f6nnte in einer Viererkette auch auf die Au\u00dfenverteidigerposition r\u00fccken. Der Trainer hat die Qual der Wahl.<\/p>\n<p>Auf den Au\u00dfenverteidigerpositionen sind neben Voet die gestandenen Spieler Marvin Rittm\u00fcller und Manuel Pfeiffer Optionen. Im Training zeigte zuletzt auch Tim Danhof wieder sein K\u00f6nnen und geh\u00f6rt damit zu den Startelfkandidaten. <\/p>\n<p>Traditionsduell in der 3. Liga: TSV 1860 M\u00fcnchen trifft auf den MSV Duisburg<\/p>\n<p>Im Mittelfeld hat Kauczinsky drei zentrale Spieler, die allesamt mindestens \u00fcber gutes Drittliganiveau verf\u00fcgen. Thore Jacobsen f\u00fchrte die L\u00f6wen in Verlaats Abwesenheit als Kapit\u00e4n auf den Platz. Neben ihm konkurrieren Ballverteiler Tunay Deniz und Ex-Hannoveraner Max Christiansen um einen Platz in der ersten Elf. Spielt der neue Trainer mit einem 4-1-2-1-2 mit Raute im Zentrum, werden auf den offensiven Fl\u00fcgeln David Phillip und Maximilian Wolfram zu Optionen. Auch Rittm\u00fcller und Pfeiffer geh\u00f6ren zu den Kandidaten im \u00e4u\u00dferen Mittelfeld. <\/p>\n<p>Im Sturm wird Kauczinski nicht auf Leader Florian Niederlechner verzichten wollen. Um den Platz neben dem Torj\u00e4ger streiten sich wie schon unter Gl\u00f6ckner der Ex-Rostocker Sigurd Haugen und Patrick Hobsch. Beide sind ernsthafte Kandidaten f\u00fcr die erste Elf, am Ende liegt die Entscheidung bei Kauczinski, der bereits einen Plab hat. \u201eIch habe nat\u00fcrlich Dinge im Kopf. Ich habe schnell gemerkt, wo ich hin will\u201c, sagte er auf der Pressekonferenz. <\/p>\n<p>Der neue Trainer l\u00e4sst sich bisher kaum in die Karten schauen und so k\u00f6nnte es am Samstag die ein oder andere \u00dcberraschung geben. Eines ist klar: Egal wie Kauczinski die L\u00f6wen gegen den MSV Duisburg aufstellt, am Ende muss 1860 die Punkte in Giesing behalten. Eines versprach der Trainer schon vor dem Spiel: \u201eWenn wir umsetzen, was an Idee und Talent drinsteckt, dann k\u00f6nnen die Leute sich auf ein geiles Spiel gefasst machen.\u201c<\/p>\n<p>Voraussichtliche 1860-Aufstellung gegen Duisburg<\/p>\n<ul>\n<li>Voraussichtliche 1860-Aufstellung gegen Duisburg: Thomas D\u00e4hne \u2013 Marvin Rittm\u00fcller, Raphael Schiffer, Sean Dulic, Simeon Voet \u2013 Thore Jacobsen \u2013 David Philipp, Manuel Pfeiffer \u2013 Tunay Deniz \u2013 Florian Niederlechner, Patrick Hobsch<\/li>\n<\/ul>\n","protected":false},"excerpt":{"rendered":"Der TSV 1860 M\u00fcnchen empf\u00e4ngt den MSV Duisburg. Markus Kauczinski wird sein Trainerdeb\u00fct feiern, die m\u00f6gliche Aufstellung wirft&hellip;\n","protected":false},"author":2,"featured_media":508635,"comment_status":"","ping_status":"","sticky":false,"template":"","format":"standard","meta":{"footnotes":""},"categories":[1838],"tags":[995,126794,3364,29,3715,30,126792,126793,1209,126797,8811,126795,107326,126796],"class_list":{"0":"post-508634","1":"post","2":"type-post","3":"status-publish","4":"format-standard","5":"has-post-thumbnail","7":"category-duisburg","8":"tag-3-liga","9":"tag-b-klasse-8-zugspitze","10":"tag-de","11":"tag-deutschland","12":"tag-duisburg","13":"tag-germany","14":"tag-landesliga-suedost-bayern","15":"tag-landesliga-suedwest-bayern","16":"tag-nordrhein-westfalen","17":"tag-tsv-1847-weilheim","18":"tag-tsv-1860-muenchen","19":"tag-tsv-1860-rosenheim","20":"tag-tsv-1865-dachau","21":"tag-tsv-1880-wasserburg"},"share_on_mastodon":{"url":"https:\/\/pubeurope.com\/@de\/115395810134856477","error":""},"_links":{"self":[{"href":"https:\/\/www.europesays.com\/de\/wp-json\/wp\/v2\/posts\/508634","targetHints":{"allow":["GET"]}}],"collection":[{"href":"https:\/\/www.europesays.com\/de\/wp-json\/wp\/v2\/posts"}],"about":[{"href":"https:\/\/www.europesays.com\/de\/wp-json\/wp\/v2\/types\/post"}],"author":[{"embeddable":true,"href":"https:\/\/www.europesays.com\/de\/wp-json\/wp\/v2\/users\/2"}],"replies":[{"embeddable":true,"href":"https:\/\/www.europesays.com\/de\/wp-json\/wp\/v2\/comments?post=508634"}],"version-history":[{"count":0,"href":"https:\/\/www.europesays.com\/de\/wp-json\/wp\/v2\/posts\/508634\/revisions"}],"wp:featuredmedia":[{"embeddable":true,"href":"https:\/\/www.europesays.com\/de\/wp-json\/wp\/v2\/media\/508635"}],"wp:attachment":[{"href":"https:\/\/www.europesays.com\/de\/wp-json\/wp\/v2\/media?parent=508634"}],"wp:term":[{"taxonomy":"category","embeddable":true,"href":"https:\/\/www.europesays.com\/de\/wp-json\/wp\/v2\/categories?post=508634"},{"taxonomy":"post_tag","embeddable":true,"href":"https:\/\/www.europesays.com\/de\/wp-json\/wp\/v2\/tags?post=508634"}],"curies":[{"name":"wp","href":"https:\/\/api.w.org\/{rel}","templated":true}]}}