{"id":508714,"date":"2025-10-18T15:53:13","date_gmt":"2025-10-18T15:53:13","guid":{"rendered":"https:\/\/www.europesays.com\/de\/508714\/"},"modified":"2025-10-18T15:53:13","modified_gmt":"2025-10-18T15:53:13","slug":"suessigkeiten-rueckruf-bei-lidl-verletzungsgefahr-bei-butterwaffeln","status":"publish","type":"post","link":"https:\/\/www.europesays.com\/de\/508714\/","title":{"rendered":"S\u00fc\u00dfigkeiten-R\u00fcckruf bei Lidl: Verletzungsgefahr bei Butterwaffeln"},"content":{"rendered":"<p>Metallk\u00f6rper <\/p>\n<p>S\u00fc\u00dfigkeiten-R\u00fcckruf bei Lidl: Verletzungsgefahr<\/p>\n<p>18.10.2025 &#8211; 16:50 UhrLesedauer: 1 Min.<\/p>\n<p><a href=\"#focus-0\" class=\"transition-colors duration-200 block text-current relative\" data-sctrack=\"FocusGalleryImage.Reference\"><img fetchpriority=\"high\" data-testid=\"Opener.Image\" style=\"--lqipURL:url('https:\/\/images.t-online.de\/2025\/10\/nAqUohxhUiTS\/162x0:3676x2068\/fit-in\/150x0\/filters:blur(25)\/11-102025-xmohx-wirtschaft-einzelhandel-emwir-v-l-logo-schriftzug-werbung-supermarkt-discounter-lidl-firmenschild-unternehmenslogo-lidl-marke-illingen-11-10-2025-xmohx-economy-retail-emwir-v-l-logo-lettering-advertising-supermarket-discounter-lidl-company-sign-company-logo-lidl-brand-illingen.jpg')\"   loading=\"eager\" src=\"https:\/\/www.europesays.com\/de\/wp-content\/uploads\/2025\/10\/11-102025-xmohx-wirtschaft-einzelhandel-emwir-v-l-logo-schriftzug-werbung-supermarkt-discounter-lidl.jpeg\" alt=\"imago images 1067705255\" title=\"imago images 1067705255\" width=\"3676\" height=\"2068\" class=\"bg-[url:var(--lqipURL)] bg-cover bg-center flex h-full w-full max-w-full\" decoding=\"async\"\/><img style=\"--width:32;--height:32\" loading=\"lazy\" src=\"https:\/\/www.t-online.de\/s\/paper\/_next\/static\/media\/zoom-in.f7dae02f.svg\" alt=\"Vergr\u00f6\u00dfern des Bildes\" title=\"Vergr\u00f6\u00dfern des Bildes\" class=\"block h-[calc(var(--height)_\/_16_*_1rem)] w-[calc(var(--width)_\/_16_*_1rem)] max-w-none absolute bottom-8 right-8 rounded-4 bg-snow p-8\" decoding=\"async\"\/><\/a><\/p>\n<p>Lidl: In einem Geb\u00e4ck k\u00f6nnen sich Metallk\u00f6rper befinden. (Quelle: IMAGO\/Steven Mohr\/imago)<\/p>\n<p class=\"font-bold text-18 leading-17\">Lidl ruft in mehreren Bundesl\u00e4ndern Butterwaffeln wegen m\u00f6glicher Metallk\u00f6rper zur\u00fcck. Die Produkte stellen beim Verzehr eine Verletzungsgefahr dar.<\/p>\n<p class=\"text-18 leading-17\"><a class=\"transition-colors duration-200 cursor-pointer text-inherit no-underline text-salemsfur md:hover:text-magenta md:hover:border-magenta md:focus:text-magenta border-current border-b border-solid break-words\" href=\"https:\/\/www.t-online.de\/themen\/lidl\/\" data-sctrack=\"BodyAnchor\" rel=\"nofollow noopener\" target=\"_blank\">Lidl<\/a> informiert aktuell \u00fcber den R\u00fcckruf seiner Butterwaffeln mit Sirup. Laut dem niederl\u00e4ndischen Lieferanten der Waffeln &#8222;Biscuit international&#8220; k\u00f6nnen sich in dem Geb\u00e4ck Metallfremdk\u00f6rper befinden. Es besteht eine Verletzungsgefahr beim Verzehr, erkl\u00e4rt Lidl auf seiner Internetseite.<\/p>\n<p class=\"text-18 leading-17\">Betroffen von dem R\u00fcckruf sind<\/p>\n<p class=\"text-18 leading-17\">Von dem R\u00fcckruf sind ausschlie\u00dflich Produkte mit dem genannten <a class=\"transition-colors duration-200 cursor-pointer text-inherit no-underline text-salemsfur md:hover:text-magenta md:hover:border-magenta md:focus:text-magenta border-current border-b border-solid break-words\" href=\"https:\/\/www.t-online.de\/leben\/essen-und-trinken\/id_21673208\/mindesthaltbarkeitsdatum-diese-abgelaufenen-produkte-sind-noch-essbar.html\" data-sctrack=\"BodyAnchor\" rel=\"nofollow noopener\" target=\"_blank\">Mindesthaltbarkeitsdatum<\/a> betroffen. Andere Butterwaffeln oder Produkte der Marke &#8222;Sondey&#8220; k\u00f6nnen weiterhin bedenkenlos verzehrt werden, erkl\u00e4rt Lidl.<\/p>\n<p class=\"text-18 leading-17\">Wie das offizielle Portal des Bundesamtes f\u00fcr Verbraucherschutz und Lebensmittelsicherheit (BVL) &#8222;Lebensmittelwarnung.de&#8220; berichtet, werden die Butterwaffeln mit Sirup in<\/p>\n<p class=\"text-18 leading-17\">Verbraucher, die das betroffene Produkt gekauft haben, sollten es nicht mehr verzehren. Stattdessen k\u00f6nnen sie es in eine Lidl-Filiale zur\u00fcckbringen. Der Kaufpreis wird ihnen dann auch ohne Kaufbeleg erstattet. Lidl bittet zudem Verbraucher darum, Personen, von denen bekannt ist, dass sie das Produkt gekauft haben oder verzehren, ebenfalls \u00fcber den R\u00fcckruf zu informieren.<\/p>\n<p class=\"text-18 leading-17\">Besorgte Verbraucher k\u00f6nnen sich bei weiteren Fragen an die Lidl-Kundenhotline unter 00800 5435 5435 wenden.<\/p>\n<p class=\"text-18 leading-17\">Werden die Metallk\u00f6rper verzehrt, kann es zu Verletzungen im Mundraum, Rachen, der Speiser\u00f6hre und dem Magen-Darm-Trakt kommen. Wer nach dem Verzehr entsprechende Schmerzen versp\u00fcrt oder gar blutigen Speichel hat, sollte umgehend einen Arzt aufsuchen.<\/p>\n","protected":false},"excerpt":{"rendered":"Metallk\u00f6rper S\u00fc\u00dfigkeiten-R\u00fcckruf bei Lidl: Verletzungsgefahr 18.10.2025 &#8211; 16:50 UhrLesedauer: 1 Min. Lidl: In einem Geb\u00e4ck k\u00f6nnen sich Metallk\u00f6rper&hellip;\n","protected":false},"author":2,"featured_media":508715,"comment_status":"","ping_status":"","sticky":false,"template":"","format":"standard","meta":{"footnotes":""},"categories":[134],"tags":[175,126800,170,169,29,11300,30,171,174,126799,405,126801,173,172,48439,64827,11093],"class_list":{"0":"post-508714","1":"post","2":"type-post","3":"status-publish","4":"format-standard","5":"has-post-thumbnail","7":"category-unternehmen-maerkte","8":"tag-business","9":"tag-butterwaffel","10":"tag-companies","11":"tag-companies-markets","12":"tag-deutschland","13":"tag-gebaeck","14":"tag-germany","15":"tag-markets","16":"tag-maerkte","17":"tag-metallkoerper","18":"tag-rueckruf","19":"tag-sirup","20":"tag-unternehmen","21":"tag-unternehmen-maerkte","22":"tag-verletzungsgefahr","23":"tag-verzehr","24":"tag-waffeln"},"share_on_mastodon":{"url":"https:\/\/pubeurope.com\/@de\/115395979869520895","error":""},"_links":{"self":[{"href":"https:\/\/www.europesays.com\/de\/wp-json\/wp\/v2\/posts\/508714","targetHints":{"allow":["GET"]}}],"collection":[{"href":"https:\/\/www.europesays.com\/de\/wp-json\/wp\/v2\/posts"}],"about":[{"href":"https:\/\/www.europesays.com\/de\/wp-json\/wp\/v2\/types\/post"}],"author":[{"embeddable":true,"href":"https:\/\/www.europesays.com\/de\/wp-json\/wp\/v2\/users\/2"}],"replies":[{"embeddable":true,"href":"https:\/\/www.europesays.com\/de\/wp-json\/wp\/v2\/comments?post=508714"}],"version-history":[{"count":0,"href":"https:\/\/www.europesays.com\/de\/wp-json\/wp\/v2\/posts\/508714\/revisions"}],"wp:featuredmedia":[{"embeddable":true,"href":"https:\/\/www.europesays.com\/de\/wp-json\/wp\/v2\/media\/508715"}],"wp:attachment":[{"href":"https:\/\/www.europesays.com\/de\/wp-json\/wp\/v2\/media?parent=508714"}],"wp:term":[{"taxonomy":"category","embeddable":true,"href":"https:\/\/www.europesays.com\/de\/wp-json\/wp\/v2\/categories?post=508714"},{"taxonomy":"post_tag","embeddable":true,"href":"https:\/\/www.europesays.com\/de\/wp-json\/wp\/v2\/tags?post=508714"}],"curies":[{"name":"wp","href":"https:\/\/api.w.org\/{rel}","templated":true}]}}