{"id":508716,"date":"2025-10-18T15:54:14","date_gmt":"2025-10-18T15:54:14","guid":{"rendered":"https:\/\/www.europesays.com\/de\/508716\/"},"modified":"2025-10-18T15:54:14","modified_gmt":"2025-10-18T15:54:14","slug":"wie-laura-loomer-jagd-auf-trump-skeptiker-macht","status":"publish","type":"post","link":"https:\/\/www.europesays.com\/de\/508716\/","title":{"rendered":"Wie Laura Loomer Jagd auf Trump-Skeptiker macht"},"content":{"rendered":"<p>            <img loading=\"lazy\" decoding=\"async\" class=\"ts-image\" src=\"https:\/\/www.europesays.com\/de\/wp-content\/uploads\/2025\/10\/laura-loomer-102.jpg\" alt=\"Laura Loomer.\" title=\"Laura Loomer. | AP\"\/><\/p>\n<p class=\"metatextline\">Stand: 18.10.2025 15:10 Uhr<\/p>\n<p class=\"textabsatz columns twelve  m-ten  m-offset-one l-eight l-offset-two\">\n        <strong>Laura Loomer macht Jagd auf alle, die sie f\u00fcr nicht loyal genug gegen\u00fcber US-Pr\u00e4sident Trump h\u00e4lt. Dabei hat sie keine offizielle Rolle in dessen Administration &#8211; und galt vor Kurzem noch als verr\u00fcckte Randfigur.<\/strong>\n    <\/p>\n<p>                                        <a class=\"authorline__link\" href=\"https:\/\/www.tagesschau.de\/korrespondenten\/korrespondent-ts-732.html\" rel=\"nofollow noopener\" target=\"_blank\"><br \/>\n                                            <img decoding=\"async\" class=\"authorline__img\" alt=\"Carsten K\u00fchntopp\" src=\"https:\/\/www.europesays.com\/de\/wp-content\/uploads\/2025\/09\/kuehntopp-100.jpg\"\/><br \/>\n                                        <\/a><\/p>\n<p class=\"textabsatz m-ten m-offset-one l-eight l-offset-two columns twelve\">Sie nennt sie ihre &#8222;Skalpe&#8220;: ehemalige Mitglieder der US-Regierung, die ihren Job deswegen verloren, weil Laura Loomer das wollte. Ihre Arbeit funktioniert so: Loomer gr\u00e4bt sich durch die Vergangenheit von Regierungsbesch\u00e4ftigten. Wenn sie auf etwas &#8222;Verd\u00e4chtiges&#8220; st\u00f6\u00dft, informiert sie deren Vorgesetzte. Und wenn die einen &#8222;Verd\u00e4chtigen&#8220; daraufhin nicht entlassen, ruft sie bei Pr\u00e4sident Donald Trump an.<\/p>\n<p class=\"textabsatz m-ten m-offset-one l-eight l-offset-two columns twelve\">Gefeuert werden, so sagte sie es k\u00fcrzlich in einem Podcast, m\u00fcsse jeder, dessen unbedingte Loyalit\u00e4t zum Pr\u00e4sidenten in Frage stehe. Das gelte zum Beispiel f\u00fcr diejenigen, die auch schon in der Regierung von Pr\u00e4sident Joe Biden gearbeitet h\u00e4tten. Diese Menschen dienten wahrscheinlich nicht den Interessen der USA oder der Agenda Trumps, so Loomer.<\/p>\n<p>    Entscheidende Rolle bei Rauswurf von Mike Waltz<\/p>\n<p class=\"textabsatz m-ten m-offset-one l-eight l-offset-two columns twelve\">Man sch\u00e4tzt, dass Loomer bis jetzt 25 &#8222;Skalpe&#8220; hat &#8211; mindestens. Einige Beobachter rechnen mit einer wesentlich h\u00f6heren Dunkelziffer.<\/p>\n<p class=\"textabsatz m-ten m-offset-one l-eight l-offset-two columns twelve\">Eine entscheidende Rolle spielte Loomer zum Beispiel beim Rauswurf des damaligen Nationalen Sicherheitsberaters Mike Waltz im Fr\u00fchling. Bei ihren Recherchen war sie auf ein Video aus dem Jahr 2016 gesto\u00dfen. Darin \u00fcbt Waltz deutliche Kritik an Trump. Ein weiterer bekannter &#8222;Skalp&#8220; war der von General Timothy D. Haugh, Chef des Cyber-Kommandos der Armee und Direktor der NSA, des gr\u00f6\u00dften Auslandsgeheimdienstes der USA.<\/p>\n<p class=\"textabsatz m-ten m-offset-one l-eight l-offset-two columns twelve\">Alle verloren ihre Jobs, weil Loomer sie f\u00fcr illoyal hielt: nicht gegen\u00fcber der Verfassung, sondern gegen\u00fcber dem Pr\u00e4sidenten. Was sie macht, nennt sie &#8222;to loomer somebody&#8220;, jemanden zu &#8222;loomern&#8220;.<\/p>\n<p>    Trump als Ideologie<\/p>\n<p class=\"textabsatz m-ten m-offset-one l-eight l-offset-two columns twelve\">Loomers einzige Ideologie hei\u00dfe &#8222;Trump&#8220;, sagt David Gilbert, der f\u00fcr das Magazin Wired Online-Extremismus beobachtet. Sie werde von einem einzigen Prinzip geleitet:<\/p>\n<blockquote class=\"zitat\">\n<p>\n                    Dass Donald Trump der gr\u00f6\u00dfte Pr\u00e4sident in der Geschichte der Vereinigten Staaten ist. Sie liebt ihn bedingungslos. Deshalb sagt sie alles, von dem sie glaubt, dass Trump es gefallen wird und dass Trump es h\u00f6ren will.<\/p>\n<\/blockquote>\n<p class=\"textabsatz m-ten m-offset-one l-eight l-offset-two columns twelve\">\u00d6ffentliche Kritik am Pr\u00e4sidenten unterl\u00e4uft Loomer praktisch nie. Wenn ihr etwas nicht passt, richtet sie ihren Zorn stattdessen gegen Regierungsmitglieder.<\/p>\n<p>    Ein erster Haarriss?<\/p>\n<p class=\"textabsatz m-ten m-offset-one l-eight l-offset-two columns twelve\">So erst k\u00fcrzlich, nachdem Verteidigungsminister Pete Hegseth bekanntgegeben hatte, dass Katar k\u00fcnftig einen Luftwaffenst\u00fctzpunkt in Idaho nutzen werde, um seine Kampfpiloten zu trainieren.<\/p>\n<p class=\"textabsatz m-ten m-offset-one l-eight l-offset-two columns twelve\">In mehreren Online-Botschaften ging Loomer Hegseth deswegen frontal an. Das Pentagon bef\u00f6rdere die &#8222;Islamisierung&#8220; der USA. Katar werde jetzt &#8222;Dschihadisten&#8220; auf dem St\u00fctzpunkt haben, die dann Amerikaner &#8222;abschlachteten&#8220;. Schlie\u00dflich stelle Loomer die rhetorische Frage, ob auf der Milit\u00e4rbasis k\u00fcnftig der muslimische Gebetsruf zu h\u00f6ren sein werde.<\/p>\n<p class=\"textabsatz m-ten m-offset-one l-eight l-offset-two columns twelve\">Ihre Schlussfolgerung: Bei der Zwischenwahl im kommenden Jahr werde sie vielleicht nicht wieder f\u00fcr republikanische Kandidaten stimmen. Ein Bruch mit Trump war das l\u00e4ngst noch nicht, aber ein erster Haarriss in ihrer bedingungslosen Treue zu dessen Administration.<\/p>\n<p>    &#8222;Extremistischer Troll&#8220; als &#8222;Freundin&#8220; Trumps<\/p>\n<p class=\"textabsatz m-ten m-offset-one l-eight l-offset-two columns twelve\">Die 32-J\u00e4hrige nennt sich Investigativjournalistin und kommt aus Florida. Zweimal versuchte sie, in den Kongress gew\u00e4hlt zu werden. Vor wenigen Jahren noch, bevor sie den Sprung auf die nationale B\u00fchne schaffte, galt sie als durchgeknallte Randfigur, als jemand, die tief in den Fiebers\u00fcmpfen ultra-rechter Online-Fanatiker lebte und wie diese versuchte, mit besonders absurden Verschw\u00f6rungserz\u00e4hlungen Klicks zu bekommen und so Geld zu verdienen.<\/p>\n<p class=\"textabsatz m-ten m-offset-one l-eight l-offset-two columns twelve\">Jetzt geht sie im Wei\u00dfen Haus ein und aus und darf den Pr\u00e4sidenten an Bord von Air Force One begleiten. Trump m\u00f6ge sie, sagt Loomer, sie habe &#8222;eine Freundschaft&#8220; mit ihm. Der Pr\u00e4sident hat \u00f6ffentlich \u00fcber sie unter anderem gesagt, sie sei eine Patriotin und eine &#8222;sehr nette Person&#8220;.<\/p>\n<p class=\"textabsatz m-ten m-offset-one l-eight l-offset-two columns twelve\">Das Magazin The Atlantic nannte sie k\u00fcrzlich einen &#8222;extremistischen Troll&#8220; und eine &#8222;Provokateurin&#8220;; Laura Loomer sei der &#8222;McCarthy der Trump-\u00c4ra&#8220;. In den 1950er-Jahren veranstaltete der republikanische Senator Joseph McCarthy aus Wisconsin eine beispiellose Hexenjagd auf Kommunisten, echte wie angebliche, und auf die, denen er &#8222;un-amerikanische Aktivit\u00e4ten&#8220; vorwarf. Seine Anschuldigungen ruinierten Leben, selbst wenn die Vorw\u00fcrfe jeder Grundlage entbehrten und McCarthys Opfer gegen kein Gesetz versto\u00dfen hatten.<\/p>\n<p>    Zeichen f\u00fcr die Ver\u00e4nderung der Republikaner<\/p>\n<p class=\"textabsatz m-ten m-offset-one l-eight l-offset-two columns twelve\">Viele Online-Plattformen sperrten Loomer schon vor Jahren wegen ihrer Hassbotschaften. Selbst die Fahrdienstleister Uber und Lyft sperrten sie, denn Loomer hatte erkl\u00e4rt, sie wolle nicht von Muslimen gefahren werden. Auf X darf sie hingegen wieder aktiv sein, seit Tech-Milliard\u00e4r Elon Musk das Unternehmen kaufte.<\/p>\n<p class=\"textabsatz m-ten m-offset-one l-eight l-offset-two columns twelve\">Die Weltsicht von Loomer und die der Republikanischen Partei \u00e4hnelten sich mittlerweile, sagt der Wired-Journalist Gilbert. Nicht, weil Loomer sich ver\u00e4ndert habe, sondern die Partei.<\/p>\n<p class=\"textabsatz m-ten m-offset-one l-eight l-offset-two columns twelve\">&#8222;Es ist mir unergr\u00fcndlich, dass jemand, der auf X widerliche, extremistische, hasserf\u00fcllte Tiraden, Verschw\u00f6rungserz\u00e4hlungen und grundlose Anschuldigungen verbreitet, einer der Menschen ist, die den meisten Einfluss darauf haben, wer im Wei\u00dfen Haus arbeitet und welche Politik Trump macht&#8220;, sagt Gilbert.<\/p>\n<p class=\"textabsatz m-ten m-offset-one l-eight l-offset-two columns twelve\">Dabei hat Loomer keinen offiziellen Job in der Regierung &#8211; und noch nicht einmal eine Pressekarte des Wei\u00dfen Hauses.<\/p>\n","protected":false},"excerpt":{"rendered":"Stand: 18.10.2025 15:10 Uhr Laura Loomer macht Jagd auf alle, die sie f\u00fcr nicht loyal genug gegen\u00fcber US-Pr\u00e4sident&hellip;\n","protected":false},"author":2,"featured_media":508717,"comment_status":"","ping_status":"","sticky":false,"template":"","format":"standard","meta":{"footnotes":""},"categories":[3],"tags":[13,126802,68040,14,15,12,10,8,9,11,113,64,103,104],"class_list":{"0":"post-508716","1":"post","2":"type-post","3":"status-publish","4":"format-standard","5":"has-post-thumbnail","7":"category-welt","8":"tag-headlines","9":"tag-loomer","10":"tag-maga","11":"tag-nachrichten","12":"tag-news","13":"tag-schlagzeilen","14":"tag-top-news","15":"tag-top-meldungen","16":"tag-topmeldungen","17":"tag-topnews","18":"tag-trump","19":"tag-usa","20":"tag-welt","21":"tag-world"},"share_on_mastodon":{"url":"https:\/\/pubeurope.com\/@de\/115395983333142207","error":""},"_links":{"self":[{"href":"https:\/\/www.europesays.com\/de\/wp-json\/wp\/v2\/posts\/508716","targetHints":{"allow":["GET"]}}],"collection":[{"href":"https:\/\/www.europesays.com\/de\/wp-json\/wp\/v2\/posts"}],"about":[{"href":"https:\/\/www.europesays.com\/de\/wp-json\/wp\/v2\/types\/post"}],"author":[{"embeddable":true,"href":"https:\/\/www.europesays.com\/de\/wp-json\/wp\/v2\/users\/2"}],"replies":[{"embeddable":true,"href":"https:\/\/www.europesays.com\/de\/wp-json\/wp\/v2\/comments?post=508716"}],"version-history":[{"count":0,"href":"https:\/\/www.europesays.com\/de\/wp-json\/wp\/v2\/posts\/508716\/revisions"}],"wp:featuredmedia":[{"embeddable":true,"href":"https:\/\/www.europesays.com\/de\/wp-json\/wp\/v2\/media\/508717"}],"wp:attachment":[{"href":"https:\/\/www.europesays.com\/de\/wp-json\/wp\/v2\/media?parent=508716"}],"wp:term":[{"taxonomy":"category","embeddable":true,"href":"https:\/\/www.europesays.com\/de\/wp-json\/wp\/v2\/categories?post=508716"},{"taxonomy":"post_tag","embeddable":true,"href":"https:\/\/www.europesays.com\/de\/wp-json\/wp\/v2\/tags?post=508716"}],"curies":[{"name":"wp","href":"https:\/\/api.w.org\/{rel}","templated":true}]}}