{"id":508720,"date":"2025-10-18T15:56:16","date_gmt":"2025-10-18T15:56:16","guid":{"rendered":"https:\/\/www.europesays.com\/de\/508720\/"},"modified":"2025-10-18T15:56:16","modified_gmt":"2025-10-18T15:56:16","slug":"fc-bayern-dran-marc-guehi-wird-crystal-palace-verlassen","status":"publish","type":"post","link":"https:\/\/www.europesays.com\/de\/508720\/","title":{"rendered":"FC Bayern dran: Marc Gu\u00e9hi wird Crystal Palace verlassen"},"content":{"rendered":"<p>Palace-Vertrag l\u00e4uft aus\u00a0<\/p>\n<p>                                    <img decoding=\"async\" src=\"https:\/\/www.europesays.com\/de\/wp-content\/uploads\/2025\/10\/marc-guehi-oliver-glasner-crystal-palace-1756891040-176614.jpg\" title=\"FC Bayern dran: Marc Gu\u00e9hi wird Crystal Palace verlassen\" alt=\"FC Bayern dran: Marc Gu\u00e9hi wird Crystal Palace verlassen\"\/><\/p>\n<p>\n                                       \u00a9IMAGO\n                                    <\/p>\n<p>Im vergangenen Sommer stand <a title=\"Marc Gu\u00e9hi\" href=\"https:\/\/www.transfermarkt.de\/marc-guehi\/profil\/spieler\/392757\" rel=\"nofollow noopener\" target=\"_blank\">Marc Gu\u00e9hi<\/a> kurz vor einem Wechsel von <a href=\"https:\/\/www.transfermarkt.de\/crystal-palace\/startseite\/verein\/873\" rel=\"nofollow noopener\" target=\"_blank\">Crystal Palace<\/a> zum <a title=\"FC Liverpool\" href=\"https:\/\/www.transfermarkt.de\/fc-liverpool\/startseite\/verein\/31\" target=\"_blank\" rel=\"nofollow noopener\">FC Liverpool<\/a>, blieb letztlich aber doch. Dass dies vor allem am Veto seines aktuellen Arbeitgebers lag, ist ein offenes Geheimnis. Sp\u00e4testens im kommenden Sommer hat der <a title=\"Premier League\" href=\"https:\/\/www.transfermarkt.de\/premier-league\/startseite\/wettbewerb\/GB1\" target=\"_blank\" rel=\"nofollow noopener\">Premier-League<\/a>-Klub aufgrund des auslaufenden Vertrages aber kein Mitspracherecht mehr. Ein Abgang am Saisonende ist laut Erfolgstrainer <a title=\"Oliver Glasner\" href=\"https:\/\/www.transfermarkt.de\/oliver-glasner\/profil\/trainer\/22891\" target=\"_blank\" rel=\"nofollow noopener\">Oliver Glasner<\/a> mehr oder weniger beschlossene Sache.<\/p>\n<p><\/p>\n<p>\u201eMarc hat uns bereits mitgeteilt, dass er keinen neuen Vertrag unterschreiben und daher n\u00e4chstes Jahr gehen wird. Wir wollten, dass er bleibt, und boten ihm einen neuen Vertrag an. Aber er sagte: \u201aNein, ich will etwas anderes machen.\u2018 Und das ist dann auch normal\u201c, erkl\u00e4rte der 51-J\u00e4hrige auf der Pressekonferenz vor dem Spiel gegen den <a href=\"https:\/\/www.transfermarkt.de\/afc-bournemouth\/startseite\/verein\/989\" rel=\"nofollow noopener\" target=\"_blank\">AFC Bournemouth<\/a> am Samstag (16 Uhr).<\/p>\n<p><\/p>\n<p>Noch im September, kurz nach dem gescheiterten Wechsel, hatte Glasner seinen Sch\u00fctzling f\u00fcr dessen Reaktion gelobt. Gu\u00e9hi habe die Situation \u201esehr gut gemeistert\u201c. Er und die Palace-Verantwortlichen h\u00e4tten am Deadline Day gesprochen, als sich der Innenverteidiger schon als Liverpool-Profi w\u00e4hnte. Seine starke Leistung f\u00fcr die englische Nationalmannschaft habe dann gezeigt, dass er die Entt\u00e4uschung gut verkraftet. \u201eEr wird unser Kapit\u00e4n sein, solange er hier ist, denn er ist ein gro\u00dfartiger Spieler und hat eine tolle Pers\u00f6nlichkeit.\u201c<\/p>\n<p><\/p>\n<p>Aufgrund des Interesses im Sommer und der guten Leistungen zum Saisonstart ging es f\u00fcr Gu\u00e9hi im <a href=\"https:\/\/www.transfermarkt.de\/marktwerte-premier-league-woltemade-grosster-gewinner-wirtz-fallt-auf-level-von-olise\/view\/news\/461764\" target=\"_blank\" rel=\"nofollow noopener\">Marktwert-Update der Premier League<\/a> am Freitag von 45 Millionen auf 50 Millionen Euro nach oben. Einen h\u00f6heren Marktwert hatte der 25-J\u00e4hrige, der im Sommer 2021 f\u00fcr 23,3 Mio. Euro vom FC Chelsea verpflichtet wurde, noch nie in seiner Karriere. Sollte er diesen Wert bis zum Saisonende halten, avanciert er im n\u00e4chsten Jahr zu einem der f\u00fcnf wertvollsten Transfers zum Nulltarif in der Historie.<\/p>\n<p>FC Bayern interessiert: Gu\u00e9hi-Transfer h\u00e4ngt auch an Upamecano<\/p>\n<p>Wohin es geht, ist dabei noch offen. Der FC Liverpool hat trotz Investitionen von 483 Mio. Euro weiter Bedarf im Abwehrzentrum, doch auch der <a title=\"FC Bayern M\u00fcnchen\" href=\"https:\/\/www.transfermarkt.de\/fc-bayern-m-nchen\/startseite\/verein\/27\" target=\"_blank\" rel=\"nofollow noopener\">FC Bayern<\/a> wurde zuletzt als Interessent genannt. In M\u00fcnchen w\u00e4re Gu\u00e9hi vor allem dann eine Option, sollte <a title=\"Dayot Upamecano\" href=\"https:\/\/www.transfermarkt.de\/dayot-upamecano\/profil\/spieler\/344695\" rel=\"nofollow noopener\" target=\"_blank\">Dayot Upamecano<\/a> seinerseits den auslaufenden Vertrag nicht verl\u00e4ngern. \u201eDas ist f\u00fcr uns das gro\u00dfe Thema: Die Upa-Verl\u00e4ngerung. Das ist das, was bei uns \u00fcber allem steht\u201c, sagte Sportvorstand <a title=\"Max Eberl\" href=\"https:\/\/www.transfermarkt.de\/max-eberl\/profil\/trainer\/6343\" rel=\"nofollow noopener\" target=\"_blank\">Max Eberl<\/a> vor dem Bundesliga-Kracher gegen Borussia Dortmund am Freitag.<\/p>\n<p>\n    <a class=\"bbcodesLink\" href=\"https:\/\/www.transfermarkt.de\/wechselt-marc-guehi-zu-fc-bayern-munchen-\/thread\/forum\/154\/thread_id\/1080502\" rel=\"nofollow noopener\" target=\"_blank\"><\/p>\n<tr>\n<p>                        Ger\u00fccht<\/p>\n<\/tr>\n<tr class=\"contentzeile\">\n<td class=\"spielerbild\" rowspan=\"2\">\n                        <img decoding=\"async\" src=\"https:\/\/www.europesays.com\/de\/wp-content\/uploads\/2025\/10\/392757-1683030598.jpg\" title=\"Marc Gu\u00e9hi\" alt=\"Marc Gu\u00e9hi\" class=\"\"\/>                    <\/td>\n<td class=\"spielername\">\n                        <a title=\"Marc Gu\u00e9hi\" href=\"https:\/\/www.transfermarkt.de\/marc-guehi\/profil\/spieler\/392757\" rel=\"nofollow noopener\" target=\"_blank\">M. Gu\u00e9hi<\/a>                    <\/td>\n<td class=\"vereinswappen\" rowspan=\"2\">\n                        <img decoding=\"async\" src=\"https:\/\/www.europesays.com\/de\/wp-content\/uploads\/2025\/10\/873.png\" title=\"Crystal Palace\" alt=\"Crystal Palace\" class=\"\"\/>                    <\/td>\n<td class=\"c2action\" rowspan=\"2\"><\/td>\n<\/tr>\n<tr class=\"contentzeile\">\n<td class=\"position\">\n                        Innenverteidiger                    <\/td>\n<\/tr>\n<tr class=\"contentZeileSpielerGK\">\n<td colspan=\"4\">\n<tr>\n<td class=\"vereinsname\">\n                                    Crystal Palace                                <\/td>\n<td class=\"vereinswappen\" rowspan=\"2\">\n                                    <img decoding=\"async\" src=\"https:\/\/www.europesays.com\/de\/wp-content\/uploads\/2025\/10\/873.png\" title=\"Crystal Palace\" alt=\"Crystal Palace\" class=\"\"\/>                                <\/td>\n<td class=\"wahrscheinlichkeit-auf\" rowspan=\"2\">\n<p>\u00a0<\/p>\n<p>                                        35                                        %\n                                                                        <\/td>\n<td class=\"vereinswappen\" rowspan=\"2\">\n                                    <img decoding=\"async\" src=\"https:\/\/www.europesays.com\/de\/wp-content\/uploads\/2025\/04\/27.png\" title=\"FC Bayern M\u00fcnchen\" alt=\"FC Bayern M\u00fcnchen\" class=\"\"\/>                                <\/td>\n<td class=\"vereinsname\">\n                                    Bayern M\u00fcnchen                                <\/td>\n<\/tr>\n<tr>\n<td>\n                                    Premier League                                <\/td>\n<td>\n                                    Bundesliga                                <\/td>\n<\/tr>\n<\/td>\n<\/tr>\n<p>    <\/a>\n<\/p>\n<p><\/p>\n","protected":false},"excerpt":{"rendered":"Palace-Vertrag l\u00e4uft aus\u00a0 \u00a9IMAGO Im vergangenen Sommer stand Marc Gu\u00e9hi kurz vor einem Wechsel von Crystal Palace zum&hellip;\n","protected":false},"author":2,"featured_media":508721,"comment_status":"","ping_status":"","sticky":false,"template":"","format":"standard","meta":{"footnotes":""},"categories":[5],"tags":[299,26429,458,954,13,112182,14,15,13644,957,12,10,8,9,11],"class_list":{"0":"post-508720","1":"post","2":"type-post","3":"status-publish","4":"format-standard","5":"has-post-thumbnail","7":"category-nachrichten","8":"tag-bundesliga","9":"tag-crystal-palace","10":"tag-fc-bayern-muenchen","11":"tag-fc-liverpool","12":"tag-headlines","13":"tag-marc-guehi","14":"tag-nachrichten","15":"tag-news","16":"tag-oliver-glasner","17":"tag-premier-league","18":"tag-schlagzeilen","19":"tag-top-news","20":"tag-top-meldungen","21":"tag-topmeldungen","22":"tag-topnews"},"share_on_mastodon":{"url":"https:\/\/pubeurope.com\/@de\/115395991086217251","error":""},"_links":{"self":[{"href":"https:\/\/www.europesays.com\/de\/wp-json\/wp\/v2\/posts\/508720","targetHints":{"allow":["GET"]}}],"collection":[{"href":"https:\/\/www.europesays.com\/de\/wp-json\/wp\/v2\/posts"}],"about":[{"href":"https:\/\/www.europesays.com\/de\/wp-json\/wp\/v2\/types\/post"}],"author":[{"embeddable":true,"href":"https:\/\/www.europesays.com\/de\/wp-json\/wp\/v2\/users\/2"}],"replies":[{"embeddable":true,"href":"https:\/\/www.europesays.com\/de\/wp-json\/wp\/v2\/comments?post=508720"}],"version-history":[{"count":0,"href":"https:\/\/www.europesays.com\/de\/wp-json\/wp\/v2\/posts\/508720\/revisions"}],"wp:featuredmedia":[{"embeddable":true,"href":"https:\/\/www.europesays.com\/de\/wp-json\/wp\/v2\/media\/508721"}],"wp:attachment":[{"href":"https:\/\/www.europesays.com\/de\/wp-json\/wp\/v2\/media?parent=508720"}],"wp:term":[{"taxonomy":"category","embeddable":true,"href":"https:\/\/www.europesays.com\/de\/wp-json\/wp\/v2\/categories?post=508720"},{"taxonomy":"post_tag","embeddable":true,"href":"https:\/\/www.europesays.com\/de\/wp-json\/wp\/v2\/tags?post=508720"}],"curies":[{"name":"wp","href":"https:\/\/api.w.org\/{rel}","templated":true}]}}