{"id":508745,"date":"2025-10-18T16:09:10","date_gmt":"2025-10-18T16:09:10","guid":{"rendered":"https:\/\/www.europesays.com\/de\/508745\/"},"modified":"2025-10-18T16:09:10","modified_gmt":"2025-10-18T16:09:10","slug":"und-leben-de-rom-wallfahrt-des-bistums-muenster-mehr-als-3-000-menschen-feiern-abschluss","status":"publish","type":"post","link":"https:\/\/www.europesays.com\/de\/508745\/","title":{"rendered":"und-Leben.de &#8211; Rom-Wallfahrt des Bistums M\u00fcnster: Mehr als 3.000 Menschen feiern Abschluss"},"content":{"rendered":"<p class=\"vorspann\">Mit einem gro\u00dfen Firm- und Abschlussgottesdienst endete die Pilgerfahrt der Di\u00f6zese M\u00fcnster. Mittendrin waren 600 Firmlinge aus dem Bistum.<\/p>\n<p>\u201eDa ber\u00fchren sich Himmel und Erde\u201c \u2013 treffender h\u00e4tte man das erste Lied des gro\u00dfen Firm- und Abschlussgottesdienstes der Rom-<a href=\"https:\/\/www.kirche-und-leben.de\/themen\/themenbereich\/wallfahrt\" target=\"_blank\" title=\"Mehr \u00fcber Wallfahrten\" rel=\"noopener\">Wallfahrt<\/a> des <a href=\"https:\/\/www.kirche-und-leben.de\/themen\/themenbereich\/tag-bistum-muenster\" target=\"_blank\" title=\"Mehr \u00fcber das Bistum M\u00fcnster\" rel=\"noopener\">Bistums M\u00fcnster<\/a> kaum ausgew\u00e4hlen k\u00f6nnen. Mehr als 3.000 <a href=\"https:\/\/www.kirche-und-leben.de\/themen\/themenbereich\/pilgern\" target=\"_blank\" title=\"Mehr \u00fcber Pilgern\" rel=\"noopener\">Pilgerinnen und Pilger<\/a>, darunter 600 Firmlinge, feierten in der <a href=\"https:\/\/www.kirche-und-leben.de\/themen\/themenbereich\/basilika\" target=\"_blank\" title=\"Mehr \u00fcber Basiliken\" rel=\"noopener\">Basilika<\/a> Sankt Paul vor den Mauern die rundum gelungene Woche in der Ewigen Stadt.<\/p>\n<p>\u201eEine wundervolle Verbindung, die sich hier auftut. In M\u00fcnster haben wir den <a href=\"https:\/\/www.kirche-und-leben.de\/themen\/themenbereich\/paulusdom\" target=\"_blank\" title=\"Mehr \u00fcber den Paulusdom\" rel=\"noopener\">Paulusdom<\/a>, die Mutterkirche des Bistums, und jetzt feiern wir am\u2026<\/p>\n","protected":false},"excerpt":{"rendered":"Mit einem gro\u00dfen Firm- und Abschlussgottesdienst endete die Pilgerfahrt der Di\u00f6zese M\u00fcnster. Mittendrin waren 600 Firmlinge aus dem&hellip;\n","protected":false},"author":2,"featured_media":508746,"comment_status":"","ping_status":"","sticky":false,"template":"","format":"standard","meta":{"footnotes":""},"categories":[1843],"tags":[3364,29,30,16393,8970,1209],"class_list":{"0":"post-508745","1":"post","2":"type-post","3":"status-publish","4":"format-standard","5":"has-post-thumbnail","7":"category-muenster","8":"tag-de","9":"tag-deutschland","10":"tag-germany","11":"tag-kirche-und-leben-netz","12":"tag-muenster","13":"tag-nordrhein-westfalen"},"share_on_mastodon":{"url":"https:\/\/pubeurope.com\/@de\/115396042094391432","error":""},"_links":{"self":[{"href":"https:\/\/www.europesays.com\/de\/wp-json\/wp\/v2\/posts\/508745","targetHints":{"allow":["GET"]}}],"collection":[{"href":"https:\/\/www.europesays.com\/de\/wp-json\/wp\/v2\/posts"}],"about":[{"href":"https:\/\/www.europesays.com\/de\/wp-json\/wp\/v2\/types\/post"}],"author":[{"embeddable":true,"href":"https:\/\/www.europesays.com\/de\/wp-json\/wp\/v2\/users\/2"}],"replies":[{"embeddable":true,"href":"https:\/\/www.europesays.com\/de\/wp-json\/wp\/v2\/comments?post=508745"}],"version-history":[{"count":0,"href":"https:\/\/www.europesays.com\/de\/wp-json\/wp\/v2\/posts\/508745\/revisions"}],"wp:featuredmedia":[{"embeddable":true,"href":"https:\/\/www.europesays.com\/de\/wp-json\/wp\/v2\/media\/508746"}],"wp:attachment":[{"href":"https:\/\/www.europesays.com\/de\/wp-json\/wp\/v2\/media?parent=508745"}],"wp:term":[{"taxonomy":"category","embeddable":true,"href":"https:\/\/www.europesays.com\/de\/wp-json\/wp\/v2\/categories?post=508745"},{"taxonomy":"post_tag","embeddable":true,"href":"https:\/\/www.europesays.com\/de\/wp-json\/wp\/v2\/tags?post=508745"}],"curies":[{"name":"wp","href":"https:\/\/api.w.org\/{rel}","templated":true}]}}