{"id":508750,"date":"2025-10-18T16:12:15","date_gmt":"2025-10-18T16:12:15","guid":{"rendered":"https:\/\/www.europesays.com\/de\/508750\/"},"modified":"2025-10-18T16:12:15","modified_gmt":"2025-10-18T16:12:15","slug":"geiles-spiel-fans-des-sc-paderborn-feiern-den-derby-sieg-gegen-arminia-bielefeld","status":"publish","type":"post","link":"https:\/\/www.europesays.com\/de\/508750\/","title":{"rendered":"\u201eGeiles Spiel\u201c \u2013 Fans des SC Paderborn feiern den Derby-Sieg gegen Arminia Bielefeld"},"content":{"rendered":"<p id=\"absatz1\" class=\"em_text\">Paderborn. SC Paderborn gegen Arminia Bielefeld \u2013 ein verr\u00fccktes OWL-Derby haben die 15.000 Fu\u00dfballfans, die am Samstagmittag in der ausverkauften Home-Deluxe-Arena mitfieberten, gesehen. W\u00e4hrend in der ersten H\u00e4lfte die G\u00e4ste aus dem nur rund 50 Kilometer entfernten Bielefeld dominierten, konnte der SC Paderborn das Spiel nach der Halbzeit drehen. Der SCP holt sich mit einem 4:3 den Derbysieg und euphorisiert damit seine Fans.<\/p>\n<p class=\"basetext\">\u201eVerdient gewonnen\u201c \u2013 da sind sich die SCP-Fans nach dem Spiel gegen den DSC Arminia Bielefeld einig. \u201eDas Ergebnis mal au\u00dfen vor, ein geiles Spiel f\u00fcr jeden Fu\u00dfball-Fan\u201c, lautet das Fazit eines anderen Fans. Allesamt sind sie zufrieden mit der Leistung des Teams von Trainer Ralf Kettemann. Obwohl die G\u00e4ste aus Bielefeld am Anfang noch dominierten.    <\/p>\n<p>            <a href=\"https:\/\/www.europesays.com\/de\/wp-content\/uploads\/2025\/10\/251018-1756-653900668.jpg\" class=\"nw-article-image\" title=\"Nach dem Derby-Sieg gegen Arminia Bielefeld tr\u00e4umen die Fans des SC Paderborn weiter vom Aufstieg in die erste Bundesliga.\" data-glightbox=\"type: image; description: Nach dem Derby-Sieg gegen Arminia Bielefeld tr\u00e4umen die Fans des SC Paderborn weiter vom Aufstieg in die erste Bundesliga.\"><br \/>\n                <img decoding=\"async\" src=\"https:\/\/www.europesays.com\/de\/wp-content\/uploads\/2025\/10\/251018-1756-653900668.jpg\" class=\"nw-img-fluid nw-w-full nw-lazy nw-rounded-t-md\" alt=\"Nach dem Derby-Sieg gegen Arminia Bielefeld tr\u00e4umen die Fans des SC Paderborn weiter vom Aufstieg in die erste Bundesliga. | \u00a9 Video Screenshot\/Pauline Maus\" data-format=\"16:9\"\/><br \/>\n            <\/a><\/p>\n<p>                    Nach dem Derby-Sieg gegen Arminia Bielefeld tr\u00e4umen die Fans des SC Paderborn weiter vom Aufstieg in die erste Bundesliga.<br \/>\n                                            | \u00a9 Video Screenshot\/Pauline Maus<\/p>\n<p>\n        \u00d7\n    <\/p>\n<p>\n            Sie erhalten in wenigen Minuten eine E-Mail zur Best\u00e4tigung Ihrer Anmeldung.\n        <\/p>\n<p>Erst danach ist diese abgeschlossen.<\/p>\n<p>Bitte pr\u00fcfen Sie auch den Spam-Ordner.<\/p>\n<p>\n        \u00d7\n    <\/p>\n<p>\n            Sie haben bisher Ihre E-Mail-Adresse noch nicht best\u00e4tigt.\n        <\/p>\n<p>Erst danach ist diese abgeschlossen.<\/p>\n<p>Bitte pr\u00fcfen Sie auch den Spam-Ordner.<\/p>\n<p>\n        \u00d7\n    <\/p>\n<p>\n            Es ist einen Fehler aufgetreten\n        <\/p>\n<p>Bei Fragen hilft unser Newsletter-Support<\/p>\n<p> Newsletter<\/p>\n<p> SC Paderborn 07<\/p>\n<p>W\u00f6chentlich alle News rund um den SC Paderborn.<\/p>\n<p>                Jetzt anmelden<\/p>\n<p id=\"absatz4\" class=\"basetext\">Der Sieg euphorisiert und l\u00e4sst die SCP-Fans weiter vom Aufstieg tr\u00e4umen: \u201eWir hoffen, dass wir weiterhin oben mitspielen k\u00f6nnen.\u201c Denn nicht f\u00fcr jeden war die Erfolgsserie der Paderborner absehbar: \u201eAm Anfang der Saison h\u00e4tte man das nicht erwartet.\u201c<\/p>\n<p id=\"absatz5\"><b class=\"bold\">Mehr zum Thema:<\/b> <a href=\"https:\/\/www.nw.de\/sport\/sc_paderborn_07\/24196188_SC-Paderborn-gewinnt-ein-verruecktes-OWL-Derby-gegen-Arminia-Bielefeld.html\" target=\"_blank\" rel=\"noopener\">Der Spielbericht zum Heimsieg des SC Paderborn gegen Arminia Bielefeld<\/a> <\/p>\n","protected":false},"excerpt":{"rendered":"Paderborn. SC Paderborn gegen Arminia Bielefeld \u2013 ein verr\u00fccktes OWL-Derby haben die 15.000 Fu\u00dfballfans, die am Samstagmittag in&hellip;\n","protected":false},"author":2,"featured_media":508751,"comment_status":"","ping_status":"","sticky":false,"template":"","format":"standard","meta":{"footnotes":""},"categories":[1841],"tags":[2368,1605,126805,3364,29,30,731,732,2379,729,9310,1608,733,10124,23971,736,15355,737,1209,22059,727,3135,15351],"class_list":{"0":"post-508750","1":"post","2":"type-post","3":"status-publish","4":"format-standard","5":"has-post-thumbnail","7":"category-bielefeld","8":"tag-arminia-bielefeld","9":"tag-bielefeld","10":"tag-cnt_video-aufmacher","11":"tag-de","12":"tag-deutschland","13":"tag-germany","14":"tag-label_cm-ok","15":"tag-label_frei","16":"tag-label_push","17":"tag-label_s-50","18":"tag-label_social","19":"tag-label_top-news","20":"tag-label_unterhalte-mich","21":"tag-label_video","22":"tag-meta_artikelklasse_video","23":"tag-meta_copyrights_nw","24":"tag-meta_themen_sc_paderborn","25":"tag-meta_userneeds_lenkeab","26":"tag-nordrhein-westfalen","27":"tag-owl","28":"tag-paderborn","29":"tag-sc-paderborn","30":"tag-scp"},"share_on_mastodon":{"url":"https:\/\/pubeurope.com\/@de\/115396054365628822","error":""},"_links":{"self":[{"href":"https:\/\/www.europesays.com\/de\/wp-json\/wp\/v2\/posts\/508750","targetHints":{"allow":["GET"]}}],"collection":[{"href":"https:\/\/www.europesays.com\/de\/wp-json\/wp\/v2\/posts"}],"about":[{"href":"https:\/\/www.europesays.com\/de\/wp-json\/wp\/v2\/types\/post"}],"author":[{"embeddable":true,"href":"https:\/\/www.europesays.com\/de\/wp-json\/wp\/v2\/users\/2"}],"replies":[{"embeddable":true,"href":"https:\/\/www.europesays.com\/de\/wp-json\/wp\/v2\/comments?post=508750"}],"version-history":[{"count":0,"href":"https:\/\/www.europesays.com\/de\/wp-json\/wp\/v2\/posts\/508750\/revisions"}],"wp:featuredmedia":[{"embeddable":true,"href":"https:\/\/www.europesays.com\/de\/wp-json\/wp\/v2\/media\/508751"}],"wp:attachment":[{"href":"https:\/\/www.europesays.com\/de\/wp-json\/wp\/v2\/media?parent=508750"}],"wp:term":[{"taxonomy":"category","embeddable":true,"href":"https:\/\/www.europesays.com\/de\/wp-json\/wp\/v2\/categories?post=508750"},{"taxonomy":"post_tag","embeddable":true,"href":"https:\/\/www.europesays.com\/de\/wp-json\/wp\/v2\/tags?post=508750"}],"curies":[{"name":"wp","href":"https:\/\/api.w.org\/{rel}","templated":true}]}}