{"id":508755,"date":"2025-10-18T16:15:17","date_gmt":"2025-10-18T16:15:17","guid":{"rendered":"https:\/\/www.europesays.com\/de\/508755\/"},"modified":"2025-10-18T16:15:17","modified_gmt":"2025-10-18T16:15:17","slug":"video-rundgang-mittelaltermarkt-in-castrop-rauxel-2025","status":"publish","type":"post","link":"https:\/\/www.europesays.com\/de\/508755\/","title":{"rendered":"Video-Rundgang: Mittelaltermarkt in Castrop-Rauxel 2025"},"content":{"rendered":"<p>\t\tSchwertk\u00e4mpfe, Met und Musik<br \/>\n\t\t\t\t\tVideo-Rundgang \u00fcber den Mittelaltermarkt in Castrop-Rauxel<\/p>\n<p>    <a href=\"https:\/\/www.ruhrnachrichten.de\/wp-content\/uploads\/2025\/10\/18\/15\/630_0900_5191578_-1648x824.jpg\" target=\"_blank\" rel=\"noopener\"><\/p>\n<p>            <img loading=\"lazy\" decoding=\"async\" src=\"https:\/\/www.europesays.com\/de\/wp-content\/uploads\/2025\/10\/630_0900_5191574_-640x426.jpg\" width=\"640\" height=\"426\"  alt=\"Ein Mann in mittelalterlicher Kleidung steht vor einem Verkaufsstand mit Flaschen.\"\/><\/p>\n<p>    <\/a><br \/>\n    Ein H\u00e4ndler auf dem Mittelaltermarkt in Castrop-Rauxel pr\u00e4sentiert seine Auswahl an Beerenweinen stilecht im Gewand vor seinem Stand auf dem Marktplatz. \u00a9 Paula Jansen<\/p>\n<p class=\"article__teaser-text\">Der Marktplatz wird wieder zur B\u00fchne f\u00fcr Ritter, Gaukler und Musiker. Im Video zeigen wir, was Besucherinnen und Besucher beim Mittelaltermarkt 2025 erwartet.<\/p>\n<p>1 Min Lesezeit<\/p>\n","protected":false},"excerpt":{"rendered":"Schwertk\u00e4mpfe, Met und Musik Video-Rundgang \u00fcber den Mittelaltermarkt in Castrop-Rauxel Ein H\u00e4ndler auf dem Mittelaltermarkt in Castrop-Rauxel pr\u00e4sentiert&hellip;\n","protected":false},"author":2,"featured_media":508756,"comment_status":"","ping_status":"","sticky":false,"template":"","format":"standard","meta":{"footnotes":""},"categories":[1839],"tags":[7507,3364,29,30,7639,1209,6185],"class_list":{"0":"post-508755","1":"post","2":"type-post","3":"status-publish","4":"format-standard","5":"has-post-thumbnail","7":"category-bochum","8":"tag-bochum","9":"tag-de","10":"tag-deutschland","11":"tag-germany","12":"tag-mittelaltermarkt","13":"tag-nordrhein-westfalen","14":"tag-veranstaltungen-kultur"},"share_on_mastodon":{"url":"https:\/\/pubeurope.com\/@de\/115396066355753871","error":""},"_links":{"self":[{"href":"https:\/\/www.europesays.com\/de\/wp-json\/wp\/v2\/posts\/508755","targetHints":{"allow":["GET"]}}],"collection":[{"href":"https:\/\/www.europesays.com\/de\/wp-json\/wp\/v2\/posts"}],"about":[{"href":"https:\/\/www.europesays.com\/de\/wp-json\/wp\/v2\/types\/post"}],"author":[{"embeddable":true,"href":"https:\/\/www.europesays.com\/de\/wp-json\/wp\/v2\/users\/2"}],"replies":[{"embeddable":true,"href":"https:\/\/www.europesays.com\/de\/wp-json\/wp\/v2\/comments?post=508755"}],"version-history":[{"count":0,"href":"https:\/\/www.europesays.com\/de\/wp-json\/wp\/v2\/posts\/508755\/revisions"}],"wp:featuredmedia":[{"embeddable":true,"href":"https:\/\/www.europesays.com\/de\/wp-json\/wp\/v2\/media\/508756"}],"wp:attachment":[{"href":"https:\/\/www.europesays.com\/de\/wp-json\/wp\/v2\/media?parent=508755"}],"wp:term":[{"taxonomy":"category","embeddable":true,"href":"https:\/\/www.europesays.com\/de\/wp-json\/wp\/v2\/categories?post=508755"},{"taxonomy":"post_tag","embeddable":true,"href":"https:\/\/www.europesays.com\/de\/wp-json\/wp\/v2\/tags?post=508755"}],"curies":[{"name":"wp","href":"https:\/\/api.w.org\/{rel}","templated":true}]}}