{"id":5088,"date":"2025-04-03T13:10:19","date_gmt":"2025-04-03T13:10:19","guid":{"rendered":"https:\/\/www.europesays.com\/de\/5088\/"},"modified":"2025-04-03T13:10:19","modified_gmt":"2025-04-03T13:10:19","slug":"dortmund-airport-startet-2025-mit-passagierplus-nachrichten-aus-kamen-auf-kamenweb-de","status":"publish","type":"post","link":"https:\/\/www.europesays.com\/de\/5088\/","title":{"rendered":"Dortmund Airport startet 2025 mit Passagierplus | Nachrichten aus Kamen auf KamenWeb.de"},"content":{"rendered":"<p>Rund 677.000 Reisende im 1.Quartal<\/p>\n<p style=\"text-align: justify;\"><strong>Dortmund.<\/strong> Der Dortmund Airport ist mit Schwung in das Jahr 2025 gestartet: Im ersten Quartal verzeichnete der Ruhrgebietsflughafen einen Anstieg der Passagierzahlen auf 676.987 Flugg\u00e4ste. Verglichen mit dem Vorjahr entspricht das einem Zuwachs von mehr als 40.000 Reisenden und einem Plus von rund 6,5 Prozent. Die Anzahl der Starts und Landungen stieg im Vergleichszeitraum ebenfalls von 7385 auf 8163 Flugbewegungen an.<\/p>\n<p style=\"text-align: justify;\">Die Verkehrszahlen der ersten drei Monate lagen nicht nur im Quartalsvergleich, sondern auch in den Einzelmonaten \u00fcber den Vorjahreswerten. Mit mehr als 24.000 zus\u00e4tzlichen Passagieren stieg die Zahl der Flugg\u00e4ste im Februar um 12,5 Prozent \u2013 besonders hervorzuheben, da der Februar 2024 aufgrund des Schaltjahres einen zus\u00e4tzlichen Verkehrstag hatte. Im M\u00e4rz z\u00e4hlte der Flughafen insgesamt fast 237.000 Reisende, was den Monat zum passagierst\u00e4rksten im ersten Quartal macht. Wetterbedingte Flugausf\u00e4lle im Januar sowie ein eint\u00e4giger Warnstreik der Gewerkschaft ver.di, bei dem der Flugverkehr vollst\u00e4ndig zum Erliegen kam, wirkten sich nachteilig auf die Entwicklungen aus.<\/p>\n<p style=\"text-align: justify;\">Der Passagierzuwachs verschafft dem Airport R\u00fcckenwind, dennoch werden die kommenden Monate herausfordernd. \u201eIm ersten Quartal haben wir an die Top-Werte von 2024 angekn\u00fcpft und ein hervorragendes Ergebnis erzielt. Seit Beginn des Sommerflugplans sind allerdings der R\u00fcckzug von Ryanair und die Reduzierung des Destinationsangebots bei Eurowings in Kraft getreten. Das wird unser Wachstum in den kommenden Monaten ausbremsen\u201c, erkl\u00e4rt Flughafengesch\u00e4ftsf\u00fchrer Ludger van Bebber. Dennoch bleibt er zuversichtlich, dass \u201edie neuen Strecken und Frequenzsteigerungen von Wizz Air, Pegasus und Condor helfen, den Passagieren weiterhin ein attraktives Streckennetz anzubieten und das Passagierniveau stabil zu halten\u201c. Ludger van Bebber betont, dass die Bem\u00fchungen weiterhin darauf ausgerichtet sind, das verlorene Volumen zeitnah vollst\u00e4ndig auszugleichen.<\/p>\n","protected":false},"excerpt":{"rendered":"Rund 677.000 Reisende im 1.Quartal Dortmund. Der Dortmund Airport ist mit Schwung in das Jahr 2025 gestartet: Im&hellip;\n","protected":false},"author":2,"featured_media":5089,"comment_status":"","ping_status":"","sticky":false,"template":"","format":"standard","meta":{"footnotes":""},"categories":[1833],"tags":[4473,3364,29,217,30,1209,4474],"class_list":{"0":"post-5088","1":"post","2":"type-post","3":"status-publish","4":"format-standard","5":"has-post-thumbnail","7":"category-dortmund","8":"tag-airport","9":"tag-de","10":"tag-deutschland","11":"tag-dortmund","12":"tag-germany","13":"tag-nordrhein-westfalen","14":"tag-passagierplus"},"share_on_mastodon":{"url":"https:\/\/pubeurope.com\/@de\/114274200779711310","error":""},"_links":{"self":[{"href":"https:\/\/www.europesays.com\/de\/wp-json\/wp\/v2\/posts\/5088","targetHints":{"allow":["GET"]}}],"collection":[{"href":"https:\/\/www.europesays.com\/de\/wp-json\/wp\/v2\/posts"}],"about":[{"href":"https:\/\/www.europesays.com\/de\/wp-json\/wp\/v2\/types\/post"}],"author":[{"embeddable":true,"href":"https:\/\/www.europesays.com\/de\/wp-json\/wp\/v2\/users\/2"}],"replies":[{"embeddable":true,"href":"https:\/\/www.europesays.com\/de\/wp-json\/wp\/v2\/comments?post=5088"}],"version-history":[{"count":0,"href":"https:\/\/www.europesays.com\/de\/wp-json\/wp\/v2\/posts\/5088\/revisions"}],"wp:featuredmedia":[{"embeddable":true,"href":"https:\/\/www.europesays.com\/de\/wp-json\/wp\/v2\/media\/5089"}],"wp:attachment":[{"href":"https:\/\/www.europesays.com\/de\/wp-json\/wp\/v2\/media?parent=5088"}],"wp:term":[{"taxonomy":"category","embeddable":true,"href":"https:\/\/www.europesays.com\/de\/wp-json\/wp\/v2\/categories?post=5088"},{"taxonomy":"post_tag","embeddable":true,"href":"https:\/\/www.europesays.com\/de\/wp-json\/wp\/v2\/tags?post=5088"}],"curies":[{"name":"wp","href":"https:\/\/api.w.org\/{rel}","templated":true}]}}