{"id":508812,"date":"2025-10-18T16:47:10","date_gmt":"2025-10-18T16:47:10","guid":{"rendered":"https:\/\/www.europesays.com\/de\/508812\/"},"modified":"2025-10-18T16:47:10","modified_gmt":"2025-10-18T16:47:10","slug":"heimsieg-fuer-sc-wiedenbrueck-gegen-fortuna-duesseldorf-u23","status":"publish","type":"post","link":"https:\/\/www.europesays.com\/de\/508812\/","title":{"rendered":"Heimsieg f\u00fcr SC Wiedenbr\u00fcck gegen Fortuna D\u00fcsseldorf U23"},"content":{"rendered":"<p>                                Spielinfos:<br \/>\nDatum &amp; Uhrzeit: 18.10.2025 14.00 Uhr<br \/>Austragungsort: Rheda-Wiedenbr\u00fcck<br \/>Wettbewerb: Regionalliga West<br \/>Spieltag: 12<\/p>\n<p>Spielbericht: SC Wiedenbr\u00fcck gegen Fortuna D\u00fcsseldorf U23 5:2 (1:2)<\/p>\n<p id=\"absatz2\" class=\"em_text\">Rheda-Wiedenbr\u00fcck. B\u00f6ses Erwachen im Rheda-Wiedenbr\u00fccker Jahnstadion: Nach einem souver\u00e4nen Start wendet sich das Blatt f\u00fcr die D\u00fcsseldorfer G\u00e4ste zum Vorteil des SC Wiedenbr\u00fcck. Schiedsrichter Florian Visse langweilt sich sicher nicht. Insgesamt sechs Karten inklusive eines Platzverweises kommen in dieser chaotischen Partie zum Einsatz.<\/p>\n<p id=\"absatz4\" class=\"em_text\">Die G\u00e4ste legen schnell vor. Dank Mechak Quiala Tito liegt das Team bereits in Minute sieben vorne. Das zweite Tor l\u00e4sst nicht lange auf sich warten: Diesmal setzt Simon Nhu Thong Vu die Kugel ins Netz. Wiedenbr\u00fcck ist zwei Tore im R\u00fcckstand. Doch dann wendet sich das Blatt: Sebastian Mai startet zum Gegenangriff, schie\u00dft und trifft (33). Der Beginn eines wunderbaren Comebacks. Innerhalb der n\u00e4chsten 47 Minuten legt das Team von Sascha M\u00f6lders nach und locht drei weitere Male ein (47, 71, 80). Es steht 4:2 f\u00fcr den SC Wiedenbr\u00fcck.<\/p>\n<p id=\"absatz5\" class=\"em_text\">In den letzten Minuten versuchen beide Teams durch Auswechslung nochmal frische Impulse zu setzen. Finn Cramer ersetzt Davud Tuma und Elia Sch\u00fctte f\u00fcr Sebastian Mai. Auf der Gastseite springen Marius Zentler f\u00fcr Maksym Len und Conor David T\u00f6nnies f\u00fcr Deniz Bindemann ein.<\/p>\n<p id=\"absatz6\" class=\"em_text\">Dem Rheda-Wiedenbr\u00fccker Team bietet sich in der Nachspielzeit eine letzte Chance, dem Gegner noch einen zu verpassen. Matvey Obolkin kann in der ersten Minute der Nachspielzeit erfolgreich abschlie\u00dfen. Der SC Wiedenbr\u00fcck verl\u00e4sst das Spielfeld als triumphierender Sieger dieses Duells (91). Platz 15 geh\u00f6rt ihnen.<\/p>\n<p>Die Aufstellungen: SC Wiedenbr\u00fcck &#8211; Fortuna D\u00fcsseldorf U23<br \/>\nSC Wiedenbr\u00fcck: Joschka Kroll (30), Aday Ercan (43), Joel Udelhoven (4), Marlon Lak\u00e4mper (7), Daniel Sanchez Ruiz Diaz (33), Marcel H\u00f6lscher (1), Sebastian Mai (9), Davud Tuma (27), Nikola Aracic (26), Benjamin Friesen (22), Vigo Wernet (8)<br \/>Fortuna D\u00fcsseldorf U23: Leonard August Brodersen (2), Deniz Bindemann (26), Mechak Quiala Tito (9), Simon Nhu Thong Vu (24), Karim Affo (28), Maksym Len (21), Tobias Pascal Pawelczyk (1), Leo Mirgartz (17), Lennart Garlipp (11), Elias Aboulguie Egouli (4), Noah F\u00f6rster (5)<br \/>Schiedsrichter: Florian Visse<\/p>\n<p id=\"absatz7\" class=\"em_text\">Assistent: Henry Schr\u00f6der<\/p>\n<p id=\"absatz8\" class=\"em_text\">Assistent: Philip Roedig<\/p>\n<p id=\"absatz9\" class=\"em_text\" style=\"font-size: .8em;\">Die Inhalte dieses Berichts wurden automatisch auf der Basis von DFB-Daten zusammengestellt.<\/p>\n","protected":false},"excerpt":{"rendered":"Spielinfos: Datum &amp; Uhrzeit: 18.10.2025 14.00 UhrAustragungsort: Rheda-Wiedenbr\u00fcckWettbewerb: Regionalliga WestSpieltag: 12 Spielbericht: SC Wiedenbr\u00fcck gegen Fortuna D\u00fcsseldorf U23&hellip;\n","protected":false},"author":2,"featured_media":508813,"comment_status":"","ping_status":"","sticky":false,"template":"","format":"standard","meta":{"footnotes":""},"categories":[1831],"tags":[75971,3364,28754,29,3405,126809,16429,5282,30,15873,19502,117254,734,7774,1613,1209,3459,50818,55711,34429,126810,7772,7773,126811,7765,75972],"class_list":{"0":"post-508812","1":"post","2":"type-post","3":"status-publish","4":"format-standard","5":"has-post-thumbnail","7":"category-duesseldorf","8":"tag-davud-tuma","9":"tag-de","10":"tag-deniz-bindemann","11":"tag-deutschland","12":"tag-duesseldorf","13":"tag-florian-visse","14":"tag-fortuna-dsseldorf-u23","15":"tag-fuball","16":"tag-germany","17":"tag-heimsieg","18":"tag-jahnstadion","19":"tag-maksym-len","20":"tag-meta_artikelklasse_nachricht","21":"tag-meta_themen_sport","22":"tag-meta_userneeds_informieremich","23":"tag-nordrhein-westfalen","24":"tag-regionalliga","25":"tag-rheda","26":"tag-rheda-wiedenbrck","27":"tag-sc-wiedenbrck","28":"tag-sebastian-mai","29":"tag-serie_ligaid_290008","30":"tag-serie_ligaid_all","31":"tag-simon-nhu","32":"tag-spielinfo","33":"tag-wiedenbrck"},"share_on_mastodon":{"url":"https:\/\/pubeurope.com\/@de\/115396191516869781","error":""},"_links":{"self":[{"href":"https:\/\/www.europesays.com\/de\/wp-json\/wp\/v2\/posts\/508812","targetHints":{"allow":["GET"]}}],"collection":[{"href":"https:\/\/www.europesays.com\/de\/wp-json\/wp\/v2\/posts"}],"about":[{"href":"https:\/\/www.europesays.com\/de\/wp-json\/wp\/v2\/types\/post"}],"author":[{"embeddable":true,"href":"https:\/\/www.europesays.com\/de\/wp-json\/wp\/v2\/users\/2"}],"replies":[{"embeddable":true,"href":"https:\/\/www.europesays.com\/de\/wp-json\/wp\/v2\/comments?post=508812"}],"version-history":[{"count":0,"href":"https:\/\/www.europesays.com\/de\/wp-json\/wp\/v2\/posts\/508812\/revisions"}],"wp:featuredmedia":[{"embeddable":true,"href":"https:\/\/www.europesays.com\/de\/wp-json\/wp\/v2\/media\/508813"}],"wp:attachment":[{"href":"https:\/\/www.europesays.com\/de\/wp-json\/wp\/v2\/media?parent=508812"}],"wp:term":[{"taxonomy":"category","embeddable":true,"href":"https:\/\/www.europesays.com\/de\/wp-json\/wp\/v2\/categories?post=508812"},{"taxonomy":"post_tag","embeddable":true,"href":"https:\/\/www.europesays.com\/de\/wp-json\/wp\/v2\/tags?post=508812"}],"curies":[{"name":"wp","href":"https:\/\/api.w.org\/{rel}","templated":true}]}}