{"id":508815,"date":"2025-10-18T16:49:16","date_gmt":"2025-10-18T16:49:16","guid":{"rendered":"https:\/\/www.europesays.com\/de\/508815\/"},"modified":"2025-10-18T16:49:16","modified_gmt":"2025-10-18T16:49:16","slug":"vfb-stuttgart-in-wolfsburg-lasst-halt-mal-immer-so-spielen-fans-feiern-souveraenes-30","status":"publish","type":"post","link":"https:\/\/www.europesays.com\/de\/508815\/","title":{"rendered":"VfB Stuttgart in Wolfsburg: \u201eLasst halt mal immer so spielen\u201c \u2013 Fans feiern souver\u00e4nes 3:0"},"content":{"rendered":"<p>\t\t\t\t\t\t\t\t\t\t\t\t\t\t\t\t\t\t\t\t\t\t\t\t\t\t\t\t      \t\t            \t\t             \t\t\t\t   \t\t\t\t\t   <img decoding=\"async\" id=\"article-image\" fetchpriority=\"high\" alt=\"VfB Stuttgart in Wolfsburg: \u201eLasst halt mal immer so spielen\u201c \u2013 Fans feiern souver\u00e4nes 3:0\" title=\"VfB Stuttgart in Wolfsburg: \u201eLasst halt mal immer so spielen\u201c \u2013 Fans feiern souver\u00e4nes 3:0\" src=\"https:\/\/www.europesays.com\/de\/wp-content\/uploads\/2025\/10\/media.media.2f85da93-9633-430b-9cf2-c648c5f3972b.16x9_700.jpg\" data-linkto=\"https:\/\/www.stuttgarter-nachrichten.de\/javascript:void(0);\"\/>\t\t\t\t\t\t\t\t\t\t\t\t\t\t\t\t\t\t\t\t\t\t\t\tLorenz Assignon und der VfB sind auf H\u00f6henflug.\u00a0Foto: Baumann\t\t\t<\/p>\n<p>Ein ehemaliger Wolfsburger trifft gegen seinen alten Club, ein in der Nationalmannschaft Verschm\u00e4hter trifft auch \u2013 und was besch\u00e4ftigt die VfB-Fans sonst? Ein Blick ins Netz.<\/p>\n<p>Der <a href=\"https:\/\/www.stuttgarter-nachrichten.de\/thema\/VfB_Stuttgart\" title=\"VfB Stuttgart\" class=\"art_thema\" target=\"_blank\" rel=\"noopener\">VfB Stuttgart<\/a> setzt sich in der Spitzengruppe der Fu\u00dfball-Bundesliga fest. Mit 3:0 gewinnt das Team von Trainer Sebastian Hoene\u00df am 7. Spieltag beim <a href=\"https:\/\/www.stuttgarter-nachrichten.de\/thema\/VfL_Wolfsburg\" title=\"VfL Wolfsburg\" class=\"art_thema\" target=\"_blank\" rel=\"noopener\">VfL Wolfsburg<\/a>. Dementsprechend euphorisch sind die Fans, wie ein Blick auf X zeigt. <\/p>\n<p>Der VfB dominierte die Partie quasi von Beginn an, brauchte aber eine Weile, um den Ball im Kasten der \u201eW\u00f6lfe\u201c unterzubringen. Ausgerechnet der ehemalige Wolfsburger Tiago Tomas markierte das 1:0 (35.). <\/p>\n<p>Demirovic verletzt, Leweling verletzt, Undav noch auf der Bank \u2013 Tomas trifft. Hat der VfB doch kein St\u00fcrmer-Problem? Das fragt dieser Nutzer.<\/p>\n<p><img decoding=\"async\" class=\"meinvfbIcon\" src=\"https:\/\/www.stuttgarter-nachrichten.de\/media.media.0ea35dc3-cd0f-4f5f-9738-e5db772ac229.original.svg\"\/> <\/p>\n<p>Dass Sebastian Hoene\u00df aufgrund der Not in der Offensive mit f\u00fcnf nominellen Verteidigern spielen lie\u00df \u2013 aus Sicht dieses Users eine gute Sache. <\/p>\n<p>Eine Ecke f\u00fchrte zum F\u00fchrungstreffer&#8230;<\/p>\n<p>Zwischenzeitlich stand der VfB in der Blitztabelle auf Rang Zwei. Das blieb vielen Fans nicht verborgen.<\/p>\n<p>Viele Pl\u00e4tze in der Volkswagen-Arena waren leer geblieben, die VfB-Fans hatten akustisch klar die Oberhand \u2013 wie die Mannschaft auf dem Feld. <\/p>\n<p>Nach der Pause legte der VfB z\u00fcgig nach. Ausgerechnet Maxi Mittelst\u00e4dt, der zuletzt f\u00fcr die Nationalmannschaft nicht nominiert worden war, erzielte das 2:0 (55.). <\/p>\n<p>Den Endstand besorgte <a href=\"https:\/\/www.stuttgarter-nachrichten.de\/thema\/Angelo_Stiller\" title=\"Angelo Stiller\" class=\"art_thema\" target=\"_blank\" rel=\"noopener\">Angelo Stiller<\/a> zehn Minuten vor dem Ende der regul\u00e4ren Spielzeit&#8230;<\/p>\n<p>&#8230; nach Traumpass von El Bilal Khannouss. Der Neuzugang scheint in <a href=\"https:\/\/www.stuttgarter-nachrichten.de\/thema\/Stuttgart\" title=\"Stuttgart\" class=\"art_thema\" target=\"_blank\" rel=\"noopener\">Stuttgart<\/a> angekommen. Die Fans haben ihn jedenfalls ins Herz geschlossen. <\/p>\n<p>Berechtigte Frage nach der Partie: <\/p>\n<p>Sonst noch was? <\/p>\n<p>Eine simple Forderung hat dieser Fan nach dem \u00fcberzeugenden Auftritt:<\/p>\n<p>Die VfB-Fans haben Lust auf die kommenden Spiele:<\/p>\n<p>Am Donnerstag steht f\u00fcr den VfB bereits die n\u00e4chste Partie auf dem Plan. In der Europa League tritt der Club aus Cannstatt in Istanbul bei Fenerbahce an. Anpfiff der Partie ist bereits um 18.45 Uhr. <\/p>\n","protected":false},"excerpt":{"rendered":"Lorenz Assignon und der VfB sind auf H\u00f6henflug.\u00a0Foto: Baumann Ein ehemaliger Wolfsburger trifft gegen seinen alten Club, ein&hellip;\n","protected":false},"author":2,"featured_media":508816,"comment_status":"","ping_status":"","sticky":false,"template":"","format":"standard","meta":{"footnotes":""},"categories":[1830],"tags":[126261,3570,1634,3364,29,30,126812,76040,26565,1441,2915,931],"class_list":{"0":"post-508815","1":"post","2":"type-post","3":"status-publish","4":"format-standard","5":"has-post-thumbnail","7":"category-stuttgart","8":"tag-wobvfb","9":"tag-angelo-stiller","10":"tag-baden-wuerttemberg","11":"tag-de","12":"tag-deutschland","13":"tag-germany","14":"tag-maxi-mittelstaedt","15":"tag-netzreaktionen","16":"tag-reaktionen","17":"tag-stuttgart","18":"tag-vfb-stuttgart","19":"tag-vfl-wolfsburg"},"share_on_mastodon":{"url":"https:\/\/pubeurope.com\/@de\/115396200294688849","error":""},"_links":{"self":[{"href":"https:\/\/www.europesays.com\/de\/wp-json\/wp\/v2\/posts\/508815","targetHints":{"allow":["GET"]}}],"collection":[{"href":"https:\/\/www.europesays.com\/de\/wp-json\/wp\/v2\/posts"}],"about":[{"href":"https:\/\/www.europesays.com\/de\/wp-json\/wp\/v2\/types\/post"}],"author":[{"embeddable":true,"href":"https:\/\/www.europesays.com\/de\/wp-json\/wp\/v2\/users\/2"}],"replies":[{"embeddable":true,"href":"https:\/\/www.europesays.com\/de\/wp-json\/wp\/v2\/comments?post=508815"}],"version-history":[{"count":0,"href":"https:\/\/www.europesays.com\/de\/wp-json\/wp\/v2\/posts\/508815\/revisions"}],"wp:featuredmedia":[{"embeddable":true,"href":"https:\/\/www.europesays.com\/de\/wp-json\/wp\/v2\/media\/508816"}],"wp:attachment":[{"href":"https:\/\/www.europesays.com\/de\/wp-json\/wp\/v2\/media?parent=508815"}],"wp:term":[{"taxonomy":"category","embeddable":true,"href":"https:\/\/www.europesays.com\/de\/wp-json\/wp\/v2\/categories?post=508815"},{"taxonomy":"post_tag","embeddable":true,"href":"https:\/\/www.europesays.com\/de\/wp-json\/wp\/v2\/tags?post=508815"}],"curies":[{"name":"wp","href":"https:\/\/api.w.org\/{rel}","templated":true}]}}