{"id":508823,"date":"2025-10-18T16:53:14","date_gmt":"2025-10-18T16:53:14","guid":{"rendered":"https:\/\/www.europesays.com\/de\/508823\/"},"modified":"2025-10-18T16:53:14","modified_gmt":"2025-10-18T16:53:14","slug":"traumtor-von-said-el-mala-1-fc-koeln-rettet-einen-punkt-gegen-augsburg","status":"publish","type":"post","link":"https:\/\/www.europesays.com\/de\/508823\/","title":{"rendered":"Traumtor von Said El Mala: 1. FC K\u00f6ln rettet einen Punkt gegen Augsburg"},"content":{"rendered":"<p class=\"css-1q8kfuz\">&#8222;Fu\u00dfballgott&#8220; Said El Mala hat mit seinem n\u00e4chsten Geniestreich Sandro Wagner ein weiteres Erfolgserlebnis versaut.<\/p>\n<p class=\"css-1cmglxz\">Dank eines Traumtores seines Shootingstars Said El Mala (76.) rettete Aufsteiger <a href=\"https:\/\/www.ran.de\/sports\/teams\/te9\/kader?from=%2Fsports%2Ffussball%2Fbundesliga%2Fteams\" target=\"_blank\" rel=\"noopener\">1. FC K\u00f6ln<\/a> beim 1:1 (0:0) einen Punkt gegen Wagners <a href=\"https:\/\/www.ran.de\/sports\/teams\/te594\/kader?from=%2Fsports%2Ffussball%2Fbundesliga%2Fteams\" target=\"_blank\" rel=\"noopener\">FC Augsburg<\/a>.<\/p>\n<p class=\"css-1cmglxz\">Fabian Rieder (54.) hatte die G\u00e4ste vor 50.000 Zuschauern per Foulelfmeter in F\u00fchrung gebracht, ehe Joker El Mala das ausverkaufte M\u00fcngersdorfer Stadion mit seinem dritten Saisontor zum Beben brachte.<\/p>\n<p class=\"css-1cmglxz\">Die K\u00f6lner von Trainer Lukas Kwasniok finden sich nach sieben Spieltagen mit elf Punkten unter den Top-Teams der Liga wieder, Augsburg blieb nach dem schwachen Saisonstart immerhin im zweiten Spiel in Serie ohne Niederlage.<\/p>\n<p class=\"css-1cmglxz\">Beide Trainer wechselten im Vergleich zu den Siegen vor der L\u00e4nderspielpause einmal. Wagner brachte gegen\u00fcber dem 3:1 gegen den VfL Wolfsburg Anton Kade f\u00fcr Elvis Rexhbecaj, bei K\u00f6ln musste Shootingstar El Mala nach seinem Startelfdeb\u00fct und Solo-Tor in Hoffenheim (1:0) erstmal wieder auf der Bank Platz nehmen.<\/p>\n<p>Kaminski mit Pfostenschuss<\/p>\n<p class=\"css-1cmglxz\">Er wolle den 19-J\u00e4hrigen &#8222;nicht verheizen&#8220;, betonte Kwasniok bei &#8222;DAZN&#8220;. &#8222;Ich hoffe, dass er das Spiel hintenraus entscheiden kann.&#8220;<\/p>\n<p class=\"css-1cmglxz\">Erst einmal sollten es andere richten, beim Einlaufen der Teams waren dennoch alle Kameras auf den Dribbelk\u00fcnstler gerichtet. Die Anfangsphase war gepr\u00e4gt von vielen kleinen Fouls, Kade (5.) und Kapit\u00e4n Karistijan Jakic (20.) sahen bei den G\u00e4sten schon fr\u00fch die Gelbe Karte.<\/p>\n<p class=\"css-1cmglxz\">Chancen waren dadurch Mangelware, die ersten guten Gelegenheiten hatten die K\u00f6lner. Ein schwach getretener Freisto\u00df von El-Mala-Vertreter Luca Waldschmidt aus 17 Metern war leichte Beute f\u00fcr DFB-Neuling Finn Dahmen (22.), Jakub Kaminski weckte das Stadion mit seinem Pfostenschuss dann erstmals so richtig auf (26.).<\/p>\n<p>Wagner warnte: Wir spielen gegen zw\u00f6lf Leute&#8220;<\/p>\n<p class=\"css-1cmglxz\">&#8222;Wir spielen gegen zw\u00f6lf Leute&#8220;, hatte Wagner schon vor der Partie gewarnt &#8211; doch die kurzzeitige Euphorie ebbte schnell wieder ab. Beide Teams agierten ohne echten Mittelst\u00fcrmer, der FCA hatte bis zur Pause nicht einen einzigen gef\u00e4hrlichen Torabschluss. Erst ein Elfmeter brachte nach dem Seitenwechsel Drive ins Spiel: Dominique Heintz lie\u00df gegen Kade das Bein stehen, den f\u00e4lligen Strafsto\u00df verwandelte Rieder sicher.<\/p>\n<p class=\"css-1cmglxz\">Kwasniok reagierte, brachte mit Comebacker Marius B\u00fclter und El Mala (59.) sowie Ragnar Ache und Florian Kainz (74.) reichlich Offensivkr\u00e4fte. Das zahlte sich aus. El Mala setzte den Ball nach einem wundersch\u00f6nen Solo unter die Latte und wurde von den Fans als &#8222;Fu\u00dfballgott&#8220; gefeiert.<\/p>\n","protected":false},"excerpt":{"rendered":"&#8222;Fu\u00dfballgott&#8220; Said El Mala hat mit seinem n\u00e4chsten Geniestreich Sandro Wagner ein weiteres Erfolgserlebnis versaut. Dank eines Traumtores&hellip;\n","protected":false},"author":2,"featured_media":508824,"comment_status":"","ping_status":"","sticky":false,"template":"","format":"standard","meta":{"footnotes":""},"categories":[1828],"tags":[623,299,29,15184,483,347,30,1420,1209,301],"class_list":{"0":"post-508823","1":"post","2":"type-post","3":"status-publish","4":"format-standard","5":"has-post-thumbnail","7":"category-koeln","8":"tag-1-fc-koeln","9":"tag-bundesliga","10":"tag-deutschland","11":"tag-el-mala","12":"tag-fc-augsburg","13":"tag-fussball","14":"tag-germany","15":"tag-koeln","16":"tag-nordrhein-westfalen","17":"tag-spielbericht"},"share_on_mastodon":{"url":"https:\/\/pubeurope.com\/@de\/115396215137290062","error":""},"_links":{"self":[{"href":"https:\/\/www.europesays.com\/de\/wp-json\/wp\/v2\/posts\/508823","targetHints":{"allow":["GET"]}}],"collection":[{"href":"https:\/\/www.europesays.com\/de\/wp-json\/wp\/v2\/posts"}],"about":[{"href":"https:\/\/www.europesays.com\/de\/wp-json\/wp\/v2\/types\/post"}],"author":[{"embeddable":true,"href":"https:\/\/www.europesays.com\/de\/wp-json\/wp\/v2\/users\/2"}],"replies":[{"embeddable":true,"href":"https:\/\/www.europesays.com\/de\/wp-json\/wp\/v2\/comments?post=508823"}],"version-history":[{"count":0,"href":"https:\/\/www.europesays.com\/de\/wp-json\/wp\/v2\/posts\/508823\/revisions"}],"wp:featuredmedia":[{"embeddable":true,"href":"https:\/\/www.europesays.com\/de\/wp-json\/wp\/v2\/media\/508824"}],"wp:attachment":[{"href":"https:\/\/www.europesays.com\/de\/wp-json\/wp\/v2\/media?parent=508823"}],"wp:term":[{"taxonomy":"category","embeddable":true,"href":"https:\/\/www.europesays.com\/de\/wp-json\/wp\/v2\/categories?post=508823"},{"taxonomy":"post_tag","embeddable":true,"href":"https:\/\/www.europesays.com\/de\/wp-json\/wp\/v2\/tags?post=508823"}],"curies":[{"name":"wp","href":"https:\/\/api.w.org\/{rel}","templated":true}]}}