{"id":508834,"date":"2025-10-18T16:59:18","date_gmt":"2025-10-18T16:59:18","guid":{"rendered":"https:\/\/www.europesays.com\/de\/508834\/"},"modified":"2025-10-18T16:59:18","modified_gmt":"2025-10-18T16:59:18","slug":"verletzte-bei-unfall-am-alexanderplatz","status":"publish","type":"post","link":"https:\/\/www.europesays.com\/de\/508834\/","title":{"rendered":"Verletzte bei Unfall am Alexanderplatz"},"content":{"rendered":"<p>Stra\u00dfenbahn und Reisebus verunfallt <\/p>\n<p>Mehrere Verletzte mitten in Berlin<\/p>\n<p>Aktualisiert am 30.09.2025Lesedauer: 1 Min.<\/p>\n<p><img style=\"--width:32;--height:32\" loading=\"lazy\" src=\"https:\/\/www.t-online.de\/s\/paper\/_next\/static\/media\/loading-indicator-video.1f35d8de.svg\" alt=\"Video l\u00e4dt\" title=\"Video l\u00e4dt\" class=\"block h-[calc(var(--height)_\/_16_*_1rem)] w-[calc(var(--width)_\/_16_*_1rem)] max-w-none undefined\" decoding=\"async\"\/>Player wird geladen<\/p>\n<p>Video vom Unfallort: Eine Tram und ein Reisebus sind in Berlin kollidiert. (Quelle: t-online)<\/p>\n<p class=\"font-bold text-18 leading-17\">Nahe dem Berliner Alexanderplatz hat es laut Feuerwehr einen schweren Verkehrsunfall mit einer Stra\u00dfenbahn und einem Reisebus gegeben.<\/p>\n<p class=\"text-18 leading-17\">Bei einem schweren Unfall einer Stra\u00dfenbahn und eines Reisebusses nahe dem Berliner <a class=\"transition-colors duration-200 cursor-pointer text-inherit no-underline text-salemsfur md:hover:text-magenta md:hover:border-magenta md:focus:text-magenta border-current border-b border-solid break-words\" href=\"https:\/\/www.t-online.de\/themen\/alexanderplatz\/\" data-sctrack=\"BodyAnchor\" target=\"_blank\" rel=\"noopener\">Alexanderplatz<\/a> sind mehrere Menschen verletzt worden. Der Fahrer des ansonsten leeren Reisebusses sei schwer verletzt, sagte ein Sprecher der Feuerwehr.<\/p>\n<p class=\"text-18 leading-17\">Mindestens sechs Fahrg\u00e4ste der Stra\u00dfenbahn wurden leicht verletzt. In der Tram sei auch eine Schulklasse mitgefahren, so der Sprecher. Sanit\u00e4ter k\u00fcmmerten sich um die Sch\u00fcler.<\/p>\n<p class=\"text-18 leading-17\">Zun\u00e4chst hatte die Feuerwehr von &#8222;vielen Verletzten&#8220; gesprochen.<\/p>\n<p class=\"text-18 leading-17\">Der Bus, der aus dem europ\u00e4ischen Ausland kam, und die Stra\u00dfenbahn stie\u00dfen auf der Mollstra\u00dfe etwa auf der H\u00f6he der Berolinastra\u00dfe zusammen. Die Tram f\u00e4hrt dort in der Mitte der breiten Stra\u00dfe, die Autos jeweils rechts und links in mehreren Spuren.<\/p>\n<p class=\"text-18 leading-17\">Der Reisebus wurde gegen einen Oberleitungsmast geschoben. Das Triebfahrzeug der Tram ist entgleist.<\/p>\n","protected":false},"excerpt":{"rendered":"Stra\u00dfenbahn und Reisebus verunfallt Mehrere Verletzte mitten in Berlin Aktualisiert am 30.09.2025Lesedauer: 1 Min. Player wird geladen Video&hellip;\n","protected":false},"author":2,"featured_media":508835,"comment_status":"","ping_status":"","sticky":false,"template":"","format":"standard","meta":{"footnotes":""},"categories":[1825],"tags":[1434,1941,1939,9006,296,1937,29,985,30,1940,1938,15356,4900,3793,3260],"class_list":{"0":"post-508834","1":"post","2":"type-post","3":"status-publish","4":"format-standard","5":"has-post-thumbnail","7":"category-berlin","8":"tag-1434","9":"tag-aktuelle-nachrichten-aus-berlin","10":"tag-aktuelle-news-aus-berlin","11":"tag-alexanderplatz","12":"tag-berlin","13":"tag-berlin-news","14":"tag-deutschland","15":"tag-feuerwehr","16":"tag-germany","17":"tag-nachrichten-aus-berlin","18":"tag-news-aus-berlin","19":"tag-reisebus","20":"tag-strassenbahn","21":"tag-unfallstelle","22":"tag-verkehrsunfall"},"share_on_mastodon":{"url":"https:\/\/pubeurope.com\/@de\/115396239359286634","error":""},"_links":{"self":[{"href":"https:\/\/www.europesays.com\/de\/wp-json\/wp\/v2\/posts\/508834","targetHints":{"allow":["GET"]}}],"collection":[{"href":"https:\/\/www.europesays.com\/de\/wp-json\/wp\/v2\/posts"}],"about":[{"href":"https:\/\/www.europesays.com\/de\/wp-json\/wp\/v2\/types\/post"}],"author":[{"embeddable":true,"href":"https:\/\/www.europesays.com\/de\/wp-json\/wp\/v2\/users\/2"}],"replies":[{"embeddable":true,"href":"https:\/\/www.europesays.com\/de\/wp-json\/wp\/v2\/comments?post=508834"}],"version-history":[{"count":0,"href":"https:\/\/www.europesays.com\/de\/wp-json\/wp\/v2\/posts\/508834\/revisions"}],"wp:featuredmedia":[{"embeddable":true,"href":"https:\/\/www.europesays.com\/de\/wp-json\/wp\/v2\/media\/508835"}],"wp:attachment":[{"href":"https:\/\/www.europesays.com\/de\/wp-json\/wp\/v2\/media?parent=508834"}],"wp:term":[{"taxonomy":"category","embeddable":true,"href":"https:\/\/www.europesays.com\/de\/wp-json\/wp\/v2\/categories?post=508834"},{"taxonomy":"post_tag","embeddable":true,"href":"https:\/\/www.europesays.com\/de\/wp-json\/wp\/v2\/tags?post=508834"}],"curies":[{"name":"wp","href":"https:\/\/api.w.org\/{rel}","templated":true}]}}