{"id":508846,"date":"2025-10-18T17:05:19","date_gmt":"2025-10-18T17:05:19","guid":{"rendered":"https:\/\/www.europesays.com\/de\/508846\/"},"modified":"2025-10-18T17:05:19","modified_gmt":"2025-10-18T17:05:19","slug":"gaensehaut-geschichte-ralf-wittig-das-hundertwasser-bild-hat-bei-mir-im-atelier-geweint","status":"publish","type":"post","link":"https:\/\/www.europesays.com\/de\/508846\/","title":{"rendered":"G\u00e4nsehaut-Geschichte &#8211; Ralf Wittig: \u201eDas Hundertwasser-Bild hat bei mir im Atelier geweint\u201c"},"content":{"rendered":"<p>        <img decoding=\"async\" src=\"https:\/\/www.europesays.com\/de\/wp-content\/uploads\/2025\/10\/img-kKgzGufu1WcyWwVR.jpeg\" data-fullscreen-src=\"https:\/\/www.noen.at\/image\/3840x0-jpg\/6078590\/img-kKgzGufu1WcyWwVR.jpeg\" bad-src=\"https:\/\/www.europesays.com\/de\/wp-content\/uploads\/2025\/10\/img-kKgzGufu1WcyWwVR.jpeg\" data-teaser-member=\"image\" alt=\"zwe4225Hundertwasser-996 Les Emanations\"\/><\/p>\n<p>\n                Ralf Wittig im Jahr 2000, als er das Bild von Friedensreich Hundertwasser 996 LES EMANATIONS, 1999 mit Goldauflagen bearbeitet.            <\/p>\n<p>\n                Foto:<br \/>\n                Ralf Wittig\/privat                            <\/p>\n<p>\n        <strong>D<\/strong>er gro\u00dfe \u00f6sterreichische K\u00fcnstler Friedensreich Hundertwasser hatte auch bei Zwettl eine Heimat. Hier lernte ihn Restaurator Ralf Wittig kennen, der bei rund 50 Hundertwasser-Bildern Vergoldungen anbrachte. Doch beim letzten Bild &#8211; nach Hundertwassers Tod &#8211; ist ihm etwas passiert. \u201eDas hat eine Bedeutung\u201c, sagt Wittig.     <\/p>\n<p>In dieser Sache sei er sicher, dass es keine Zuf\u00e4lle gebe, sagt Ralf Wittig beim Treffen mit der N\u00d6N in seinem Atelier in Stift Zwettl. Er sucht in seinem Ordner nach Fotos, dann findet er sie. Darauf sieht man ihn bei der Arbeit an einem Hundertwasser-Bild &#8211; er vergoldet gerade Tr\u00e4nen. Die Aufnahmen stammen vom Juli 2000, wenige Monate, nachdem Friedensreich Hundertwasser an Bord der \u201eQueen Elizabeth 2\u201c vor Brisbane am 19. Februar 2000 verstorben war.<\/p>\n","protected":false},"excerpt":{"rendered":"Ralf Wittig im Jahr 2000, als er das Bild von Friedensreich Hundertwasser 996 LES EMANATIONS, 1999 mit Goldauflagen&hellip;\n","protected":false},"author":2,"featured_media":508847,"comment_status":"","ping_status":"","sticky":false,"template":"","format":"standard","meta":{"footnotes":""},"categories":[1775],"tags":[52280,94004,126814,1793,126816,29,214,6731,30,126815,1794,126813,7014,126817,215],"class_list":{"0":"post-508846","1":"post","2":"type-post","3":"status-publish","4":"format-standard","5":"has-post-thumbnail","7":"category-kunst-und-design","8":"tag-_plus","9":"tag-_slideshow","10":"tag-996-les-emanations-1999","11":"tag-art-and-design","12":"tag-bild-weinte","13":"tag-deutschland","14":"tag-entertainment","15":"tag-friedensreich-hundertwasser","16":"tag-germany","17":"tag-hundertwasser-werkverzeichnis","18":"tag-kunst-und-design","19":"tag-ralf-wittig","20":"tag-redaktion","21":"tag-restaurator-ralf-wittig","22":"tag-unterhaltung"},"share_on_mastodon":{"url":"https:\/\/pubeurope.com\/@de\/115396262316324074","error":""},"_links":{"self":[{"href":"https:\/\/www.europesays.com\/de\/wp-json\/wp\/v2\/posts\/508846","targetHints":{"allow":["GET"]}}],"collection":[{"href":"https:\/\/www.europesays.com\/de\/wp-json\/wp\/v2\/posts"}],"about":[{"href":"https:\/\/www.europesays.com\/de\/wp-json\/wp\/v2\/types\/post"}],"author":[{"embeddable":true,"href":"https:\/\/www.europesays.com\/de\/wp-json\/wp\/v2\/users\/2"}],"replies":[{"embeddable":true,"href":"https:\/\/www.europesays.com\/de\/wp-json\/wp\/v2\/comments?post=508846"}],"version-history":[{"count":0,"href":"https:\/\/www.europesays.com\/de\/wp-json\/wp\/v2\/posts\/508846\/revisions"}],"wp:featuredmedia":[{"embeddable":true,"href":"https:\/\/www.europesays.com\/de\/wp-json\/wp\/v2\/media\/508847"}],"wp:attachment":[{"href":"https:\/\/www.europesays.com\/de\/wp-json\/wp\/v2\/media?parent=508846"}],"wp:term":[{"taxonomy":"category","embeddable":true,"href":"https:\/\/www.europesays.com\/de\/wp-json\/wp\/v2\/categories?post=508846"},{"taxonomy":"post_tag","embeddable":true,"href":"https:\/\/www.europesays.com\/de\/wp-json\/wp\/v2\/tags?post=508846"}],"curies":[{"name":"wp","href":"https:\/\/api.w.org\/{rel}","templated":true}]}}