{"id":508848,"date":"2025-10-18T17:06:16","date_gmt":"2025-10-18T17:06:16","guid":{"rendered":"https:\/\/www.europesays.com\/de\/508848\/"},"modified":"2025-10-18T17:06:16","modified_gmt":"2025-10-18T17:06:16","slug":"seoul-sehen-und-sterben-bestsellerautor-david-foenkinos-ueber-seinen-neuen-roman-das-glueckliche-leben","status":"publish","type":"post","link":"https:\/\/www.europesays.com\/de\/508848\/","title":{"rendered":"Seoul sehen und sterben: Bestsellerautor David Foenkinos \u00fcber seinen neuen Roman \u201eDas gl\u00fcckliche Leben\u201c"},"content":{"rendered":"\n<p class=\"article_excerpt\">In seinem neuen Roman \u201eDas gl\u00fcckliche Leben\u201c konfrontiert Bestsellerautor David Foenkinos einen Mittvierziger mit dem Tod. Er selbst musste sich dieser Auseinandersetzung schon deutlich fr\u00fcher stellen.<\/p>\n<p><strong><a href=\"https:\/\/kulturnews.de\/kuenstler\/david-foenkinos\/\" title=\"David Foenkinos\" rel=\"nofollow noopener\" target=\"_blank\">David Foenkinos<\/a> im Interview zu seinem neuen Roman \u201eDas gl\u00fcckliche Leben\u201c<\/strong><\/p>\n<p><strong>David, in deinem Roman geht es um ein Angebot in S\u00fcdkorea, bei dem Menschen ihrer eigenen Beerdigung beiwohnen k\u00f6nnen und sogar selbst in den Sarg steigen. Wie bist du dem Ritual zuerst begegnet?<\/strong><\/p>\n<p>Foenkinos: Ich war in Korea, um ein meines B\u00fccher zu bewerben, und jemand hat mir davon erz\u00e4hlt. Nat\u00fcrlich hat es mich sofort interessiert. Mit 16 Jahren habe ich viele Monate im Krankenhaus verbracht, mein Herz war stehengeblieben. Diese Nahtoderfahrung hat mein ganzes Leben ver\u00e4ndert: Obwohl ich nicht aus einem K\u00fcnstlerhaushalt komme, habe ich angefangen zu lesen, zu schreiben, mich in Sch\u00f6nheit zu verlieben. Die Idee, dem Tod sehr nahezukommen und danach sein Leben mit anderen Augen zu sehen, verstehe ich sehr gut.<\/p>\n<p><strong>Wie wird dieses Ritual dort angenommen?<\/strong><\/p>\n<p>Foenkinos: Es ist ein gro\u00dfer Erfolg. In S\u00fcdkorea ist die Suizidrate sehr hoch, es gibt viele depressive Menschen. Ich liebe die Idee, dass du vor deinem Grab stehst und deinen eigenen Tod wirklich f\u00fchlst \u2013 es ist wie eine Schocktherapie. Doch obwohl es in dem Buch um ein konkretes, koreanisches Ritual geht, handelt es in Wirklichkeit davon, wie man sein Leben ver\u00e4ndert. Und von einer Romanze zwischen einem Mann und einer Frau, die sich \u00fcber 30 Jahre hinzieht. Ich w\u00fcrde sagen, es ist ziemlich franz\u00f6sisch.<\/p>\n<p>David Foenkinos: Das gl\u00fcckliche Leben<\/p>\n<p>Kiepenheuer &amp; Witsch, 2025, 224 S., 23 Euro<\/p>\n<p>Aus d. Franz. v. Christian Kolb<\/p>\n<p><strong>\u00c9ric und Am\u00e9lie, die beiden Hauptfiguren deines Romans, sind deutlich \u00e4lter, als du mit 16 warst. Wann hast du entschieden, dass es in dem Buch um Leute \u00fcber 40 gehen soll?<\/strong><\/p>\n<p>Foenkinos: Man sieht es ja \u00fcberall: Leute um die 40 oder 50, die sich entscheiden, ihr Leben zu ver\u00e4ndern. Ich kenne etwa viele Frauen, die begonnen haben, Yoga zu unterrichten. Aber f\u00fcr mich war es auch sehr verkn\u00fcpft mit der Corona-Situation. Zum Beispiel haben damals Millionen in den USA mit dem Hashtag #quitmyjob ihre Arbeit gek\u00fcndigt. Wenn du mit tragischen, schmerzhaften, angsteinfl\u00f6\u00dfenden Ereignissen konfrontierst wirst, denkst du automatisch dar\u00fcber nach, was dir wichtig ist. Es gibt eine direkte Verbindung zwischen Zerbrechlichkeit und Handeln.<\/p>\n<p><strong>Die Mid-Life-Crisis ist ja ein bekanntes Ph\u00e4nomen \u2026<\/strong><\/p>\n<p>Foenkinos: Stimmt, aber heutzutage kann sie im Alter von 20 bis 70 auftreten.<\/p>\n<p><strong>Deine Nahtoderfahrung ist nun schon lange her. H\u00e4lt ihre Wirkung weiterhin vor?<\/strong><\/p>\n<p>Foenkinos: Ja, ich sp\u00fcre sie jeden Tag. Es gab einen <a href=\"https:\/\/kulturnews.de\/kuenstler\/david-foenkinos\/\" title=\"David Foenkinos\" rel=\"nofollow noopener\" target=\"_blank\">David Foenkinos<\/a>, der ich bis zu meinem 16. Lebensjahr war. Und es gibt einen zweiten, der ich seitdem bin. Ich habe lange gebraucht, um zu verstehen, dass es in all meinen B\u00fcchern um dieses Thema geht: um ein zweites Leben, um Neuerfindung. Selbst \u201eNathalie k\u00fcsst\u201c handelt von einer Frau, die zur Witwe wird und ihr ganzes Leben umwirft. Aber bei \u201eDas gl\u00fcckliche Leben\u201c macht dieses Thema wirklich das Herz des Buches aus. Ich glaube, dass das auch f\u00fcr die Menschheit an sich gilt: Erstmals ist die Frage nach dem Gl\u00fcck zur zentralen Frage geworden.<\/p>\n<p><strong>Meinst du damit, dass viele Menschen erstmals ein Level an Komfort und Macht erreicht haben, dass sie sich ganz auf diese Frage konzentrieren k\u00f6nnen?<\/strong><\/p>\n<p>Foenkinos: Genau. Es haben noch nie so viele Menschen wie heute den Kurs ihres Lebens ver\u00e4ndert.<\/p>\n<p><strong>Manche Leute w\u00fcrden wahrscheinlich sagen, dass es den Menschen zu gut geht, wenn sie sich diese Frage stellen k\u00f6nnen. Auch das koreanische Ritual l\u00e4sst sich so interpretieren, dass es dem Leben k\u00fcnstliches Drama hinzuf\u00fcgt.\u00a0<\/strong><\/p>\n<p>Foenkinos: Das kann ich verstehen. Aber ich habe viele Kommentare zu dem Ritual gelesen, und fast alle Reaktionen waren positiv. Wenn Menschen es mitmachen, dann nicht zum Spa\u00df. Es hat Leute teilweise davon angehalten, Suizid zu begehen.<\/p>\n<p><strong>Im Buch importiert \u00c9ric das Angebot nach Frankreich, wo es ebenfalls zu einem gro\u00dfen Erfolg wird. Wei\u00dft du von Versuchen, das im echten Leben zu erreichen?<\/strong><\/p>\n<p>Foenkinos: Jemand hat versucht, es in Frankreich zu realisieren, nachdem mein Buch erschienen ist. Aber mittlerweile hat das Unternehmen schon wieder zugemacht. Vielleicht sind die Leute in Frankreich so gl\u00fccklich, dass sie das Angebot nicht brauchen. (lacht) Aber ich denke immer noch, dass es eine echt gute Idee ist. Alle wissen, dass man eine neue Perspektive aufs Leben gewinnt, wenn man zu einer Beerdigung geht: Man denkt dar\u00fcber nach, wie kurz das Leben ist und dass man es genie\u00dfen sollte.<\/p>\n<p>Wer sich f\u00fcr <a href=\"https:\/\/kulturnews.de\/kuenstler\/david-foenkinos\/\" title=\"David Foenkinos\" rel=\"nofollow noopener\" target=\"_blank\">David Foenkinos<\/a> interessiert, sollte auch <a href=\"https:\/\/kulturnews.de\/von-innen-ist-es-eine-ganze-welt\/\" rel=\"nofollow noopener\" target=\"_blank\">unser Interview mit Julia Engelmann \u00fcber ihren Deb\u00fctroman \u201eHimmel ohne Ende\u201c<\/a> lesen<\/p>\n<p><img fetchpriority=\"high\" decoding=\"async\" class=\"alignleft size-medium wp-image-192020\" src=\"https:\/\/www.europesays.com\/de\/wp-content\/uploads\/2025\/10\/david-foenkinos-1-186x300.jpg\" alt=\"Buchcover \u201eDas gl\u00fcckliche Leben\u201c von David Foenkinos\" width=\"186\" height=\"300\"  \/><\/p>\n","protected":false},"excerpt":{"rendered":"In seinem neuen Roman \u201eDas gl\u00fcckliche Leben\u201c konfrontiert Bestsellerautor David Foenkinos einen Mittvierziger mit dem Tod. Er selbst&hellip;\n","protected":false},"author":2,"featured_media":508849,"comment_status":"","ping_status":"","sticky":false,"template":"","format":"standard","meta":{"footnotes":""},"categories":[1774],"tags":[1784,1785,29,214,30,215],"class_list":{"0":"post-508848","1":"post","2":"type-post","3":"status-publish","4":"format-standard","5":"has-post-thumbnail","7":"category-buecher","8":"tag-books","9":"tag-buecher","10":"tag-deutschland","11":"tag-entertainment","12":"tag-germany","13":"tag-unterhaltung"},"share_on_mastodon":{"url":"https:\/\/pubeurope.com\/@de\/115396266493894745","error":""},"_links":{"self":[{"href":"https:\/\/www.europesays.com\/de\/wp-json\/wp\/v2\/posts\/508848","targetHints":{"allow":["GET"]}}],"collection":[{"href":"https:\/\/www.europesays.com\/de\/wp-json\/wp\/v2\/posts"}],"about":[{"href":"https:\/\/www.europesays.com\/de\/wp-json\/wp\/v2\/types\/post"}],"author":[{"embeddable":true,"href":"https:\/\/www.europesays.com\/de\/wp-json\/wp\/v2\/users\/2"}],"replies":[{"embeddable":true,"href":"https:\/\/www.europesays.com\/de\/wp-json\/wp\/v2\/comments?post=508848"}],"version-history":[{"count":0,"href":"https:\/\/www.europesays.com\/de\/wp-json\/wp\/v2\/posts\/508848\/revisions"}],"wp:featuredmedia":[{"embeddable":true,"href":"https:\/\/www.europesays.com\/de\/wp-json\/wp\/v2\/media\/508849"}],"wp:attachment":[{"href":"https:\/\/www.europesays.com\/de\/wp-json\/wp\/v2\/media?parent=508848"}],"wp:term":[{"taxonomy":"category","embeddable":true,"href":"https:\/\/www.europesays.com\/de\/wp-json\/wp\/v2\/categories?post=508848"},{"taxonomy":"post_tag","embeddable":true,"href":"https:\/\/www.europesays.com\/de\/wp-json\/wp\/v2\/tags?post=508848"}],"curies":[{"name":"wp","href":"https:\/\/api.w.org\/{rel}","templated":true}]}}