{"id":508859,"date":"2025-10-18T17:12:17","date_gmt":"2025-10-18T17:12:17","guid":{"rendered":"https:\/\/www.europesays.com\/de\/508859\/"},"modified":"2025-10-18T17:12:17","modified_gmt":"2025-10-18T17:12:17","slug":"prinz-andrew-rueckzug-vom-koenigshaus-panorama","status":"publish","type":"post","link":"https:\/\/www.europesays.com\/de\/508859\/","title":{"rendered":"Prinz Andrew: R\u00fcckzug vom K\u00f6nigshaus &#8211; Panorama"},"content":{"rendered":"<p class=\"css-c9fym5\" data-manual=\"teaserText\" data-schema-org-speakable=\"true\">Zu viel der Skandale: Der Prinz muss seine Titel abgeben. Vom Hof jagen aber kann ihn sein Bruder, K\u00f6nig Charles III., nicht &#8211; Andrew wird weiterhin inmitten der Royals leben, zusammen mit Ex-Frau Fergie.<\/p>\n<p data-manual=\"author\" data-testid=\"byline\" class=\"css-1b049jz\">Von <a href=\"https:\/\/www.sueddeutsche.de\/autoren\/martin-wittmann-1.1715829\" target=\"_blank\" rel=\"noopener\">Martin Wittmann<\/a>, London<\/p>\n<p data-manual=\"paragraph\" data-schema-org-speakable=\"true\" class=\"css-9njfp7\">Sie werde am Abend einen h\u00fcbschen Prinzen treffen, wie Cinderella, sagte die Frau zu ihr in London. Tags\u00fcber gingen sie daf\u00fcr einkaufen, die Frau empfahl ihr schicke Kleider, aber sie wollte sich lieber wie Britney Spears und Christina Aguilera anziehen. Als sp\u00e4ter der Prinz im Haus der Frau nahe des Hyde Parks ankam, fragte diese ihn, wie alt er das M\u00e4dchen sch\u00e4tze. Der Prinz, ein schlanker Mann mit braunen Haaren und jungen Augen, lag richtig: 17. \u201eMeine T\u00f6chter sind nur wenig j\u00fcnger als du.\u201c Das M\u00e4dchen, sie trug Jeans und ein bauchfreies Oberteil, holte eine Kamera. Das Treffen mit einem echten Prinzen wollte sie f\u00fcr ihre Mutter festhalten.<\/p>\n","protected":false},"excerpt":{"rendered":"Zu viel der Skandale: Der Prinz muss seine Titel abgeben. Vom Hof jagen aber kann ihn sein Bruder,&hellip;\n","protected":false},"author":2,"featured_media":508860,"comment_status":"","ping_status":"","sticky":false,"template":"","format":"standard","meta":{"footnotes":""},"categories":[155],"tags":[126821,2478,29,3058,214,30,551,51808,1974,4861,9758,98093,8206,149,215],"class_list":{"0":"post-508859","1":"post","2":"type-post","3":"status-publish","4":"format-standard","5":"has-post-thumbnail","7":"category-unterhaltung","8":"tag-britische-medien","9":"tag-britisches-koenigshaus","10":"tag-deutschland","11":"tag-england","12":"tag-entertainment","13":"tag-germany","14":"tag-grossbritannien","15":"tag-king-charles","16":"tag-panorama","17":"tag-prinz-andrew","18":"tag-prinz-william","19":"tag-prinz-william-und-kate","20":"tag-royals","21":"tag-sueddeutsche-zeitung","22":"tag-unterhaltung"},"share_on_mastodon":{"url":"https:\/\/pubeurope.com\/@de\/115396289720998730","error":""},"_links":{"self":[{"href":"https:\/\/www.europesays.com\/de\/wp-json\/wp\/v2\/posts\/508859","targetHints":{"allow":["GET"]}}],"collection":[{"href":"https:\/\/www.europesays.com\/de\/wp-json\/wp\/v2\/posts"}],"about":[{"href":"https:\/\/www.europesays.com\/de\/wp-json\/wp\/v2\/types\/post"}],"author":[{"embeddable":true,"href":"https:\/\/www.europesays.com\/de\/wp-json\/wp\/v2\/users\/2"}],"replies":[{"embeddable":true,"href":"https:\/\/www.europesays.com\/de\/wp-json\/wp\/v2\/comments?post=508859"}],"version-history":[{"count":0,"href":"https:\/\/www.europesays.com\/de\/wp-json\/wp\/v2\/posts\/508859\/revisions"}],"wp:featuredmedia":[{"embeddable":true,"href":"https:\/\/www.europesays.com\/de\/wp-json\/wp\/v2\/media\/508860"}],"wp:attachment":[{"href":"https:\/\/www.europesays.com\/de\/wp-json\/wp\/v2\/media?parent=508859"}],"wp:term":[{"taxonomy":"category","embeddable":true,"href":"https:\/\/www.europesays.com\/de\/wp-json\/wp\/v2\/categories?post=508859"},{"taxonomy":"post_tag","embeddable":true,"href":"https:\/\/www.europesays.com\/de\/wp-json\/wp\/v2\/tags?post=508859"}],"curies":[{"name":"wp","href":"https:\/\/api.w.org\/{rel}","templated":true}]}}