{"id":508865,"date":"2025-10-18T17:15:15","date_gmt":"2025-10-18T17:15:15","guid":{"rendered":"https:\/\/www.europesays.com\/de\/508865\/"},"modified":"2025-10-18T17:15:15","modified_gmt":"2025-10-18T17:15:15","slug":"appell-an-eu-kommission-20-staaten-fordern-mehr-abschiebungen-nach-afghanistan","status":"publish","type":"post","link":"https:\/\/www.europesays.com\/de\/508865\/","title":{"rendered":"Appell an EU-Kommission: 20 Staaten fordern mehr Abschiebungen nach Afghanistan"},"content":{"rendered":"<p>            <img loading=\"lazy\" decoding=\"async\" class=\"ts-image\" src=\"https:\/\/www.europesays.com\/de\/wp-content\/uploads\/2025\/10\/abschiebung-flugzeug-104.jpg\" alt=\"Ein Passagierflugzeug startet hinter einer Stacheldrahtabsperrung.\" title=\"Ein Passagierflugzeug startet hinter einer Stacheldrahtabsperrung. | dpa\"\/><\/p>\n<p class=\"metatextline\">Stand: 18.10.2025 16:31 Uhr<\/p>\n<p class=\"textabsatz columns twelve  m-ten  m-offset-one l-eight l-offset-two\">\n        <strong>20 Staaten &#8211; darunter auch Deutschland &#8211; haben sich in einem Brief an EU-Migrationskommissar Brunner gewandt: Sie fordern von der EU-Kommission unter anderem mehr M\u00f6glichkeiten, um Afghanen ohne Aufenthaltsrecht in ihre Heimat zur\u00fcckzuschicken.<\/strong>\n    <\/p>\n<p class=\"textabsatz m-ten m-offset-one l-eight l-offset-two columns twelve\">20 europ\u00e4ische Staaten haben sich in einem Schreiben an die EU-Kommission gewandt &#8211; sie fordern darin mehr M\u00f6glichkeiten, um Afghanen ohne Aufenthaltsrecht in ihre Heimat zur\u00fcckzubringen.<\/p>\n<p class=\"textabsatz m-ten m-offset-one l-eight l-offset-two columns twelve\">Einen entsprechenden Brief an Migrationskommissar Magnus Brunner<a href=\"https:\/\/www.rijksoverheid.nl\/documenten\/rapporten\/2025\/10\/18\/joint-letter-from-the-undersigned-ministers-on-strengthening-voluntary-and-forced-returns-to-afghanistan\" title=\"Brief auf der Seite der niederl\u00e4ndischen Regierung\" class=\"textlink--extern js-link-dialog\" rel=\"noopener noreferrer nofollow\" target=\"_blank\" data-type=\"external\"> ver\u00f6ffentlichte die niederl\u00e4ndische Regierung<\/a> &#8211; als Mitunterzeichner wird auch Bundesinnenminister Alexander Dobrindt (CSU) genannt.<\/p>\n<p class=\"textabsatz m-ten m-offset-one l-eight l-offset-two columns twelve\">Darin wird beklagt, dass im vergangenen Jahr in der EU 22.870 Afghanen eine R\u00fcckf\u00fchrungsentscheidung erhalten h\u00e4tten, aber nur 435 von ihnen tats\u00e4chlich nach Afghanistan zur\u00fcckgekehrt seien. Sie fordern, das Thema freiwilliger und erzwungener R\u00fcckkehr nach Afghanistan als &#8222;gemeinsame Verantwortung&#8220; auf EU-Ebene anzugehen.<\/p>\n<p>    Weitere M\u00f6glichkeiten f\u00fcr Abschiebungen pr\u00fcfen<\/p>\n<p class=\"textabsatz m-ten m-offset-one l-eight l-offset-two columns twelve\">Die Staaten fordern zudem, weitere M\u00f6glichkeiten f\u00fcr Abschiebungen in das von den islamistischen Taliban beherrschte Land zu pr\u00fcfen &#8211; mit Priorit\u00e4t auf Personen, &#8222;die eine Gefahr f\u00fcr die \u00f6ffentliche Ordnung oder die nationale Sicherheit darstellen&#8220;.\u00a0<\/p>\n<p class=\"textabsatz m-ten m-offset-one l-eight l-offset-two columns twelve\">Zu den Staaten, die den Brief auf belgische Initiative unterzeichnet haben, geh\u00f6ren neben Deutschland und den Niederlanden noch Bulgarien, Estland, Finnland, Griechenland, Irland, Italien, Litauen, Luxemburg, Malta, \u00d6sterreich, Polen, die Slowakei, Schweden, Tschechien, Ungarn und Zypern.<\/p>\n<p class=\"textabsatz m-ten m-offset-one l-eight l-offset-two columns twelve\">Auch Norwegen geh\u00f6rt zu den Unterzeichnern. Das Land ist nicht EU-Mitglied, geh\u00f6rt aber zum Schengen-Raum und arbeitet mit der EU-Asylagentur zusammen.\u00a0<\/p>\n<p class=\"textabsatz m-ten m-offset-one l-eight l-offset-two columns twelve\">Deutschland verhandelt mit den Taliban \u00fcber Abschiebungen nach Afghanistan. Die Gespr\u00e4che sind laut Dobrindt &#8222;weit fortgeschritten&#8220;. Die Kontakte zu den Taliban sind umstritten, denn offiziell unterh\u00e4lt die Bundesregierung keine diplomatischen Beziehungen zu den Islamisten, die seit August 2021 wieder in Afghanistan an der Macht sind.<\/p>\n<p class=\"textabsatz m-ten m-offset-one l-eight l-offset-two columns twelve\">Seit der Macht\u00fcbernahme der Taliban kam es mit Hilfe von Katar zweimal zu <a href=\"https:\/\/www.tagesschau.de\/ausland\/asien\/afghanistan-abschiebungen-taliban-102.html\" title=\"Nach Afghanistan-Abschiebungen: Die Show der Taliban\" rel=\"nofollow noopener\" target=\"_blank\">Abschiebungen von Afghanen aus Deutschland<\/a>.<\/p>\n","protected":false},"excerpt":{"rendered":"Stand: 18.10.2025 16:31 Uhr 20 Staaten &#8211; darunter auch Deutschland &#8211; haben sich in einem Brief an EU-Migrationskommissar&hellip;\n","protected":false},"author":2,"featured_media":508866,"comment_status":"","ping_status":"","sticky":false,"template":"","format":"standard","meta":{"footnotes":""},"categories":[3],"tags":[17204,7451,942,13,14,15,12,10,8,9,11,103,104],"class_list":{"0":"post-508865","1":"post","2":"type-post","3":"status-publish","4":"format-standard","5":"has-post-thumbnail","7":"category-welt","8":"tag-abschiebungen","9":"tag-afghanistan","10":"tag-eu-kommission","11":"tag-headlines","12":"tag-nachrichten","13":"tag-news","14":"tag-schlagzeilen","15":"tag-top-news","16":"tag-top-meldungen","17":"tag-topmeldungen","18":"tag-topnews","19":"tag-welt","20":"tag-world"},"share_on_mastodon":{"url":"https:\/\/pubeurope.com\/@de\/115396301741653747","error":""},"_links":{"self":[{"href":"https:\/\/www.europesays.com\/de\/wp-json\/wp\/v2\/posts\/508865","targetHints":{"allow":["GET"]}}],"collection":[{"href":"https:\/\/www.europesays.com\/de\/wp-json\/wp\/v2\/posts"}],"about":[{"href":"https:\/\/www.europesays.com\/de\/wp-json\/wp\/v2\/types\/post"}],"author":[{"embeddable":true,"href":"https:\/\/www.europesays.com\/de\/wp-json\/wp\/v2\/users\/2"}],"replies":[{"embeddable":true,"href":"https:\/\/www.europesays.com\/de\/wp-json\/wp\/v2\/comments?post=508865"}],"version-history":[{"count":0,"href":"https:\/\/www.europesays.com\/de\/wp-json\/wp\/v2\/posts\/508865\/revisions"}],"wp:featuredmedia":[{"embeddable":true,"href":"https:\/\/www.europesays.com\/de\/wp-json\/wp\/v2\/media\/508866"}],"wp:attachment":[{"href":"https:\/\/www.europesays.com\/de\/wp-json\/wp\/v2\/media?parent=508865"}],"wp:term":[{"taxonomy":"category","embeddable":true,"href":"https:\/\/www.europesays.com\/de\/wp-json\/wp\/v2\/categories?post=508865"},{"taxonomy":"post_tag","embeddable":true,"href":"https:\/\/www.europesays.com\/de\/wp-json\/wp\/v2\/tags?post=508865"}],"curies":[{"name":"wp","href":"https:\/\/api.w.org\/{rel}","templated":true}]}}