{"id":508869,"date":"2025-10-18T17:18:15","date_gmt":"2025-10-18T17:18:15","guid":{"rendered":"https:\/\/www.europesays.com\/de\/508869\/"},"modified":"2025-10-18T17:18:15","modified_gmt":"2025-10-18T17:18:15","slug":"fc-bayern-gegen-bvb-ueberraschung-nicolas-jackson-stuermt-fuer-serge-gnabry","status":"publish","type":"post","link":"https:\/\/www.europesays.com\/de\/508869\/","title":{"rendered":"FC Bayern gegen BVB: \u00dcberraschung &#8211; Nicolas Jackson st\u00fcrmt f\u00fcr Serge Gnabry"},"content":{"rendered":"<p>            <img loading=\"lazy\" decoding=\"async\" class=\"ts-image\" src=\"https:\/\/www.europesays.com\/de\/wp-content\/uploads\/2025\/10\/jackson-118.jpg\" alt=\"Nicolas Jackson\" title=\"Nicolas Jackson | picture alliance \/ Jens Niering\"\/><\/p>\n<p class=\"metatextline\">Stand: 18.10.2025 17:43 Uhr<\/p>\n<p class=\"textabsatz columns twelve  m-ten  m-offset-one l-eight l-offset-two\">\n        <strong>Die Aufstellungen zum Bundesliga-Topspiel zwischen dem FC Bayern M\u00fcnchen und Borussia Dortmund (Ansto\u00df um 18.30 Uhr, <a href=\"https:\/\/www.sportschau.de\/live-und-ergebnisse\/fussball\/deutschland-bundesliga\/ma11199635\/bayern-muenchen_borussia-dortmund\/liveticker\" title=\"Bundesliga: Jetzt live - F\u00fchrung Bayern: Kane trifft ins Tor, Olise Aluminium\" rel=\"nofollow noopener\" target=\"_blank\">im Audiostream und Ticker live auf sportschau.de<\/a>) sind da. Der formstarke Serge Gnabry f\u00e4llt kurzfristig aus, f\u00fcr ihn beginnt Nicolas Jackson. Der BVB kann auf Nico Schlotterbeck bauen.<\/strong>\n    <\/p>\n<p>                                        <a class=\"authorline__link\" href=\"https:\/\/www.sportschau.de\/sendung\/reporter\/sebastian-hochrainer,autor-sebastian-hochrainer-100.html\" rel=\"nofollow noopener\" target=\"_blank\"><br \/>\n                                            <img decoding=\"async\" class=\"authorline__img\" alt=\"Sebastian Hochrainer\" src=\"https:\/\/www.europesays.com\/de\/wp-content\/uploads\/2025\/08\/1755378792_323_sebastian-hochrainer-100.jpg\"\/><br \/>\n                                        <\/a><\/p>\n<p class=\"textabsatz m-ten m-offset-one l-eight l-offset-two columns twelve\">Einige Zeit lang war das Duell der gr\u00f6\u00dften deutschen Vereine nicht mehr das Spiel der sportlichen Superlative. Zum ersten Mal seit dem 1. April 2023 werden beim Aufeinandertreffen des FC Bayern und BVB die beiden Erstplatzierten der Bundesliga aufeinandertreffen. Und jetzt ist auch bekannt, welche Spieler den sogenannten &#8222;Klassiker&#8220; zugunsten ihres jeweiligen Teams entscheiden sollen.<\/p>\n<ul class=\"buttongroup buttongroup--copytext\">\n<li class=\"buttongroup__item\">\n<p>    <a class=\"btn btn--text btn--standard-secondary btn--fullwidth\" href=\"https:\/\/www.sportschau.de\/live-und-ergebnisse\/fussball\/deutschland-bundesliga\/se94724\/2025-2026\/ro262400\/spieltag\/md7\/spiele-und-ergebnisse\" rel=\"nofollow noopener\" target=\"_blank\"><br \/>\n        7. Spieltag<br \/>\n        Pfeil rechts<\/p>\n<p>    <\/a>\n<\/li>\n<li class=\"buttongroup__item\">\n<p>    <a class=\"btn btn--text btn--standard-secondary btn--fullwidth\" href=\"https:\/\/www.sportschau.de\/live-und-ergebnisse\/fussball\/deutschland-bundesliga\/ma11199635\/bayern-muenchen_borussia-dortmund\/liveticker\" rel=\"nofollow noopener\" target=\"_blank\"><br \/>\n        Live-Ticker<br \/>\n        Pfeil rechts<\/p>\n<p>    <\/a>\n<\/li>\n<\/ul>\n<p>    Gnabry mit muskul\u00e4ren Problemen auf der Trib\u00fcne<\/p>\n<p class=\"textabsatz m-ten m-offset-one l-eight l-offset-two columns twelve\">Die Bayern hatten schon einige Tage vor der Partie aufatmen k\u00f6nnen, weil Harry Kane seine Knieprobleme aus dem Spiel bei Eintracht Frankfurt (3:0) schnell \u00fcberwunden und schon f\u00fcr die englische Nationalmannschaft beim 5:0 in Serbien &#8211; wo Kane (nat\u00fcrlich) traf &#8211; zur Verf\u00fcgung gestanden hatte. Und es deutete alles daraufhin, dass er mit Michael Olise, Luis Diaz und Gnabry wieder das torreiche Quartett des FCB bilden w\u00fcrde &#8211; doch es kam anders.<\/p>\n<p class=\"textabsatz m-ten m-offset-one l-eight l-offset-two columns twelve\">Eine Stunde vor dem Ansto\u00df teilte der Rekordmeister mit, dass Gnabry aufgrund von Adduktorenbeschwerden passen muss, f\u00fcr ihn darf Jackson starten. F\u00fcr den Neuzugang vom FC Chelsea ist es der zweite Einsatz in der Liga von Beginn an, er wartet noch auf sein erstes Tor in der Bundesliga.<\/p>\n<p class=\"textabsatz m-ten m-offset-one l-eight l-offset-two columns twelve\">Zuvor war bereits bekannt, dass Trainer Vincent Kompany neben den Langzeitverletzten Jamal Musiala (Wadenbeinbruch), Hiroki Ito (Mittelfu\u00dfbruch), Alphonso Davies (Kreuzbandriss), die sich alle noch im Aufbautraining befinden, auch auf Josip Stanisic (Knie) verzichten muss. Und er bangte wegen muskul\u00e4rer Probleme um Raphael Guerreiro &#8211; doch der Portugiese ist immerhin fit genug f\u00fcr die Bank.<\/p>\n<p class=\"textabsatz m-ten m-offset-one l-eight l-offset-two columns twelve\">So muss Konrad Laimer wieder als Linksverteidiger ran, rechts spielt Sasha Boey. Im zentralen Mittelfeld erh\u00e4lt Aleksandar Palovic den Vorzug vor Leon Goretzka und spielt neben Joshua Kimmich.<\/p>\n<p>    Erst Entwarnung bei Guirassy, jetzt bei Schlotterbeck<\/p>\n<p class=\"textabsatz m-ten m-offset-one l-eight l-offset-two columns twelve\">Beim BVB gab es ein Fragezeichen hinter dem Einsatz von Schlotterbeck, den zuletzt eine Erk\u00e4ltung plagte. Doch der Innenverteidiger der Dortmunder ist fit genug geworden f\u00fcr die Startelf, die allerdings auch eine \u00dcberraschung parat hat. Denn an Schlotterbecks Seite k\u00fcmmern sich Waldemar Anton und Niklas S\u00fcle statt Ramy Bensebaini. F\u00fcr S\u00fcle werden es die ersten Minuten in der laufenden Bundesligasaison.<\/p>\n<p class=\"textabsatz m-ten m-offset-one l-eight l-offset-two columns twelve\">Wie Kompany hatte auch Niko Kovac einige Tage lang einen etwas erh\u00f6hten Puls wegen seines Topst\u00fcrmers. Serhou Guirassy war vorzeitig &#8222;k\u00f6rperlich geschw\u00e4cht&#8220; von der Nationalmannschaft Guineas abgereist, der Verband sprach davon, dass der 29-J\u00e4hrige nur aus &#8222;Liebe zu Guinea&#8220; und &#8222;Respekt vor dem Trainerstab&#8220; \u00fcberhaupt zu den Spielen in der WM-Qualifikation gekommen war. Gegen Mosambik (2:1) hatte Guirassy durchgehend auf der Bank gesessen, danach ging es f\u00fcr ihn zur\u00fcck nach Dortmund.<\/p>\n<p class=\"textabsatz m-ten m-offset-one l-eight l-offset-two columns twelve\">Dort stellte sich relativ schnell heraus, dass sein Einsatz im Topspiel nicht infrage steht. Entsprechend soll Guirassy mit seinen Toren daf\u00fcr sorgen, dass der BVB zum dritten Mal in Folge in der Liga in M\u00fcnchen nicht verliert und wie vor 1,5 Jahren sogar die drei Punkte aus Bayern mit ins Ruhrgebiet nimmt. Karim Adeyemi soll dem Rekordmeister mit seinem Tempo vor allem bei BVB-Kontern Probleme bereiten, im Zentrum setzt Kovac neben Marcel Sabitzer und Felix Nmecha auf Pascal Gro\u00df.<\/p>\n<p class=\"textabsatz m-ten m-offset-one l-eight l-offset-two columns twelve\"><strong>Die Aufstellungen<\/strong><\/p>\n<p class=\"textabsatz m-ten m-offset-one l-eight l-offset-two columns twelve\"><strong>FC Bayern:<\/strong> Neuer &#8211; Boey, Upamecano, Tah, Laimer &#8211; Kimmich, Pavlovic &#8211; Olise, Jackson, Diaz &#8211; Kane<\/p>\n<p class=\"textabsatz m-ten m-offset-one l-eight l-offset-two columns twelve\"><strong>BVB:<\/strong> Kobel &#8211; Anton, Schlotterbeck, S\u00fcle &#8211; Ryerson, Sabitzer, Gro\u00df, Nmecha, Svensson &#8211; Adeyemi, Guirassy<\/p>\n<ul class=\"buttongroup buttongroup--copytext\">\n<li class=\"buttongroup__item\">\n<p>    <a class=\"btn btn--text btn--standard-secondary btn--fullwidth\" href=\"https:\/\/calovo.de\/f\/sportschau\/fc-bayern-muenchen\" rel=\"nofollow noopener\" target=\"_blank\"><br \/>\n        Bayern M\u00fcnchen f\u00fcr Ihren Kalender<br \/>\n        Pfeil rechts<\/p>\n<p>    <\/a>\n<\/li>\n<li class=\"buttongroup__item\">\n<p>    <a class=\"btn btn--text btn--standard-secondary btn--fullwidth\" href=\"https:\/\/calovo.de\/f\/sportschau\/borussia-dortmund\" rel=\"nofollow noopener\" target=\"_blank\"><br \/>\n        Borussia Dortmund f\u00fcr Ihren Kalender<br \/>\n        Pfeil rechts<\/p>\n<p>    <\/a>\n<\/li>\n<\/ul>\n","protected":false},"excerpt":{"rendered":"Stand: 18.10.2025 17:43 Uhr Die Aufstellungen zum Bundesliga-Topspiel zwischen dem FC Bayern M\u00fcnchen und Borussia Dortmund (Ansto\u00df um&hellip;\n","protected":false},"author":2,"featured_media":508870,"comment_status":"","ping_status":"","sticky":false,"template":"","format":"standard","meta":{"footnotes":""},"categories":[5],"tags":[888,299,458,347,13,14,15,12,10,8,9,11],"class_list":{"0":"post-508869","1":"post","2":"type-post","3":"status-publish","4":"format-standard","5":"has-post-thumbnail","7":"category-nachrichten","8":"tag-borussia-dortmund","9":"tag-bundesliga","10":"tag-fc-bayern-muenchen","11":"tag-fussball","12":"tag-headlines","13":"tag-nachrichten","14":"tag-news","15":"tag-schlagzeilen","16":"tag-top-news","17":"tag-top-meldungen","18":"tag-topmeldungen","19":"tag-topnews"},"share_on_mastodon":{"url":"https:\/\/pubeurope.com\/@de\/115396314138585532","error":""},"_links":{"self":[{"href":"https:\/\/www.europesays.com\/de\/wp-json\/wp\/v2\/posts\/508869","targetHints":{"allow":["GET"]}}],"collection":[{"href":"https:\/\/www.europesays.com\/de\/wp-json\/wp\/v2\/posts"}],"about":[{"href":"https:\/\/www.europesays.com\/de\/wp-json\/wp\/v2\/types\/post"}],"author":[{"embeddable":true,"href":"https:\/\/www.europesays.com\/de\/wp-json\/wp\/v2\/users\/2"}],"replies":[{"embeddable":true,"href":"https:\/\/www.europesays.com\/de\/wp-json\/wp\/v2\/comments?post=508869"}],"version-history":[{"count":0,"href":"https:\/\/www.europesays.com\/de\/wp-json\/wp\/v2\/posts\/508869\/revisions"}],"wp:featuredmedia":[{"embeddable":true,"href":"https:\/\/www.europesays.com\/de\/wp-json\/wp\/v2\/media\/508870"}],"wp:attachment":[{"href":"https:\/\/www.europesays.com\/de\/wp-json\/wp\/v2\/media?parent=508869"}],"wp:term":[{"taxonomy":"category","embeddable":true,"href":"https:\/\/www.europesays.com\/de\/wp-json\/wp\/v2\/categories?post=508869"},{"taxonomy":"post_tag","embeddable":true,"href":"https:\/\/www.europesays.com\/de\/wp-json\/wp\/v2\/tags?post=508869"}],"curies":[{"name":"wp","href":"https:\/\/api.w.org\/{rel}","templated":true}]}}