{"id":508873,"date":"2025-10-18T17:20:28","date_gmt":"2025-10-18T17:20:28","guid":{"rendered":"https:\/\/www.europesays.com\/de\/508873\/"},"modified":"2025-10-18T17:20:28","modified_gmt":"2025-10-18T17:20:28","slug":"studenten-entwickeln-nachhaltiges-wohnprojekt-architekturwettbewerb-fuer-eschweilers-ochsenweidchen","status":"publish","type":"post","link":"https:\/\/www.europesays.com\/de\/508873\/","title":{"rendered":"Studenten entwickeln nachhaltiges Wohnprojekt: Architekturwettbewerb f\u00fcr Eschweilers Ochsenweidchen"},"content":{"rendered":"<p class=\"Paragraph_paragraph__lerxh Paragraph_paragraph--default-lg-default__J4S_J articleParagraph\">Zwischen Talstra\u00dfe und Wilhelmstra\u00dfe sowie Grachtstra\u00dfe und Antoniusstra\u00dfe liegt das Ochsenweidchen \u2013 eine rund 2,3 Hektar gro\u00dfe Fl\u00e4che, die bisher gr\u00f6\u00dftenteils unbebaut ist. Dort, auf dem Gel\u00e4nde in R\u00f6thgen-West und recht zentral in der s\u00fcdlichen Innenstadt gelegen, soll ein Neubaugebiet entstehen. Das Ziel verfolgt die Stadt schon l\u00e4nger und es erf\u00fcllt das Credo, Fl\u00e4chen im Zentrum mit neuem Wohnraum zu verdichten, statt Neubaugebiete au\u00dferhalb zu erschlie\u00dfen.<\/p>\n","protected":false},"excerpt":{"rendered":"Zwischen Talstra\u00dfe und Wilhelmstra\u00dfe sowie Grachtstra\u00dfe und Antoniusstra\u00dfe liegt das Ochsenweidchen \u2013 eine rund 2,3 Hektar gro\u00dfe Fl\u00e4che,&hellip;\n","protected":false},"author":2,"featured_media":508874,"comment_status":"","ping_status":"","sticky":false,"template":"","format":"standard","meta":{"footnotes":""},"categories":[1853],"tags":[1424,3364,29,548,663,3934,30,13,14,15,1209,12],"class_list":{"0":"post-508873","1":"post","2":"type-post","3":"status-publish","4":"format-standard","5":"has-post-thumbnail","7":"category-aachen","8":"tag-aachen","9":"tag-de","10":"tag-deutschland","11":"tag-eu","12":"tag-europa","13":"tag-europe","14":"tag-germany","15":"tag-headlines","16":"tag-nachrichten","17":"tag-news","18":"tag-nordrhein-westfalen","19":"tag-schlagzeilen"},"share_on_mastodon":{"url":"https:\/\/pubeurope.com\/@de\/115396321258183651","error":""},"_links":{"self":[{"href":"https:\/\/www.europesays.com\/de\/wp-json\/wp\/v2\/posts\/508873","targetHints":{"allow":["GET"]}}],"collection":[{"href":"https:\/\/www.europesays.com\/de\/wp-json\/wp\/v2\/posts"}],"about":[{"href":"https:\/\/www.europesays.com\/de\/wp-json\/wp\/v2\/types\/post"}],"author":[{"embeddable":true,"href":"https:\/\/www.europesays.com\/de\/wp-json\/wp\/v2\/users\/2"}],"replies":[{"embeddable":true,"href":"https:\/\/www.europesays.com\/de\/wp-json\/wp\/v2\/comments?post=508873"}],"version-history":[{"count":0,"href":"https:\/\/www.europesays.com\/de\/wp-json\/wp\/v2\/posts\/508873\/revisions"}],"wp:featuredmedia":[{"embeddable":true,"href":"https:\/\/www.europesays.com\/de\/wp-json\/wp\/v2\/media\/508874"}],"wp:attachment":[{"href":"https:\/\/www.europesays.com\/de\/wp-json\/wp\/v2\/media?parent=508873"}],"wp:term":[{"taxonomy":"category","embeddable":true,"href":"https:\/\/www.europesays.com\/de\/wp-json\/wp\/v2\/categories?post=508873"},{"taxonomy":"post_tag","embeddable":true,"href":"https:\/\/www.europesays.com\/de\/wp-json\/wp\/v2\/tags?post=508873"}],"curies":[{"name":"wp","href":"https:\/\/api.w.org\/{rel}","templated":true}]}}