{"id":508875,"date":"2025-10-18T17:21:15","date_gmt":"2025-10-18T17:21:15","guid":{"rendered":"https:\/\/www.europesays.com\/de\/508875\/"},"modified":"2025-10-18T17:21:15","modified_gmt":"2025-10-18T17:21:15","slug":"pol-ki-251018-1-rendsburg-13-jaehrige-vermisst","status":"publish","type":"post","link":"https:\/\/www.europesays.com\/de\/508875\/","title":{"rendered":"POL-KI: 251018.1 Rendsburg: 13-J\u00e4hrige vermisst"},"content":{"rendered":"<p class=\"date\">18.10.2025 \u2013 18:41<\/p>\n<p class=\"customer\">\n                        <a class=\"story-customer\" title=\"weiter zum newsroom von Polizeidirektion Kiel\" href=\"https:\/\/www.presseportal.de\/blaulicht\/nr\/14626\" target=\"_blank\" rel=\"noopener\">Polizeidirektion Kiel<\/a>\n                    <\/p>\n<p><a class=\"glightbox event-trigger\" href=\"https:\/\/cache.pressmailing.net\/thumbnail\/story_hires\/bfc5ffa7-6b7a-479b-940b-022a594f634e\/VP.jpg.jpg\" data-description=\"Quelle: Polizeidirektion Kiel\" data-category=\"medialightbox\" data-action=\"click\" data-label=\"single\" data-value=\"68f3c337270000fd2cbf2ea1\" target=\"_blank\" rel=\"noopener\"><img decoding=\"async\" height=\"540\" with=\"720\" src=\"https:\/\/www.europesays.com\/de\/wp-content\/uploads\/2025\/10\/pol-ki-251018-1-rendsburg-13-j-hrige-vermisst.jpeg\"   alt=\"POL-KI: 251018.1 Rendsburg: 13-J\u00e4hrige vermisst\" class=\"single\"\/><\/a><\/p>\n<p><a data-category=\"citylink-story-view\" data-action=\"click\" data-label=\"Citylink in Meldungsansicht\" class=\"story-city event-trigger\" href=\"https:\/\/www.presseportal.de\/regional\/Rendsburg\" title=\"News aus Rendsburg \" target=\"_blank\" rel=\"noopener\">Rendsburg<\/a> (ots)<\/p>\n<p>Seit gestern Mittag wird die 13-j\u00e4hrige Lotta Marie K. aus Rendsburg vermisst. Die Vermisste ben\u00f6tigt dringend medizinische Versorgung. Da bisherige Suchma\u00dfnahmen nicht zu ihrem Antreffen f\u00fchrten, bitten wir die Bev\u00f6lkerung sowie Medien um Unterst\u00fctzung.<\/p>\n<p>Das M\u00e4dchen verlie\u00df gestern Mittag ihre Wohnanschrift im Rendsburger Stadtteil Neuwerk und kehrte bislang nicht zur\u00fcck. Sie ist dringend auf Medikamente angewiesen. Eine Straftat d\u00fcrfte nicht im Zusammenhang mit ihrem Verschwinden stehen.<\/p>\n<p>Der 13-J\u00e4hrige ist von kr\u00e4ftiger Statur und ca. 173 cm gro\u00df. Sie hat lange dunkelblonde Haare mit r\u00f6tlichen Str\u00e4hnen. Zuletzt soll sie eine schwarze Jacke mit Kapuze und Fellkragen und eine weite schwarze Jogginghose getragen haben.<\/p>\n<p>Wer die Vermissten gesehen hat oder Hinweise auf ihren Aufenthaltsort geben kann, wird gebeten, sich bei der Polizei unter der Rufnummer 04331-208458 oder 110 zu melden.<\/p>\n<p>Stephanie Lage, Pressesprecherin der Polizeidirektion Kiel<\/p>\n<p class=\"contact-headline\">R\u00fcckfragen bitte an:<\/p>\n<p class=\"contact-text\">Polizeidirektion Kiel<\/p>\n<p>Pressestelle<br \/>Gartenstra\u00dfe 7<br \/>24103 Kiel<\/p>\n<p>Tel.   +49 (0) 431 160 2010<br \/>E-Mail <a href=\"https:\/\/www.presseportal.de\/blaulicht\/pm\/14626\/mailto: pressestelle.kiel.pd@polizei.landsh.de\" class=\"uri-mailto\" target=\"_blank\" rel=\"noopener\"> pressestelle.kiel.pd@polizei.landsh.de<\/a><\/p>\n<p class=\"originator\">Original-Content von: Polizeidirektion Kiel, \u00fcbermittelt durch news aktuell<\/p>\n","protected":false},"excerpt":{"rendered":"18.10.2025 \u2013 18:41 Polizeidirektion Kiel Rendsburg (ots) Seit gestern Mittag wird die 13-j\u00e4hrige Lotta Marie K. aus Rendsburg&hellip;\n","protected":false},"author":2,"featured_media":508876,"comment_status":"","ping_status":"","sticky":false,"template":"","format":"standard","meta":{"footnotes":""},"categories":[1852],"tags":[3364,29,548,663,3934,30,13,4949,177,14,15,121,178,180,179,181,12,1971,17990],"class_list":{"0":"post-508875","1":"post","2":"type-post","3":"status-publish","4":"format-standard","5":"has-post-thumbnail","7":"category-kiel","8":"tag-de","9":"tag-deutschland","10":"tag-eu","11":"tag-europa","12":"tag-europe","13":"tag-germany","14":"tag-headlines","15":"tag-kiel","16":"tag-kriminalitt","17":"tag-nachrichten","18":"tag-news","19":"tag-polizei","20":"tag-presse","21":"tag-pressemeldung","22":"tag-pressemitteilung","23":"tag-pressemitteilungen","24":"tag-schlagzeilen","25":"tag-schleswig-holstein","26":"tag-sh"},"share_on_mastodon":{"url":"https:\/\/pubeurope.com\/@de\/115396325236129427","error":""},"_links":{"self":[{"href":"https:\/\/www.europesays.com\/de\/wp-json\/wp\/v2\/posts\/508875","targetHints":{"allow":["GET"]}}],"collection":[{"href":"https:\/\/www.europesays.com\/de\/wp-json\/wp\/v2\/posts"}],"about":[{"href":"https:\/\/www.europesays.com\/de\/wp-json\/wp\/v2\/types\/post"}],"author":[{"embeddable":true,"href":"https:\/\/www.europesays.com\/de\/wp-json\/wp\/v2\/users\/2"}],"replies":[{"embeddable":true,"href":"https:\/\/www.europesays.com\/de\/wp-json\/wp\/v2\/comments?post=508875"}],"version-history":[{"count":0,"href":"https:\/\/www.europesays.com\/de\/wp-json\/wp\/v2\/posts\/508875\/revisions"}],"wp:featuredmedia":[{"embeddable":true,"href":"https:\/\/www.europesays.com\/de\/wp-json\/wp\/v2\/media\/508876"}],"wp:attachment":[{"href":"https:\/\/www.europesays.com\/de\/wp-json\/wp\/v2\/media?parent=508875"}],"wp:term":[{"taxonomy":"category","embeddable":true,"href":"https:\/\/www.europesays.com\/de\/wp-json\/wp\/v2\/categories?post=508875"},{"taxonomy":"post_tag","embeddable":true,"href":"https:\/\/www.europesays.com\/de\/wp-json\/wp\/v2\/tags?post=508875"}],"curies":[{"name":"wp","href":"https:\/\/api.w.org\/{rel}","templated":true}]}}