{"id":508877,"date":"2025-10-18T17:22:12","date_gmt":"2025-10-18T17:22:12","guid":{"rendered":"https:\/\/www.europesays.com\/de\/508877\/"},"modified":"2025-10-18T17:22:12","modified_gmt":"2025-10-18T17:22:12","slug":"ig-metall-chefin-fordert-mehr-zeit-fuer-motorenwerk-in-chemnitz","status":"publish","type":"post","link":"https:\/\/www.europesays.com\/de\/508877\/","title":{"rendered":"IG-Metall-Chefin fordert mehr Zeit f\u00fcr Motorenwerk in Chemnitz"},"content":{"rendered":"<p class=\"bold\">\n\t\t\t\t\t\t\t\t\t\tW\u00e4hrend des Besuches von Christiane Benner im VW-Motorenwerk ist die Produktion voll ausgelastet. Allerdings soll es ab 2035 in der EU keine neuen Verbrenner mehr geben. Worin die Gewerkschafterin eine L\u00f6sung f\u00fcr Komponentenwerke sieht.\t\t\t\t<\/p>\n<p>\t\t\t\t Hoher Besuch bei VW in Chemnitz. Christiane Benner ist auch in ihrer Doppelfunktion f\u00fcr das Motorenwerk wichtig. Denn die 57-J\u00e4hrige ist nicht nur Bundesvorsitzende der IG-Metall, sondern sitzt seit M\u00e4rz auch im Aufsichtsrat des VW-Konzerns.<\/p>\n<p>\t\t<img decoding=\"async\" class=\"fp-plus-logo\" src=\"https:\/\/www.freiepresse.de\/img\/fpplus.svg\" alt=\"Freie Presse plus Logo\"\/><\/p>\n<p>Registrieren und testen.<\/p>\n<p>Jetzt mit Ihrer Registrierung 1 Monat gratis testen und alle Beitr\u00e4ge lesen.<\/p>\n<p>Schon Abonnent? Melden Sie sich mit ihren Zugangsdaten an.<\/p>\n","protected":false},"excerpt":{"rendered":"W\u00e4hrend des Besuches von Christiane Benner im VW-Motorenwerk ist die Produktion voll ausgelastet. Allerdings soll es ab 2035&hellip;\n","protected":false},"author":2,"featured_media":508878,"comment_status":"","ping_status":"","sticky":false,"template":"","format":"standard","meta":{"footnotes":""},"categories":[1851],"tags":[2770,3364,29,548,663,3934,3858,30,13,14,15,859,12],"class_list":{"0":"post-508877","1":"post","2":"type-post","3":"status-publish","4":"format-standard","5":"has-post-thumbnail","7":"category-chemnitz","8":"tag-chemnitz","9":"tag-de","10":"tag-deutschland","11":"tag-eu","12":"tag-europa","13":"tag-europe","14":"tag-firmenleben-firmen-in-not","15":"tag-germany","16":"tag-headlines","17":"tag-nachrichten","18":"tag-news","19":"tag-sachsen","20":"tag-schlagzeilen"},"share_on_mastodon":{"url":"https:\/\/pubeurope.com\/@de\/115396329099165483","error":""},"_links":{"self":[{"href":"https:\/\/www.europesays.com\/de\/wp-json\/wp\/v2\/posts\/508877","targetHints":{"allow":["GET"]}}],"collection":[{"href":"https:\/\/www.europesays.com\/de\/wp-json\/wp\/v2\/posts"}],"about":[{"href":"https:\/\/www.europesays.com\/de\/wp-json\/wp\/v2\/types\/post"}],"author":[{"embeddable":true,"href":"https:\/\/www.europesays.com\/de\/wp-json\/wp\/v2\/users\/2"}],"replies":[{"embeddable":true,"href":"https:\/\/www.europesays.com\/de\/wp-json\/wp\/v2\/comments?post=508877"}],"version-history":[{"count":0,"href":"https:\/\/www.europesays.com\/de\/wp-json\/wp\/v2\/posts\/508877\/revisions"}],"wp:featuredmedia":[{"embeddable":true,"href":"https:\/\/www.europesays.com\/de\/wp-json\/wp\/v2\/media\/508878"}],"wp:attachment":[{"href":"https:\/\/www.europesays.com\/de\/wp-json\/wp\/v2\/media?parent=508877"}],"wp:term":[{"taxonomy":"category","embeddable":true,"href":"https:\/\/www.europesays.com\/de\/wp-json\/wp\/v2\/categories?post=508877"},{"taxonomy":"post_tag","embeddable":true,"href":"https:\/\/www.europesays.com\/de\/wp-json\/wp\/v2\/tags?post=508877"}],"curies":[{"name":"wp","href":"https:\/\/api.w.org\/{rel}","templated":true}]}}