{"id":508879,"date":"2025-10-18T17:23:13","date_gmt":"2025-10-18T17:23:13","guid":{"rendered":"https:\/\/www.europesays.com\/de\/508879\/"},"modified":"2025-10-18T17:23:13","modified_gmt":"2025-10-18T17:23:13","slug":"f95-trainer-anfang-nach-braunschweig-spiel-beunruhigt","status":"publish","type":"post","link":"https:\/\/www.europesays.com\/de\/508879\/","title":{"rendered":"F95-Trainer Anfang nach Braunschweig-Spiel beunruhigt"},"content":{"rendered":"<p class=\"text_ohne_einzug richtext text-em-55 !leading-serif mx-6 desktop:mx-0\">Wer aus dem n\u00e4chsten v\u00f6llig verkorksten Abend wenigstens eine einzige positive Erkenntnis mitnehmen wollte, bekam tats\u00e4chlich noch die Gelegenheit dazu. Allerdings erst zu sp\u00e4ter Stunde, weit nach der 1:2-Niederlage von Zweitligist Fortuna gegen Eintracht <a href=\"https:\/\/rp-online.de\/thema\/braunschweig\/\" target=\"_blank\" rel=\"noopener\">Braunschweig<\/a>, und dar\u00fcber hinaus auch nur im f\u00fcr die \u00d6ffentlichkeit nicht zug\u00e4nglichen Presseraum der Stockumer Arena. Dort stand Markus Anfang, der neue Trainer des Traditionsvereins aus <a href=\"https:\/\/rp-online.de\/thema\/duesseldorf\/\" target=\"_blank\" rel=\"noopener\">D\u00fcsseldorf<\/a>, als alle Fernsehkameras aus waren, an einem Stehtisch und schaffte das eigentlich Unm\u00f6gliche: zumindest ein wenig Zuversicht zu verbreiten.<\/p>\n","protected":false},"excerpt":{"rendered":"Wer aus dem n\u00e4chsten v\u00f6llig verkorksten Abend wenigstens eine einzige positive Erkenntnis mitnehmen wollte, bekam tats\u00e4chlich noch die&hellip;\n","protected":false},"author":2,"featured_media":508880,"comment_status":"","ping_status":"","sticky":false,"template":"","format":"standard","meta":{"footnotes":""},"categories":[1850],"tags":[6429,3364,29,548,663,3934,11450,30,13,14,15,1411,12],"class_list":{"0":"post-508879","1":"post","2":"type-post","3":"status-publish","4":"format-standard","5":"has-post-thumbnail","7":"category-braunschweig","8":"tag-braunschweig","9":"tag-de","10":"tag-deutschland","11":"tag-eu","12":"tag-europa","13":"tag-europe","14":"tag-fortunas","15":"tag-germany","16":"tag-headlines","17":"tag-nachrichten","18":"tag-news","19":"tag-niedersachsen","20":"tag-schlagzeilen"},"share_on_mastodon":{"url":"https:\/\/pubeurope.com\/@de\/115396332990813703","error":""},"_links":{"self":[{"href":"https:\/\/www.europesays.com\/de\/wp-json\/wp\/v2\/posts\/508879","targetHints":{"allow":["GET"]}}],"collection":[{"href":"https:\/\/www.europesays.com\/de\/wp-json\/wp\/v2\/posts"}],"about":[{"href":"https:\/\/www.europesays.com\/de\/wp-json\/wp\/v2\/types\/post"}],"author":[{"embeddable":true,"href":"https:\/\/www.europesays.com\/de\/wp-json\/wp\/v2\/users\/2"}],"replies":[{"embeddable":true,"href":"https:\/\/www.europesays.com\/de\/wp-json\/wp\/v2\/comments?post=508879"}],"version-history":[{"count":0,"href":"https:\/\/www.europesays.com\/de\/wp-json\/wp\/v2\/posts\/508879\/revisions"}],"wp:featuredmedia":[{"embeddable":true,"href":"https:\/\/www.europesays.com\/de\/wp-json\/wp\/v2\/media\/508880"}],"wp:attachment":[{"href":"https:\/\/www.europesays.com\/de\/wp-json\/wp\/v2\/media?parent=508879"}],"wp:term":[{"taxonomy":"category","embeddable":true,"href":"https:\/\/www.europesays.com\/de\/wp-json\/wp\/v2\/categories?post=508879"},{"taxonomy":"post_tag","embeddable":true,"href":"https:\/\/www.europesays.com\/de\/wp-json\/wp\/v2\/tags?post=508879"}],"curies":[{"name":"wp","href":"https:\/\/api.w.org\/{rel}","templated":true}]}}