{"id":508882,"date":"2025-10-18T17:25:12","date_gmt":"2025-10-18T17:25:12","guid":{"rendered":"https:\/\/www.europesays.com\/de\/508882\/"},"modified":"2025-10-18T17:25:12","modified_gmt":"2025-10-18T17:25:12","slug":"so-zieht-sich-die-armut-in-gelsenkirchen-durch-alle-generationen","status":"publish","type":"post","link":"https:\/\/www.europesays.com\/de\/508882\/","title":{"rendered":"So zieht sich die Armut in Gelsenkirchen durch alle Generationen"},"content":{"rendered":"<p class=\"expressive-copy-lg-body\">In keiner Stadt Nordrhein-Westfalens ist die soziale Not so gro\u00df wie in <a href=\"https:\/\/www.waz.de\/lokales\/gelsenkirchen\/\" target=\"_blank\" rel=\"nofollow noopener\">Gelsenkirche<\/a>n. Das haben Zahlen des Statistischen Landesamtes erneut best\u00e4tigt. <\/p>\n<p class=\"expressive-copy-lg-body\">Zum Jahresende 2024 lebten hier 58.015 Menschen von Mindestsicherungsleistungen \u2013 das entspricht einer Quote von 21,7 Prozent. <strong>Damit ist jeder f\u00fcnfte Gelsenkirchener auf staatliche Unterst\u00fctzung angewiesen<\/strong>. Im Landesdurchschnitt betr\u00e4gt die Mindestsicherungsquote nach Angaben des Statistischen Landesamtes lediglich 11,1 Prozent.<\/p>\n<p class=\"expressive-copy-lg-body\">W\u00e4hrend in Gelsenkirchen die Zahl der Betroffenen seit Jahren auf hohem Niveau stagniert, zeigt sich landesweit ein leichter R\u00fcckgang. NRW-weit bezogen 1,997 Millionen Menschen Leistungen der sozialen Mindestsicherung \u2013 rund 9600 weniger als im Vorjahr.<\/p>\n<p>Besonders viele junge Betroffene in Gelsenkirchen<\/p>\n<p class=\"expressive-copy-lg-body\">Ein genauer Blick auf die lokale Statistik zeigt: In Gelsenkirchen sind 18.019 Kinder und Jugendliche unter 18 Jahren auf Sozialleistungen angewiesen. Die gr\u00f6\u00dfte Gruppe stellen mit 19.973 Personen die 30- bis unter 55-J\u00e4hrigen. Zudem erhalten 8936 junge Erwachsene zwischen 18 und 30 Jahren und 11.087 Menschen ab 55 Jahren Unterst\u00fctzung. Damit zieht sich Armut durch alle Generationen der Stadt.<\/p>\n<p class=\"expressive-copy-lg-body\">Nahezu gleich gro\u00df ist der Anteil deutscher und ausl\u00e4ndischer Leistungsbeziehender: 28.994 Deutsche und 29.021 Menschen anderer Nationalit\u00e4t beziehen Mindestsicherung. In Gelsenkirchen leben rund 265.000 Menschen, rund ein Viertel sind Nichtdeutsche.<\/p>\n<p class=\"expressive-copy-lg-body\">Insgesamt liegt die Mindestsicherungsquote in NRW 2024 bei 11,1 Prozent \u2013 etwa jeder neunte Einwohner ist betroffen. Auff\u00e4llig ist ein Anstieg der Grundsicherung im Alter, die zum vierten Mal in Folge zulegte: 321.050 Menschen bezogen diese Leistung, ein Plus von 6,4 Prozent. Gleichzeitig ging die Zahl der Asylbewerberleistungen um 14,6 Prozent und der B\u00fcrgergeldempf\u00e4nger um 0,4 Prozent zur\u00fcck. <\/p>\n<p>Ruhrgebietskommunen am st\u00e4rksten belastet<\/p>\n<p class=\"expressive-copy-lg-body\">Die h\u00f6chsten Quoten verzeichnet das Ruhrgebiet: Nach Gelsenkirchen folgen Essen, Dortmund und Gladbeck mit jeweils \u00fcber 17 Prozent. Besonders gering ist die Abh\u00e4ngigkeit von Mindestsicherungsleistungen im M\u00fcnsterland \u2013 etwa in Raesfeld (3,7 Prozent) und S\u00fcdlohn (3,9 Prozent) im Kreis Borken.<\/p>\n<p>   Gelsenkirchen-Newsletter: Jetzt anmelden!<\/p>\n<p class=\"text-body2 mt-2\">Nachrichten, Service, Reportagen: Jeden Tag wissen, was in unserer Stadt los ist.<\/p>\n<p class=\"text-caption text-copy-secondary\">\n          Mit meiner Anmeldung zum Newsletter stimme ich der<br \/>\n          <a href=\"https:\/\/www.waz.de\/services\/newsletter-adconsent\" class=\"text-overline text-copy-accent-negative dark:underline\" rel=\"nofollow noopener\" target=\"_blank\">Werbevereinbarung<\/a><br \/>\n          zu.\n        <\/p>\n<p class=\"expressive-copy-lg-body\"><strong>Sie wollen keine Nachricht aus Gelsenkirchen verpassen? <a href=\"https:\/\/www.waz.de\/staedte\/gelsenkirchen\/article229659256\/Gelsenkirchen-So-abonnieren-Sie-unseren-WAZ-Newsletter.html\" data-category-full-path=\"\/staedte\/gelsenkirchen\/\" data-paid-status=\"free\" data-article-publish-date=\"1596115466\" rel=\"nofollow noopener\" target=\"_blank\">Abonnieren Sie hier unseren t\u00e4glichen Newsletter<\/a>. Mehr aus unserer Lokalredaktion gibt es auf unseren <a href=\"https:\/\/www.facebook.com\/WAZGelsenkirchen\/?locale=de_DE\" target=\"_blank\" rel=\"nofollow noopener\">Facebook<\/a>&#8211; und <a href=\"https:\/\/www.instagram.com\/waz_gelsenkirchen\/\" target=\"_blank\" rel=\"nofollow noopener\">Instagram-Kan\u00e4len.<\/a> Abonnieren Sie auch unser t\u00e4gliches, kostenloses News-Update auf <a href=\"https:\/\/www.waz.de\/staedte\/gelsenkirchen\/article241929358\/Neu-bei-WhatsApp-Jetzt-die-WAZ-Gelsenkirchen-abonnieren.html\" data-category-full-path=\"\/staedte\/gelsenkirchen\/\" data-paid-status=\"default\" data-article-publish-date=\"1711449600\" rel=\"nofollow noopener\" target=\"_blank\">WhatsApp<\/a>. Oder besuchen Sie die WAZ Gelsenkirchen jetzt auf <a href=\"https:\/\/www.tiktok.com\/@waz_gelsenkirchen?lang=de-DE\" target=\"_blank\" rel=\"nofollow noopener\">TikTok<\/a>. <\/strong><\/p>\n<p class=\"expressive-copy-lg-body\">Hintergrund:  Zur sozialen Mindestsicherung z\u00e4hlen das B\u00fcrgergeld (SGB II), die Grundsicherung im Alter und bei Erwerbsminderung (SGB XII), die Hilfe zum Lebensunterhalt sowie Leistungen nach dem Asylbewerberleistungsgesetz (AsylbLG).<\/p>\n<p>    <script async src=\"\/\/www.instagram.com\/embed.js\"><\/script><script async src=\"\/\/www.tiktok.com\/embed.js\"><\/script><\/p>\n","protected":false},"excerpt":{"rendered":"In keiner Stadt Nordrhein-Westfalens ist die soziale Not so gro\u00df wie in Gelsenkirchen. Das haben Zahlen des Statistischen&hellip;\n","protected":false},"author":2,"featured_media":508883,"comment_status":"","ping_status":"","sticky":false,"template":"","format":"standard","meta":{"footnotes":""},"categories":[1848],"tags":[3364,29,548,663,3934,3658,30,13,14,15,1209,12],"class_list":{"0":"post-508882","1":"post","2":"type-post","3":"status-publish","4":"format-standard","5":"has-post-thumbnail","7":"category-gelsenkirchen","8":"tag-de","9":"tag-deutschland","10":"tag-eu","11":"tag-europa","12":"tag-europe","13":"tag-gelsenkirchen","14":"tag-germany","15":"tag-headlines","16":"tag-nachrichten","17":"tag-news","18":"tag-nordrhein-westfalen","19":"tag-schlagzeilen"},"share_on_mastodon":{"url":"https:\/\/pubeurope.com\/@de\/115396340879769211","error":""},"_links":{"self":[{"href":"https:\/\/www.europesays.com\/de\/wp-json\/wp\/v2\/posts\/508882","targetHints":{"allow":["GET"]}}],"collection":[{"href":"https:\/\/www.europesays.com\/de\/wp-json\/wp\/v2\/posts"}],"about":[{"href":"https:\/\/www.europesays.com\/de\/wp-json\/wp\/v2\/types\/post"}],"author":[{"embeddable":true,"href":"https:\/\/www.europesays.com\/de\/wp-json\/wp\/v2\/users\/2"}],"replies":[{"embeddable":true,"href":"https:\/\/www.europesays.com\/de\/wp-json\/wp\/v2\/comments?post=508882"}],"version-history":[{"count":0,"href":"https:\/\/www.europesays.com\/de\/wp-json\/wp\/v2\/posts\/508882\/revisions"}],"wp:featuredmedia":[{"embeddable":true,"href":"https:\/\/www.europesays.com\/de\/wp-json\/wp\/v2\/media\/508883"}],"wp:attachment":[{"href":"https:\/\/www.europesays.com\/de\/wp-json\/wp\/v2\/media?parent=508882"}],"wp:term":[{"taxonomy":"category","embeddable":true,"href":"https:\/\/www.europesays.com\/de\/wp-json\/wp\/v2\/categories?post=508882"},{"taxonomy":"post_tag","embeddable":true,"href":"https:\/\/www.europesays.com\/de\/wp-json\/wp\/v2\/tags?post=508882"}],"curies":[{"name":"wp","href":"https:\/\/api.w.org\/{rel}","templated":true}]}}