{"id":508884,"date":"2025-10-18T17:26:26","date_gmt":"2025-10-18T17:26:26","guid":{"rendered":"https:\/\/www.europesays.com\/de\/508884\/"},"modified":"2025-10-18T17:26:26","modified_gmt":"2025-10-18T17:26:26","slug":"wiesbaden-mann-wirft-bierflasche-auf-polizei-und-wird-getasert-regional","status":"publish","type":"post","link":"https:\/\/www.europesays.com\/de\/508884\/","title":{"rendered":"Wiesbaden: Mann wirft Bierflasche auf Polizei und wird getasert | Regional"},"content":{"rendered":"<p>Wiesbaden \u2013 <b>Ein 32-J\u00e4hriger sorgte am Samstag, 18.10.2025, von 12:05 bis 12:25 Uhr f\u00fcr Aufruhr, als er Polizeikr\u00e4fte mit einer Bierflasche und St\u00fchlen attackierte.<\/b><\/p>\n<p>Der Vorfall begann in einem Caf\u00e9 in der Taunusstra\u00dfe, wo der Mann einer 65-J\u00e4hrigen Zigaretten stahl. Danach ging er in einen Kiosk, schnappte sich Kaugummis und verletzte den 40-j\u00e4hrigen Besitzer mit einem Stift oberhalb des Auges, als dieser ihn zur Zahlung aufforderte.<\/p>\n<p>Auch interessant<\/p>\n<p>Anzeige<\/p>\n<p>Auch interessant<\/p>\n<p>Anzeige<\/p>\n<p>Die Polizei stellte den Mann am Kranzplatz. Trotz wiederholter Warnungen warf er St\u00fchle und eine Bierflasche nach den Beamten. Der Einsatz eines Tasers und Pfeffersprays f\u00fchrte schlie\u00dflich zu seiner Festnahme. Der Mann wurde leicht verletzt in ein psychiatrisches Krankenhaus gebracht. Die Staatsanwaltschaft ordnete eine Blutentnahme an.<\/p>\n<p>Zwei Polizisten wurden bei der Festnahme leicht verletzt, konnten jedoch weiter im Dienst bleiben. Gegen den 32-J\u00e4hrigen laufen Ermittlungen wegen r\u00e4uberischen Diebstahls, Diebstahls, Widerstands und t\u00e4tlichen Angriffs.<\/p>\n<p><b>Zeugen werden gebeten, sich beim 2. Polizeirevier unter der Rufnummer 0611\/345-2240 zu melden.<\/b><\/p>\n<p>Dieser Text basiert auf einer offiziellen Beh\u00f6rden-Information und wurde mit Hilfe von KI erstellt.<\/p>\n","protected":false},"excerpt":{"rendered":"Wiesbaden \u2013 Ein 32-J\u00e4hriger sorgte am Samstag, 18.10.2025, von 12:05 bis 12:25 Uhr f\u00fcr Aufruhr, als er Polizeikr\u00e4fte&hellip;\n","protected":false},"author":2,"featured_media":464254,"comment_status":"","ping_status":"","sticky":false,"template":"","format":"standard","meta":{"footnotes":""},"categories":[1847],"tags":[3364,29,1686,548,663,3934,30,1000,13,2052,2509,14,15,12,45,1995,4544],"class_list":{"0":"post-508884","1":"post","2":"type-post","3":"status-publish","4":"format-standard","5":"has-post-thumbnail","7":"category-wiesbaden","8":"tag-de","9":"tag-deutschland","10":"tag-diebstahl","11":"tag-eu","12":"tag-europa","13":"tag-europe","14":"tag-germany","15":"tag-gewalt","16":"tag-headlines","17":"tag-hessen","18":"tag-ki-ots","19":"tag-nachrichten","20":"tag-news","21":"tag-schlagzeilen","22":"tag-texttospeech","23":"tag-verbrechen","24":"tag-wiesbaden"},"share_on_mastodon":{"url":"https:\/\/pubeurope.com\/@de\/115396344966544171","error":""},"_links":{"self":[{"href":"https:\/\/www.europesays.com\/de\/wp-json\/wp\/v2\/posts\/508884","targetHints":{"allow":["GET"]}}],"collection":[{"href":"https:\/\/www.europesays.com\/de\/wp-json\/wp\/v2\/posts"}],"about":[{"href":"https:\/\/www.europesays.com\/de\/wp-json\/wp\/v2\/types\/post"}],"author":[{"embeddable":true,"href":"https:\/\/www.europesays.com\/de\/wp-json\/wp\/v2\/users\/2"}],"replies":[{"embeddable":true,"href":"https:\/\/www.europesays.com\/de\/wp-json\/wp\/v2\/comments?post=508884"}],"version-history":[{"count":0,"href":"https:\/\/www.europesays.com\/de\/wp-json\/wp\/v2\/posts\/508884\/revisions"}],"wp:featuredmedia":[{"embeddable":true,"href":"https:\/\/www.europesays.com\/de\/wp-json\/wp\/v2\/media\/464254"}],"wp:attachment":[{"href":"https:\/\/www.europesays.com\/de\/wp-json\/wp\/v2\/media?parent=508884"}],"wp:term":[{"taxonomy":"category","embeddable":true,"href":"https:\/\/www.europesays.com\/de\/wp-json\/wp\/v2\/categories?post=508884"},{"taxonomy":"post_tag","embeddable":true,"href":"https:\/\/www.europesays.com\/de\/wp-json\/wp\/v2\/tags?post=508884"}],"curies":[{"name":"wp","href":"https:\/\/api.w.org\/{rel}","templated":true}]}}