{"id":508885,"date":"2025-10-18T17:27:15","date_gmt":"2025-10-18T17:27:15","guid":{"rendered":"https:\/\/www.europesays.com\/de\/508885\/"},"modified":"2025-10-18T17:27:15","modified_gmt":"2025-10-18T17:27:15","slug":"said-el-mala-erzielt-koelner-11-gegen-augsburg","status":"publish","type":"post","link":"https:\/\/www.europesays.com\/de\/508885\/","title":{"rendered":"Said El Mala erzielt K\u00f6lner 1:1 gegen Augsburg"},"content":{"rendered":"<p class=\"p1 sm:p1-medium items-start pb-[20px]\" data-selector=\"body-paragraph\" data-external-selector=\"body-elements-paragraph\" data-v-f16c667d=\"\" data-v-439309db=\"\">Said El Mala hat mit seinem n\u00e4chsten Geniestreich <a class=\"rtr-entity\" data-rtr-id=\"92314592dbed8da9af902a495d61491a1f747d6b\" href=\"https:\/\/www.faz.net\/aktuell\/sport\/thema\/sandro-wagner\" title=\"Sandro Wagner\" rel=\"nofollow noopener\" target=\"_blank\">Sandro Wagner<\/a> ein weiteres Erfolgserlebnis versaut. Dank eines Traumtores seines Shootingstars (76.) rettete Aufsteiger 1. FC K\u00f6ln beim 1:1 (0:0) einen Punkt gegen Wagners FC Augsburg\u00a0\u2013 und erhielt\u00a0von Wagner sp\u00e4ter einen anerkennenden Klaps auf die Wange,<\/p>\n<p class=\"p1 sm:p1-medium items-start pb-[20px]\" data-selector=\"body-paragraph\" data-external-selector=\"body-elements-paragraph\" data-v-f16c667d=\"\" data-v-439309db=\"\">\u201eDen knallt er super rein. Wir sind froh, dass er bei uns ist&#8220;, sagte K\u00f6lns Mittelfeldspieler Eric Martel bei Sky \u00fcber El Mala. Der U21-Nationalspieler hatte nach einer sch\u00f6nen Einzelaktion in den Winkel getroffen, es war sein drittes Saisontor. \u201eEins gegen eins und von au\u00dfen: das ist genau seine St\u00e4rke\u201c, so Martel.<\/p>\n<p class=\"p1 sm:p1-medium items-start pb-[20px]\" data-selector=\"body-paragraph\" data-external-selector=\"body-elements-paragraph\" data-v-f16c667d=\"\" data-v-439309db=\"\">Fabian Rieder (54.) hatte die G\u00e4ste vor 50.000 Zuschauern per Foulelfmeter in F\u00fchrung gebracht, ehe Joker El Mala das ausverkaufte M\u00fcngersdorfer Stadion mit seinem dritten Saisontor zum Beben brachte. Die K\u00f6lner von Trainer Lukas Kwasniok finden sich nach sieben Spieltagen mit elf Punkten unter den Top-Teams der Liga wieder:\u00a0\u201cWir wissen, dass wir noch viel vor uns haben. Aber wir sind eine richtig gute Truppe, deshalb stehen wir da, wo wir stehen\u201c, sagte FC-Keeper Marvin Schw\u00e4be.<a class=\"rtr-entity\" data-rtr-id=\"9ccf057d3b23cb7d825f785909bf1116bdcc2650\" href=\"https:\/\/www.faz.net\/aktuell\/politik\/thema\/augsburg\" title=\"Augsburg\" rel=\"nofollow noopener\" target=\"_blank\">\u00a0Augsburg<\/a> blieb nach dem schwachen Saisonstart immerhin im zweiten Spiel in Serie ohne Niederlage.<\/p>\n<p class=\"p1 sm:p1-medium items-start pb-[20px]\" data-selector=\"body-paragraph\" data-external-selector=\"body-elements-paragraph\" data-v-f16c667d=\"\" data-v-439309db=\"\">Beide Trainer wechselten im Vergleich zu den Siegen vor der L\u00e4nderspielpause einmal. Wagner brachte gegen\u00fcber dem 3:1 gegen den VfL Wolfsburg Anton Kade f\u00fcr Elvis Rexhbecaj, bei <a class=\"rtr-entity\" data-rtr-id=\"0b82ad07b145b3b1e655ae74d9cedd46f0c7c810\" href=\"https:\/\/www.faz.net\/aktuell\/wirtschaft\/thema\/koeln\" title=\"K\u00f6ln\" rel=\"nofollow noopener\" target=\"_blank\">K\u00f6ln<\/a> musste Shootingstar El Mala nach seinem Startelfdeb\u00fct und Solo-Tor in Hoffenheim (1:0) erstmal wieder auf der Bank Platz nehmen. Er wolle den 19-J\u00e4hrigen \u201enicht verheizen\u201c, betonte Kwasniok bei DAZN. \u201eIch hoffe, dass er das Spiel hintenraus entscheiden kann.\u201c<\/p>\n<p class=\"p1 sm:p1-medium items-start pb-[20px]\" data-selector=\"body-paragraph\" data-external-selector=\"body-elements-paragraph\" data-v-f16c667d=\"\" data-v-439309db=\"\">Erst einmal sollten es andere richten, beim Einlaufen der Teams waren dennoch alle Kameras auf den Dribbelk\u00fcnstler gerichtet. Die Anfangsphase war gepr\u00e4gt von vielen kleinen Fouls, Kade (5.) und Kapit\u00e4n Karistijan Jakic (20.) sahen bei den G\u00e4sten schon fr\u00fch die Gelbe Karte.<\/p>\n<p class=\"p1 sm:p1-medium items-start pb-[20px]\" data-selector=\"body-paragraph\" data-external-selector=\"body-elements-paragraph\" data-v-f16c667d=\"\" data-v-439309db=\"\">Chancen gab es kaum, die ersten guten Gelegenheiten erspielten sich die K\u00f6lner. Ein schwach getretener Freisto\u00df von El-Mala-Vertreter Luca Waldschmidt aus 17 Metern war leichte Beute f\u00fcr Torwart Finn Dahmen (22.), Jakub Kaminski weckte das Stadion mit seinem Pfostenschuss dann erstmals so richtig auf (26.).<\/p>\n<p class=\"p1 sm:p1-medium items-start pb-[20px]\" data-selector=\"body-paragraph\" data-external-selector=\"body-elements-paragraph\" data-v-f16c667d=\"\" data-v-439309db=\"\">Beide Teams agierten ohne echten Mittelst\u00fcrmer, der FCA hatte bis zur Pause nicht einen einzigen gef\u00e4hrlichen Torabschluss. Erst ein Elfmeter brachte nach dem Seitenwechsel Drive ins Spiel: Dominique Heintz lie\u00df gegen Kade das Bein stehen, den Strafsto\u00df verwandelte Rieder sicher.<\/p>\n<p class=\"p1 sm:p1-medium items-start pb-[20px]\" data-selector=\"body-paragraph\" data-external-selector=\"body-elements-paragraph\" data-v-f16c667d=\"\" data-v-439309db=\"\">Kwasniok reagierte, brachte in Marius B\u00fclter und El Mala (59.) sowie Ragnar Ache und Florian Kainz (74.) reichlich Offensivkr\u00e4fte. Das zahlte sich aus. El Mala setzte den Ball nach einem wundersch\u00f6nen Solo unter die Latte und wurde von den Fans als \u201eFu\u00dfballgott\u201c gefeiert.<\/p>\n","protected":false},"excerpt":{"rendered":"Said El Mala hat mit seinem n\u00e4chsten Geniestreich Sandro Wagner ein weiteres Erfolgserlebnis versaut. Dank eines Traumtores seines&hellip;\n","protected":false},"author":2,"featured_media":508886,"comment_status":"","ping_status":"","sticky":false,"template":"","format":"standard","meta":{"footnotes":""},"categories":[1846],"tags":[680,772,3364,29,548,663,3934,30,13,14,15,12],"class_list":{"0":"post-508885","1":"post","2":"type-post","3":"status-publish","4":"format-standard","5":"has-post-thumbnail","7":"category-augsburg","8":"tag-augsburg","9":"tag-bayern","10":"tag-de","11":"tag-deutschland","12":"tag-eu","13":"tag-europa","14":"tag-europe","15":"tag-germany","16":"tag-headlines","17":"tag-nachrichten","18":"tag-news","19":"tag-schlagzeilen"},"share_on_mastodon":{"url":"https:\/\/pubeurope.com\/@de\/115396349169213620","error":""},"_links":{"self":[{"href":"https:\/\/www.europesays.com\/de\/wp-json\/wp\/v2\/posts\/508885","targetHints":{"allow":["GET"]}}],"collection":[{"href":"https:\/\/www.europesays.com\/de\/wp-json\/wp\/v2\/posts"}],"about":[{"href":"https:\/\/www.europesays.com\/de\/wp-json\/wp\/v2\/types\/post"}],"author":[{"embeddable":true,"href":"https:\/\/www.europesays.com\/de\/wp-json\/wp\/v2\/users\/2"}],"replies":[{"embeddable":true,"href":"https:\/\/www.europesays.com\/de\/wp-json\/wp\/v2\/comments?post=508885"}],"version-history":[{"count":0,"href":"https:\/\/www.europesays.com\/de\/wp-json\/wp\/v2\/posts\/508885\/revisions"}],"wp:featuredmedia":[{"embeddable":true,"href":"https:\/\/www.europesays.com\/de\/wp-json\/wp\/v2\/media\/508886"}],"wp:attachment":[{"href":"https:\/\/www.europesays.com\/de\/wp-json\/wp\/v2\/media?parent=508885"}],"wp:term":[{"taxonomy":"category","embeddable":true,"href":"https:\/\/www.europesays.com\/de\/wp-json\/wp\/v2\/categories?post=508885"},{"taxonomy":"post_tag","embeddable":true,"href":"https:\/\/www.europesays.com\/de\/wp-json\/wp\/v2\/tags?post=508885"}],"curies":[{"name":"wp","href":"https:\/\/api.w.org\/{rel}","templated":true}]}}