{"id":508895,"date":"2025-10-18T17:33:24","date_gmt":"2025-10-18T17:33:24","guid":{"rendered":"https:\/\/www.europesays.com\/de\/508895\/"},"modified":"2025-10-18T17:33:24","modified_gmt":"2025-10-18T17:33:24","slug":"raeuber-buddeln-1900-jahre-alte-schaetze-aus-germanen-dorf-regional","status":"publish","type":"post","link":"https:\/\/www.europesays.com\/de\/508895\/","title":{"rendered":"R\u00e4uber buddeln 1900 Jahre alte Sch\u00e4tze aus Germanen-Dorf | Regional"},"content":{"rendered":"<p>Bielefeld (NRW) \u2013 <b>Die Siedlung ist fast so alt wie die jetzige Zeitrechnung, Wissenschaftler begannen gerade erst mit der Freilegung lange verborgener Geb\u00e4udereste und der Ausgrabung unz\u00e4hliger Alltagsgegenst\u00e4nde unserer germanischen Vorfahren. Doch nun schlugen Pl\u00fcnderer r\u00fccksichtslos zu, bedienten sich an den alten Sch\u00e4tzen.<\/b><\/p>\n<p>Laut Landschaftsverband Westfalen-Lippe (LWL) findet eine gro\u00dfe <a href=\"https:\/\/www.bild.de\/themen\/specials\/archaeologie-und-ausgrabungen-alle-news-und-infos-ICMeZzpzVP22F2eRGL0C\" class=\"text-link\" target=\"_blank\" rel=\"noopener\">arch\u00e4ologische Ausgrabung<\/a> in Bielefeld statt. Im Stadtteil Sieker wurde demnach eine neue Grundschule gebaut, als es zur Entdeckung mehrerer fast 1900 Jahre alter Hausgrundrisse kam.<\/p>\n<p>Bereits in den 1980er Jahren waren in der Nachbarschaft antike Siedlungsspuren und ein zugeh\u00f6riges Gr\u00e4berfeld erforscht worden. Der LWL: \u201eEs handelt sich um die bisher gr\u00f6\u00dfte einheimische (germanische) Siedlungsfundstelle der r\u00f6mischen Kaiserzeit in Westfalen.\u201c <\/p>\n<p>Pl\u00fcnderer gruben Metalle aus  <\/p>\n<p>Die Bewohner besa\u00dfen unter anderem qualitativ hochwertige r\u00f6mische Objekte aus Metall \u2013 und darauf hatten es die Pl\u00fcnderer offenbar abgesehen: Am Montag stellte die Grabungsleiterin mehrere teilweise wieder gef\u00fcllte L\u00f6cher unter den Abdeckplanen fest: <a href=\"https:\/\/www.bild.de\/themen\/ereignisse\/diebstahl\/news-fotos-videos-17026676.bild.html\" class=\"text-link\" target=\"_blank\" rel=\"noopener\">Diebstahl<\/a>! Geklaut wurden wohl nicht nur Metalle, sondern auch Teile von mindestens einem Keramikgef\u00e4\u00df.<\/p>\n<p><img decoding=\"async\" width=\"992\" height=\"558\" alt=\"Sebastian D\u00fcvel und Grabungsleiterin Dr. Eva Manz vor einem gut 50 cm tiefen Raubgrabungsloch, in dem nur noch wenige Scherben zur\u00fcckgeblieben sind\" src=\"https:\/\/www.europesays.com\/de\/wp-content\/uploads\/2025\/10\/710bc052b59af584b1bf030ec6ad793a,8d93288\"   class=\"landscape\" loading=\"lazy\"\/><\/p>\n<p class=\"fig__caption__text\">Sebastian D\u00fcvel und Grabungsleiterin Dr. Eva Manz vor einem gut 50 cm tiefen Raubgrabungsloch, in dem nur noch wenige Scherben zur\u00fcckgeblieben sind<\/p>\n<p>Foto: Christoph Storz\/Arch\u00e4ologie am Hellweg eG<\/p>\n<p>Prof. Dr. Michael M. Rind, Direktor der LWL-Arch\u00e4ologie f\u00fcr Westfalen: \u201eDas ist gerade bei dieser besonderen Siedlung ein gro\u00dfer Verlust f\u00fcr die <a href=\"https:\/\/www.bild.de\/themen\/specials\/wissenschaft\/news-fotos-videos-17018634.bild.html\" class=\"text-link\" target=\"_blank\" rel=\"noopener\">Wissenschaft<\/a>.\u201c Es seien ein Bodendenkmal vor einer Dokumentierung zerst\u00f6rt und Objekte aus ihrem urspr\u00fcnglichen Kontext gerissen worden.<\/p>\n<p>Ausgrabungsst\u00e4tte soll besser gesichert werden<\/p>\n<p>Und das geschah nicht zum ersten Mal in Bielefeld-Sieker (<a href=\"https:\/\/www.bild.de\/regional\/nordrhein-westfalen\/home-npIP0qL0giWP1ZFIOHn2\" class=\"text-link\" target=\"_blank\" rel=\"noopener\">Nordrhein-Westfalen<\/a>): Bereits im August waren Spuren einer illegalen Begehung mit einer Metallsonde auf den Fl\u00e4chen der damaligen Ausgrabungsfl\u00e4che beobachtet worden.<\/p>\n<p>Mehr zum Thema<\/p>\n<p>Jetzt planen LWL und Stadt zus\u00e4tzliche Sicherungsma\u00dfnahmen f\u00fcr die Ausgrabungsstelle. \u201eWir hoffen, dass auf diese Weise weitere Verluste nicht nur f\u00fcr die Bielefelder Stadtgeschichte, sondern auch f\u00fcr die Geschichte Westfalens verhindert werden k\u00f6nnen\u201c, sagt Baudezernentin Claudia Koch.<\/p>\n<p>Au\u00dferdem sollen Anwohner, die abends oder nachts verd\u00e4chtige Beobachtungen machen, umgehend die <a href=\"https:\/\/www.bild.de\/regional\/aktuelles\/polizei\/polizeieinsatz-alle-infos-76681760.bild.html\" class=\"text-link\" target=\"_blank\" rel=\"noopener\">Polizei<\/a> verst\u00e4ndigen.<\/p>\n","protected":false},"excerpt":{"rendered":"Bielefeld (NRW) \u2013 Die Siedlung ist fast so alt wie die jetzige Zeitrechnung, Wissenschaftler begannen gerade erst mit&hellip;\n","protected":false},"author":2,"featured_media":508896,"comment_status":"","ping_status":"","sticky":false,"template":"","format":"standard","meta":{"footnotes":""},"categories":[1841],"tags":[90219,6425,1605,3364,29,1686,30,2989,1209,126824,121,45,126825,193],"class_list":{"0":"post-508895","1":"post","2":"type-post","3":"status-publish","4":"format-standard","5":"has-post-thumbnail","7":"category-bielefeld","8":"tag-antike","9":"tag-archaeologie","10":"tag-bielefeld","11":"tag-de","12":"tag-deutschland","13":"tag-diebstahl","14":"tag-germany","15":"tag-geschichte","16":"tag-nordrhein-westfalen","17":"tag-pluenderungen","18":"tag-polizei","19":"tag-texttospeech","20":"tag-vorfahren","21":"tag-wissenschaft"},"share_on_mastodon":{"url":"https:\/\/pubeurope.com\/@de\/115396372829532045","error":""},"_links":{"self":[{"href":"https:\/\/www.europesays.com\/de\/wp-json\/wp\/v2\/posts\/508895","targetHints":{"allow":["GET"]}}],"collection":[{"href":"https:\/\/www.europesays.com\/de\/wp-json\/wp\/v2\/posts"}],"about":[{"href":"https:\/\/www.europesays.com\/de\/wp-json\/wp\/v2\/types\/post"}],"author":[{"embeddable":true,"href":"https:\/\/www.europesays.com\/de\/wp-json\/wp\/v2\/users\/2"}],"replies":[{"embeddable":true,"href":"https:\/\/www.europesays.com\/de\/wp-json\/wp\/v2\/comments?post=508895"}],"version-history":[{"count":0,"href":"https:\/\/www.europesays.com\/de\/wp-json\/wp\/v2\/posts\/508895\/revisions"}],"wp:featuredmedia":[{"embeddable":true,"href":"https:\/\/www.europesays.com\/de\/wp-json\/wp\/v2\/media\/508896"}],"wp:attachment":[{"href":"https:\/\/www.europesays.com\/de\/wp-json\/wp\/v2\/media?parent=508895"}],"wp:term":[{"taxonomy":"category","embeddable":true,"href":"https:\/\/www.europesays.com\/de\/wp-json\/wp\/v2\/categories?post=508895"},{"taxonomy":"post_tag","embeddable":true,"href":"https:\/\/www.europesays.com\/de\/wp-json\/wp\/v2\/tags?post=508895"}],"curies":[{"name":"wp","href":"https:\/\/api.w.org\/{rel}","templated":true}]}}