{"id":508919,"date":"2025-10-18T17:47:14","date_gmt":"2025-10-18T17:47:14","guid":{"rendered":"https:\/\/www.europesays.com\/de\/508919\/"},"modified":"2025-10-18T17:47:14","modified_gmt":"2025-10-18T17:47:14","slug":"supertalent-el-mala-rettet-koeln-als-joker-gegen-augsburg","status":"publish","type":"post","link":"https:\/\/www.europesays.com\/de\/508919\/","title":{"rendered":"Supertalent El Mala rettet K\u00f6ln als Joker gegen Augsburg"},"content":{"rendered":"<p>            <img loading=\"lazy\" decoding=\"async\" class=\"ts-image\" src=\"https:\/\/www.europesays.com\/de\/wp-content\/uploads\/2025\/10\/el-mala-100.jpg\" alt=\"Said El Mala jubelt\" title=\"Said El Mala jubelt | Christof Koepsel\/Getty Images\"\/><\/p>\n<p class=\"metatextline\">Stand: 18.10.2025 18:41 Uhr<\/p>\n<p class=\"textabsatz columns twelve  m-ten  m-offset-one l-eight l-offset-two\">\n        <strong>K\u00f6lns Jungstar Said El Mala sa\u00df in der Fu\u00dfball-Bundesliga gegen den FC Augsburg zun\u00e4chst auf der Bank. Aber ein Kurzauftritt reichte ihm f\u00fcr das n\u00e4chste spektakul\u00e4re Tor.<\/strong>\n    <\/p>\n<p>                                        <a class=\"authorline__link\" href=\"https:\/\/www.sportschau.de\/sendung\/reporter\/volker-schulte,autor-volker-schulte-100.html\" target=\"_blank\" rel=\"noopener\"><br \/>\n                                            <img decoding=\"async\" class=\"authorline__img\" alt=\"Volker Schulte\" src=\"https:\/\/www.europesays.com\/de\/wp-content\/uploads\/2025\/09\/volker-schulte-102.jpg\"\/><br \/>\n                                        <\/a><\/p>\n<p class=\"textabsatz m-ten m-offset-one l-eight l-offset-two columns twelve\">El Mala traf beim 1:1 (0:0)-Unentschieden der K\u00f6lner gegen den FC Augsburg am Samstag nach einer herausragenden Aktion (76.). Der 19-J\u00e4hrige glich damit den Augsburger F\u00fchrungstreffer durch Fabian Rieder (54., Foulelfmeter) aus.<\/p>\n<ul class=\"buttongroup buttongroup--copytext\">\n<li class=\"buttongroup__item\">\n<p>    <a class=\"btn btn--text btn--standard-secondary btn--fullwidth\" href=\"https:\/\/www.sportschau.de\/live-und-ergebnisse\/fussball\/deutschland-bundesliga\/ma11199692\/1-fc-koeln_fc-augsburg\/liveticker\" target=\"_blank\" rel=\"noopener\"><br \/>\n        Live-Ticker zum Nachlesen<br \/>\n        Pfeil rechts<\/p>\n<p>    <\/a>\n<\/li>\n<li class=\"buttongroup__item\">\n<p>    <a class=\"btn btn--text btn--standard-secondary btn--fullwidth\" href=\"https:\/\/www.sportschau.de\/live-und-ergebnisse\/fussball\/deutschland-bundesliga\/se94724\/2025-2026\/ro262400\/spieltag\/md7\/spiele-und-ergebnisse\" target=\"_blank\" rel=\"noopener\"><br \/>\n        7. Spieltag<br \/>\n        Pfeil rechts<\/p>\n<p>    <\/a>\n<\/li>\n<\/ul>\n<p class=\"textabsatz m-ten m-offset-one l-eight l-offset-two columns twelve\">Aufsteiger K\u00f6ln bleibt durch das leistungsgerechte Remis auch nach dem 7. Spieltag im oberen Mittelfeld der Fu\u00dfball-Bundesliga. Mit 11 Punkten hat der FC bereits genau so viele Z\u00e4hler gesammelt wie nach der kompletten Hinrunde der Abstiegssaison 2023\/24. Die Augsburger liegen nach ihrem ersten Remis weiterhin vier Z\u00e4hler hinter dem FC.<\/p>\n<p>    K\u00f6lns Kwasniok: &#8222;Sollten dem\u00fctig sein&#8220;<\/p>\n<p class=\"textabsatz m-ten m-offset-one l-eight l-offset-two columns twelve\">&#8222;Es war \u00fcber 90 Minuten kein Spektakel, auf beiden Seiten&#8220;, <a href=\"https:\/\/www.sportschau.de\/fussball\/bundesliga\/koelns-trainer-kwasniok-war-absolut-leistungsgerecht,audio-koe-kwasniok-104.html\" title=\"Remis gegen Augsburg: K\u00f6lns Trainer Kwasniok - &quot;War absolut leistungsgerecht&quot;\" target=\"_blank\" rel=\"noopener\">sagte K\u00f6lns Trainer Lukas Kwasniok.<\/a> &#8222;Wir waren ein bisschen dominanter, aber nicht zwingend genug. Deshalb ist das Ergebnis v\u00f6llig in Ordnung. Wir sollten so dem\u00fctig sein, dass wir uns \u00fcber einen Punkt gegen den FC Augsburg immens freuen d\u00fcrfen.&#8220;<\/p>\n<p>    <a href=\"https:\/\/www.sportschau.de\/fussball\/bundesliga\/koelns-trainer-kwasniok-war-absolut-leistungsgerecht,audio-koe-kwasniok-104.html\" target=\"_blank\" rel=\"noopener\"><\/p>\n<p>Nesrin Elnabolsy, Sportschau, 18.10.2025 18:27 Uhr<\/p>\n<p>    <\/a><\/p>\n<p class=\"textabsatz m-ten m-offset-one l-eight l-offset-two columns twelve\">G\u00e4stetrainer Sandro Wagner war mit dem Punkt nur bedingt zufrieden. &#8222;Der Spielverlauf h\u00e4tte mehr hergeben k\u00f6nnen. Wir f\u00fchren 1:0, h\u00e4tten viele Umschaltsituationen besser zu Ende spielen m\u00fcssen.&#8220; Die Entwicklung seines Teams gehe aber in die richtige Richtung, <a href=\"https:\/\/www.sportschau.de\/fussball\/bundesliga\/augsburgs-trainer-wagner-spielverlauf-haette-mehr-hergeben-koennen,audio-fca-wagner-104.html\" title=\"Remis in K\u00f6ln: Augsburgs Trainer Wagner - &quot;Spielverlauf h\u00e4tte mehr hergeben k\u00f6nnen&quot;\" target=\"_blank\" rel=\"noopener\">sagte Wagner.<\/a><\/p>\n<p>    <a href=\"https:\/\/www.sportschau.de\/fussball\/bundesliga\/augsburgs-trainer-wagner-spielverlauf-haette-mehr-hergeben-koennen,audio-fca-wagner-104.html\" target=\"_blank\" rel=\"noopener\"><\/p>\n<p>Nesrin Elnabolsy, Sportschau, 18.10.2025 18:28 Uhr<\/p>\n<p>    <\/a><\/p>\n<p class=\"textabsatz columns twelve  m-ten  m-offset-one l-eight l-offset-two\">\n        <strong>K\u00f6lns Kaminski trifft den Pfosten<\/strong>\n    <\/p>\n<p class=\"textabsatz m-ten m-offset-one l-eight l-offset-two columns twelve\">Erstmals in dieser Spielzeit war Aufsteiger K\u00f6ln als leichter Favorit ins Spiel gegangen &#8211; auch wenn Kwasniok davon nichts h\u00f6ren wollte. Der FC brauchte zehn Minuten, um gegen forsch beginnende Augsburger ins Spiel zu finden. Er sorgte auch f\u00fcr das spielerische Highlight der ersten H\u00e4lfte: Nach einer sch\u00f6nen Kombination \u00fcber Luca Waldschmidt legte sich Jakub Kaminski den Ball zurecht und traf aus 16 Metern an den Au\u00dfenpfosten (26.).<\/p>\n<p class=\"absatzbild__info__text\">\n                        Der K\u00f6lner Kaminski (r.) wird vom Augsburger Jakic verfolgt\n                    <\/p>\n<p class=\"textabsatz m-ten m-offset-one l-eight l-offset-two columns twelve\">Weitere Gro\u00dfchancen blieben vor der Pause aus, daf\u00fcr agierten beide Teams defensiv zu stabil. Sowohl K\u00f6ln als auch Augsburg setzten auf F\u00fcnferketten und kontrolliertes Risiko. Beim FCA kam Anton Kade zu seinem Startelf-Deb\u00fct als Rechtsverteidiger. Der 21-J\u00e4hrige ersetzte den angeschlagenen Elvis Rexhbecaj.<\/p>\n<p>    Augsburgs Kade holt Elfmeter heraus<\/p>\n<p class=\"textabsatz m-ten m-offset-one l-eight l-offset-two columns twelve\">Kurz nach der Pause hatte Kade dann seinen gro\u00dfen Auftritt. Im K\u00f6lner Strafraum setzte er zum Dribbling an und fiel \u00fcber das Knie von FC-Verteidiger Dominique Heintz &#8211; das war eine ungeschickte Abwehraktion. Den f\u00e4lligen Elfmeter verwandelte Rieder souver\u00e4n.<\/p>\n<p class=\"textabsatz m-ten m-offset-one l-eight l-offset-two columns twelve\">&#8222;Er nimmt es auch dankend an&#8220;, <a href=\"https:\/\/www.sportschau.de\/fussball\/bundesliga\/koelns-heintz-bin-froh-dass-die-jungs-noch-ein-tor-gemacht-haben,audio-koe-heintz-100.html\" title=\"Remis trotz verschuldetem Elfmeter: K\u00f6lns Heintz - &quot;Bin froh, dass die Jungs noch ein Tor gemacht haben&quot;\" target=\"_blank\" rel=\"noopener\">sagte Heintz im Sportschau-Interview \u00fcber Kade. <\/a>&#8222;Ich glaube, dass er eher in mich reingeht als ich in ihn. Der Schiedsrichter hat es gepfiffen und das muss man akzeptieren.&#8220; Sein Trainer Kwasniok sprach dagegen von einem &#8222;klaren Elfmeter&#8220;.<\/p>\n<p>    <a href=\"https:\/\/www.sportschau.de\/fussball\/bundesliga\/koelns-heintz-bin-froh-dass-die-jungs-noch-ein-tor-gemacht-haben,audio-koe-heintz-100.html\" target=\"_blank\" rel=\"noopener\"><\/p>\n<p>Nesrin Elnabolsy, Sportschau, 18.10.2025 17:43 Uhr<\/p>\n<p>    <\/a><\/p>\n<p>    Kwasnioks Joker stechen<\/p>\n<p class=\"textabsatz m-ten m-offset-one l-eight l-offset-two columns twelve\">Kwasniok reagierte mit einem Doppelwechsel: El Mala und der genesene Marius B\u00fclter ersetzten Heintz und Waldschmidt, K\u00f6ln spielte fortan mit einer Viererkette. El Mala war mit leichten Muskelbeschwerden von der U21-Nationalmannschaft zur\u00fcckgekehrt, sa\u00df deshalb zun\u00e4chst auf der Bank.<\/p>\n<p class=\"textabsatz m-ten m-offset-one l-eight l-offset-two columns twelve\">Es dauerte nur eine Viertelstunde, bis El Mala zeigte, warum in K\u00f6ln so viele von ihm schw\u00e4rmen. Er nahm einen Pass von B\u00fclter auf der linken Seite entgegen, zog dynamisch in die Mitte und knallte den Ball mit rechts unter die Latte.<\/p>\n<p class=\"textabsatz m-ten m-offset-one l-eight l-offset-two columns twelve\">&#8222;Das ist das, was ihn auszeichnet: Er ist ein Tempodribbler mit eine gutem Abschluss, extrem schwer zu verteidigen&#8220;, sagte Kwasniok.<\/p>\n<p>    El Mala jetzt Top-Torsch\u00fctze bei K\u00f6ln<\/p>\n<p class=\"textabsatz m-ten m-offset-one l-eight l-offset-two columns twelve\">Tags zuvor war El Mala mit der Fritz-Walter-Medaille in Silber als eines der Top-Talente Deutschlands ausgezeichnet worden. Mit nun drei Saisontoren ist er jetzt neben Kaminski Top-Torsch\u00fctze seines Teams.<\/p>\n<p class=\"textabsatz m-ten m-offset-one l-eight l-offset-two columns twelve\">In der Schlussphase suchten beide Teams noch den Weg nach vorne, aber ein weiterer Treffer fiel nicht mehr. Auch die Torschussbilanz war mit 9:9 ausgeglichen.<\/p>\n<p>    K\u00f6ln in Dortmund, Augsburg gegen Leipzig<\/p>\n<p class=\"textabsatz m-ten m-offset-one l-eight l-offset-two columns twelve\">K\u00f6ln ist am Samstagabend bei Borussia Dortmund zu Gast (18.30 Uhr). Augsburg empf\u00e4ngt am Samstagnachmittag RB Leipzig (15.30 Uhr).<\/p>\n<ul class=\"buttongroup buttongroup--copytext\">\n<li class=\"buttongroup__item\">\n<p>    <a class=\"btn btn--text btn--standard-secondary btn--fullwidth\" href=\"https:\/\/calovo.de\/f\/sportschau\/1-fc-koeln\" target=\"_blank\" rel=\"noopener\"><br \/>\n        1. FC K\u00f6ln f\u00fcr Ihren Kalender<br \/>\n        Pfeil rechts<\/p>\n<p>    <\/a>\n<\/li>\n<li class=\"buttongroup__item\">\n<p>    <a class=\"btn btn--text btn--standard-secondary btn--fullwidth\" href=\"https:\/\/calovo.de\/f\/sportschau\/fc-augsburg\" target=\"_blank\" rel=\"noopener\"><br \/>\n        FC Augsburg f\u00fcr Ihren Kalender<br \/>\n        Pfeil rechts<\/p>\n<p>    <\/a>\n<\/li>\n<\/ul>\n","protected":false},"excerpt":{"rendered":"Stand: 18.10.2025 18:41 Uhr K\u00f6lns Jungstar Said El Mala sa\u00df in der Fu\u00dfball-Bundesliga gegen den FC Augsburg zun\u00e4chst&hellip;\n","protected":false},"author":2,"featured_media":508920,"comment_status":"","ping_status":"","sticky":false,"template":"","format":"standard","meta":{"footnotes":""},"categories":[5],"tags":[623,331,332,299,3364,29,483,347,30,13,14,15,12],"class_list":{"0":"post-508919","1":"post","2":"type-post","3":"status-publish","4":"format-standard","5":"has-post-thumbnail","7":"category-nachrichten","8":"tag-1-fc-koeln","9":"tag-aktuelle-nachrichten","10":"tag-aktuelle-news","11":"tag-bundesliga","12":"tag-de","13":"tag-deutschland","14":"tag-fc-augsburg","15":"tag-fussball","16":"tag-germany","17":"tag-headlines","18":"tag-nachrichten","19":"tag-news","20":"tag-schlagzeilen"},"share_on_mastodon":{"url":"https:\/\/pubeurope.com\/@de\/115396428093411822","error":""},"_links":{"self":[{"href":"https:\/\/www.europesays.com\/de\/wp-json\/wp\/v2\/posts\/508919","targetHints":{"allow":["GET"]}}],"collection":[{"href":"https:\/\/www.europesays.com\/de\/wp-json\/wp\/v2\/posts"}],"about":[{"href":"https:\/\/www.europesays.com\/de\/wp-json\/wp\/v2\/types\/post"}],"author":[{"embeddable":true,"href":"https:\/\/www.europesays.com\/de\/wp-json\/wp\/v2\/users\/2"}],"replies":[{"embeddable":true,"href":"https:\/\/www.europesays.com\/de\/wp-json\/wp\/v2\/comments?post=508919"}],"version-history":[{"count":0,"href":"https:\/\/www.europesays.com\/de\/wp-json\/wp\/v2\/posts\/508919\/revisions"}],"wp:featuredmedia":[{"embeddable":true,"href":"https:\/\/www.europesays.com\/de\/wp-json\/wp\/v2\/media\/508920"}],"wp:attachment":[{"href":"https:\/\/www.europesays.com\/de\/wp-json\/wp\/v2\/media?parent=508919"}],"wp:term":[{"taxonomy":"category","embeddable":true,"href":"https:\/\/www.europesays.com\/de\/wp-json\/wp\/v2\/categories?post=508919"},{"taxonomy":"post_tag","embeddable":true,"href":"https:\/\/www.europesays.com\/de\/wp-json\/wp\/v2\/tags?post=508919"}],"curies":[{"name":"wp","href":"https:\/\/api.w.org\/{rel}","templated":true}]}}