{"id":508943,"date":"2025-10-18T18:01:28","date_gmt":"2025-10-18T18:01:28","guid":{"rendered":"https:\/\/www.europesays.com\/de\/508943\/"},"modified":"2025-10-18T18:01:28","modified_gmt":"2025-10-18T18:01:28","slug":"schwere-pflegemaengel-in-essen-belegungsstopp-fuer-heim","status":"publish","type":"post","link":"https:\/\/www.europesays.com\/de\/508943\/","title":{"rendered":"Schwere Pflegem\u00e4ngel in Essen: Belegungsstopp f\u00fcr Heim"},"content":{"rendered":"<p>Belegungsstopp in Essen f\u00fcr Pflegeheim<\/p>\n<p>Im Charleston Wohn- und Pflegeheim im Ostviertel in Essen werden unter anderem die Wunden von Bewohnerinnen und Bewohnern nicht richtig versorgt. Und es gibt Probleme beim Medikamentenmanagement. Das hat die WTG-Beh\u00f6rde (ehemals Heimaufsicht) der Stadt Essen festgestellt. Vorher hatte die Beh\u00f6rde einen anonymen Hinweis bekommen und das Pflegeheim \u00fcberpr\u00fcft. Daraufhin hat der Tr\u00e4ger des Heims selbst entschieden, erstmal keine neuen Bewohnerinnen und Bewohner mehr aufzunehmen. Am 30. September wurde dann von der WTG-Beh\u00f6rde ein verbindlicher Belegungsstopp ausgesprochen.<\/p>\n<p>Pflegeheim in Essen verlegt Bewohner freiwillig<\/p>\n<p>Das Pflegeheim in Essen hat zus\u00e4tzlich entschieden, freiwillig einige der Bewohnerinnen und Bewohner auf andere Charleston-Heime au\u00dferhalb von Essen zu verlegen. Vorsorglich &#8211; &#8222;um die Versorgung dort [Anmerkung der Redaktion: in Essen] zu stabilisieren und parallel bauliche Sanierungsma\u00dfnahmen vorzunehmen&#8220;, schreibt das Heim auf Radio Essen-Nachfrage. Geplant ist, rund die H\u00e4lfte der Bewohnerinnen und Bewohner zu verlegen. Doch das l\u00e4uft scheinbar chaotisch ab. So schildert es ein Angeh\u00f6riger, der anonym bleiben will. Sein Name ist der Redaktion bekannt.<\/p>\n<p>Angeh\u00f6riger in Essen wird vor die Wahl gestellt<\/p>\n<p>Der Angeh\u00f6rige wurde am 02. Oktober telefonisch \u00fcber M\u00e4ngel in dem Essener Pflegeheim informiert. Er versteht es so, dass das Heim geschlossen wird und er die Wahl hat: Entweder er nimmt die demente Frau, um die er sich k\u00fcmmert, selbst bei sich zu Hause auf, oder er sucht selbst innerhalb von wenigen Tagen ein neues Pflegeheim, oder sie wird in ein anderes Charleston-Pflegeheim verlegt und er muss sich um nichts k\u00fcmmern. In welche Stadt sie dann verlegt wird, sei allerdings unklar. Im Raum st\u00fcnden Paderborn, G\u00fctersloh, M\u00fcnster oder M\u00fclheim.<\/p>\n<p>Die ganze Situation ist ein Schock f\u00fcr den Angeh\u00f6rigen. Alles ist sehr kurzfristig, er wird &#8222;vor vollendete Tatsachen gestellt&#8220; &#8211; so nimmt er es wahr. Deswegen entscheidet er sich f\u00fcr die Verlegung. Aber die Sorgen bleiben. Und \u00fcberhaupt: Wie soll er seine Angeh\u00f6rige als Vollzeit-Berufst\u00e4tiger unter der Woche besuchen, sollte sie nicht nach M\u00fclheim verlegt werden, sondern in eine der anderen St\u00e4dte?<\/p>\n<p>Kommunikation in Essen l\u00e4uft schlecht<\/p>\n<p>Die Kommunikation mit dem Pflegeheim in Essen l\u00e4uft schlecht, findet der Angeh\u00f6rige. Das Heim sei f\u00fcr Nachfragen kaum erreichbar. Als er dann doch jemanden ans Telefon bekommt, wird ihm dringend davon abgeraten vorbeizukommen und die Sachen f\u00fcr den Umzug seiner Angeh\u00f6rigen zu packen. Man k\u00fcmmere sich um alles, der Umzug werde organisiert und er findet schon am 06. Oktober statt &#8211; gl\u00fccklicherweise nach M\u00fclheim.<\/p>\n<p>Chaotischer Umzug von Essen nach M\u00fclheim<\/p>\n<p>Dann kommt der Umzugstag. Die Frau wartet rund eine Stunde drau\u00dfen ohne Jacke auf ihren Transport &#8211; einen gemieteten Sprinter, gefahren vom Haustechniker des Heims. In ihrem Koffer: Lauter Sachen, die nicht ihr geh\u00f6ren. So erf\u00e4hrt es ihr Angeh\u00f6riger am 07. Oktober von Mitarbeitenden im M\u00fclheimer Pflegeheim, als er die Frau dort besucht und die Vertr\u00e4ge unterschreibt. Die Frau ist zu dem Zeitpunkt ohne ihre eigenen Klamotten und pers\u00f6nlichen Gegenst\u00e4nde, wie Radio und Fernseher, in M\u00fclheim.<\/p>\n<blockquote><p>&#8222;Sie sitzt jetzt im Grunde genommen in einem nackten Zimmer mit einem Tisch, einem Stuhl, ihrem Pflegebett, einem Nachtschrank und leeren Kleiderschr\u00e4nken.&#8220;<\/p><\/blockquote>\n<p>Vor Ort erf\u00e4hrt der Angeh\u00f6rige von den Mitarbeitenden auch: Im Pflegeheim in M\u00fclheim wei\u00df man erst am Umzugstag selbst davon, dass zus\u00e4tzliche Bewohnerinnen und Bewohner kommen. Die Mitarbeitenden seien nett und sehr bem\u00fcht, aber auch \u00fcberfordert mit der Situation, schildert der Angeh\u00f6rige.<\/p>\n<p>Pflegeheim in Essen: &#8222;Jede Verlegung erfolgt individuell geplant&#8220;<\/p>\n<p>Das Charleston-Pflegeheim will auf Radio Essen-Nachfrage nichts von einem solchen Fall wissen.<\/p>\n<blockquote><p>&#8222;Jede Verlegung erfolgt individuell geplant, in enger Abstimmung mit Angeh\u00f6rigen bzw. rechtlichen Betreuern. Dabei wird selbstverst\u00e4ndlich darauf geachtet, dass pers\u00f6nliche Gegenst\u00e4nde und Unterlagen vollst\u00e4ndig mitgenommen werden. Angeh\u00f6rige und Betreuer konnten selbstverst\u00e4ndlich pers\u00f6nliche Gegenst\u00e4nde mitgeben oder selbst mitwirken. Es gab zu keinem Zeitpunkt eine Anweisung, vom Besuch oder von der Mithilfe abzusehen.&#8220;<\/p><\/blockquote>\n<p>Au\u00dferdem seien die Verlegungen &#8222;professionell begleitet&#8220; worden &#8211; logistisch durch Transportunternehmen und pflegerisch durch qualifizierte Mitarbeitende. Und die umliegenden Charleston-Pflegeheime seien auch fr\u00fchzeitig dar\u00fcber informiert worden.<\/p>\n<p>Mehrere Hinweise in Essen auf abweichende Informationen<\/p>\n<p>Allerdings sind bei der WTG-Beh\u00f6rde der Stadt Essen schon einige Hinweise und Anfragen rund um die Situation in dem Charleston-Pflegeheim eingegangen. So w\u00fcrden den Angeh\u00f6rigen kurze Fristen f\u00fcr die Umz\u00fcge genannt, kein genauer Grund und sie h\u00e4tten den Eindruck, dass die Beh\u00f6rde zu den Verlegungen aufgefordert habe. Das sei aber ausdr\u00fccklich nicht der Fall, so die Stadt Essen. Zwar gebe es in dem Heim schwere Pflegem\u00e4ngel, aber &#8222;durch den Einsatz zus\u00e4tzlichen Personals aktuell keine Gef\u00e4hrdung der Bewohner&#8220;. Dies habe sich bei einer erneuten \u00dcberpr\u00fcfung des Heims am 09. Oktober best\u00e4tigt. Mit dem Tr\u00e4ger sei besprochen worden, dass er pr\u00fcft, wie er Bewohnerinnen und Bewohner sowie deren Angeh\u00f6rige zus\u00e4tzlich \u00fcber die Umz\u00fcge informieren kann. <\/p>\n<p><a href=\"https:\/\/www.radioessen.de\/externalimages\/?source=jpg805\/charston1.jpg&amp;dt=202510151438500&amp;resize=1280x960\" data-caption=\"Die K\u00fcche des Charleston-Pflegeheims in Essen ist wegen baulicher M\u00e4ngel aktuell drau\u00dfen in Containern untergebracht.\" itemprop=\"contentUrl\" data-size=\"1280x960\" rel=\"nofollow noopener\" target=\"_blank\"><img decoding=\"async\" alt=\"\" src=\"https:\/\/www.europesays.com\/de\/wp-content\/uploads\/2025\/10\/charston1.jpg&#038;crop=0x252x4032x2520&#038;resize=1280x800&#038;dt=202510151438500.jpeg\" data-size=\"1280x800\"\/><\/a>Die K\u00fcche des Charleston-Pflegeheims in Essen ist wegen baulicher M\u00e4ngel aktuell drau\u00dfen in Containern untergebracht.\u00a9 Kostas Mitsalis \/ Radio Essen<\/p>\n<p>Die K\u00fcche des Charleston-Pflegeheims in Essen ist wegen baulicher M\u00e4ngel aktuell drau\u00dfen in Containern untergebracht.<\/p>\n<p>\u00a9 Kostas Mitsalis \/ Radio EssenAuch bauliche M\u00e4ngel in Essen im Pflegeheim<\/p>\n<p>Das Pflegeheim in Essen will die Zeit des Belegungsstopps f\u00fcr personelle Ver\u00e4nderungen nutzen, unter anderem wurde schon eine Interims-Leitung eingesetzt. Au\u00dferdem sollen die Regionalleitung und das Qualit\u00e4tsmangement des Tr\u00e4gers das Essener Heim enger betreuen. Das Ziel sei &#8222;die Pflegequalit\u00e4t dauerhaft zu sichern und zu verbessern.&#8220;<\/p>\n<p>Au\u00dferdem soll das Heim saniert werden. Hierbei gehe es vor allem um die technische Infrastruktur. Zum Beispiel gibt es bauliche M\u00e4ngel in der K\u00fcche. Die wurde deswegen schon vom Eigent\u00fcmer der Immobilie auf den Platz vor dem Heim verlegt, in stabilen Containern. Diese erf\u00fcllten alle technischen und hygienischen Anforderungen, so das Heim. Au\u00dferdem sei die Containerk\u00fcche nur eine Zwischenl\u00f6sung.<\/p>\n<p>Beh\u00f6rde in Essen \u00fcberpr\u00fcft Heim regelm\u00e4\u00dfig<\/p>\n<p>Der beh\u00f6rdlich angeordnete Belegungsstopp gilt erst einmal bis Ende M\u00e4rz. Danach soll das Heim wieder voll belegt werden. Es hat Platz f\u00fcr etwa 130 Menschen, die von rund 80 Mitarbeitenden versorgt werden.<\/p>\n<p>Die WTG-Beh\u00f6rde \u00fcberpr\u00fcft das Heim in der Zwischenzeit regelm\u00e4\u00dfig. Sollte sich die Situation bis M\u00e4rz nicht verbessert haben, entscheidet die Beh\u00f6rde, ob der Belegungsstopp verl\u00e4ngert wird und, ob weitere Ma\u00dfnahmen n\u00f6tig sind.<\/p>\n<p>&#8222;Wir sind mit einem blauen Auge davon gekommen&#8220;<\/p>\n<p>Zumindest f\u00fcr den Mann und seine Angeh\u00f6rige hat sich die Situation verbessert. &#8222;Wir sind mit einem blauen Auge davon gekommen&#8220;, sagt er in einem Telefonat mit Radio Essen am 15. Oktober. Die pers\u00f6nlichen Gegenst\u00e4nde der Frau wurden am 08. Oktober geliefert, kurz nachdem er sich zum ersten Mal an Radio Essen gewandt hatte. Wobei nicht alles mitgekommen ist, sagt er. Kleinigkeiten wie die Hausschuhe bleiben verschwunden und mussten neu gekauft werden. Die Mitarbeitenden in M\u00fclheim w\u00fcrden sich sehr engagiert k\u00fcmmern und die Kommunikation laufe deutlich besser. Trotzdem sei das ganze Chaos noch nicht verarbeitet, vor allem bei seiner dementen Angeh\u00f6rigen:<\/p>\n<blockquote><p>&#8222;Sie sitzt da und versteht gar nicht was los ist. Sie denkt, es hat an ihr gelegen, dass sie weg musste. Das bricht einem das Herz.&#8220;<\/p><\/blockquote>\n<p>Mehr Themen aus Essen<\/p>\n","protected":false},"excerpt":{"rendered":"Belegungsstopp in Essen f\u00fcr Pflegeheim Im Charleston Wohn- und Pflegeheim im Ostviertel in Essen werden unter anderem die&hellip;\n","protected":false},"author":2,"featured_media":508944,"comment_status":"","ping_status":"","sticky":false,"template":"","format":"standard","meta":{"footnotes":""},"categories":[1834],"tags":[3275,3364,29,3688,30,1209,6580],"class_list":{"0":"post-508943","1":"post","2":"type-post","3":"status-publish","4":"format-standard","5":"has-post-thumbnail","7":"category-essen","8":"tag-lokalnachrichten","9":"tag-de","10":"tag-deutschland","11":"tag-essen","12":"tag-germany","13":"tag-nordrhein-westfalen","14":"tag-pflegeheim"},"share_on_mastodon":{"url":"https:\/\/pubeurope.com\/@de\/115396482622791530","error":""},"_links":{"self":[{"href":"https:\/\/www.europesays.com\/de\/wp-json\/wp\/v2\/posts\/508943","targetHints":{"allow":["GET"]}}],"collection":[{"href":"https:\/\/www.europesays.com\/de\/wp-json\/wp\/v2\/posts"}],"about":[{"href":"https:\/\/www.europesays.com\/de\/wp-json\/wp\/v2\/types\/post"}],"author":[{"embeddable":true,"href":"https:\/\/www.europesays.com\/de\/wp-json\/wp\/v2\/users\/2"}],"replies":[{"embeddable":true,"href":"https:\/\/www.europesays.com\/de\/wp-json\/wp\/v2\/comments?post=508943"}],"version-history":[{"count":0,"href":"https:\/\/www.europesays.com\/de\/wp-json\/wp\/v2\/posts\/508943\/revisions"}],"wp:featuredmedia":[{"embeddable":true,"href":"https:\/\/www.europesays.com\/de\/wp-json\/wp\/v2\/media\/508944"}],"wp:attachment":[{"href":"https:\/\/www.europesays.com\/de\/wp-json\/wp\/v2\/media?parent=508943"}],"wp:term":[{"taxonomy":"category","embeddable":true,"href":"https:\/\/www.europesays.com\/de\/wp-json\/wp\/v2\/categories?post=508943"},{"taxonomy":"post_tag","embeddable":true,"href":"https:\/\/www.europesays.com\/de\/wp-json\/wp\/v2\/tags?post=508943"}],"curies":[{"name":"wp","href":"https:\/\/api.w.org\/{rel}","templated":true}]}}