{"id":508970,"date":"2025-10-18T18:16:14","date_gmt":"2025-10-18T18:16:14","guid":{"rendered":"https:\/\/www.europesays.com\/de\/508970\/"},"modified":"2025-10-18T18:16:14","modified_gmt":"2025-10-18T18:16:14","slug":"lufthansa-erwaegt-streichung-von-fluegen-nach-dresden","status":"publish","type":"post","link":"https:\/\/www.europesays.com\/de\/508970\/","title":{"rendered":"Lufthansa erw\u00e4gt Streichung von Fl\u00fcgen nach Dresden"},"content":{"rendered":"<p>Pl\u00e4ne der Lufthansa <\/p>\n<p>Fl\u00fcge zwischen M\u00fcnchen und Dresden k\u00f6nnten gestrichen werden<\/p>\n<p>18.10.2025 &#8211; 20:08 UhrLesedauer: 1 Min.<\/p>\n<p><a href=\"#focus-0\" class=\"transition-colors duration-200 block text-current relative\" data-sctrack=\"FocusGalleryImage.Reference\"><img fetchpriority=\"high\" data-testid=\"Opener.Image\" style=\"--lqipURL:url('https:\/\/images.t-online.de\/2025\/10\/7kIJ0oFvlBmw\/0x418:4000x2250\/fit-in\/150x0\/filters:blur(25)\/lufthansa-flugzeug-in-muenchen-archivbild-die-fluggesellschaft-plant-zahlreiche-streichungen.jpg')\"   loading=\"eager\" src=\"https:\/\/www.europesays.com\/de\/wp-content\/uploads\/2025\/10\/lufthansa-flugzeug-in-muenchen-archivbild-die-fluggesellschaft-plant-zahlreiche-streichungen.jpg\" alt=\"imago images 0837188269\" title=\"imago images 0837188269\" width=\"4000\" height=\"2250\" class=\"bg-[url:var(--lqipURL)] bg-cover bg-center flex h-full w-full max-w-full\" decoding=\"async\"\/><img style=\"--width:32;--height:32\" loading=\"lazy\" src=\"https:\/\/muenchen.t-online.de\/s\/paper\/_next\/static\/media\/zoom-in.f7dae02f.svg\" alt=\"Vergr\u00f6\u00dfern des Bildes\" title=\"Vergr\u00f6\u00dfern des Bildes\" class=\"block h-[calc(var(--height)_\/_16_*_1rem)] w-[calc(var(--width)_\/_16_*_1rem)] max-w-none absolute bottom-8 right-8 rounded-4 bg-snow p-8\" decoding=\"async\"\/><\/a><\/p>\n<p>Lufthansa-Flugzeug in M\u00fcnchen (Archivbild): Die Fluggesellschaft plant zahlreiche Streichungen. (Quelle: IMAGO\/Ardan FUESSMANN)<\/p>\n<p class=\"font-bold text-18 leading-17\">Die Lufthansa plant drastische K\u00fcrzungen im innerdeutschen Flugverkehr. Besonders Verbindungen von M\u00fcnchen nach Dresden und M\u00fcnster\/Osnabr\u00fcck stehen auf dem Pr\u00fcfstand.<\/p>\n<p class=\"text-18 leading-17\">Die Lufthansa pr\u00fcft die Streichung von rund 100 innerdeutschen Fl\u00fcgen pro Woche f\u00fcr den kommenden Sommer. Als Grund nennt der Konzern die stark gestiegenen Kosten durch hohe Steuern und Geb\u00fchren.<\/p>\n<p class=\"text-18 leading-17\">Konzernchef Carsten Spohr erkl\u00e4rte der &#8222;Welt am Sonntag&#8220;: &#8222;Ohne eine Reduzierung der Standortbelastungen werden weitere Streichungen unvermeidbar sein. Es geht um rund hundert innerdeutsche Fl\u00fcge pro Woche, die im kommenden Sommer nochmals wegfallen k\u00f6nnten.&#8220;<\/p>\n<p class=\"text-18 leading-17\">Die Betriebskosten f\u00fcr Inlandsfl\u00fcge haben sich laut Spohr seit 2019 verdoppelt. Besonders gef\u00e4hrdet sind Verbindungen von M\u00fcnchen nach M\u00fcnster\/Osnabr\u00fcck sowie von M\u00fcnchen nach Dresden.<\/p>\n<p class=\"text-18 leading-17\">Die Passagierzahlen auf innerdeutschen Strecken erreichen nach der Corona-Pandemie nicht mehr das fr\u00fchere Niveau. Branchenverb\u00e4nde f\u00fchren dies auf weniger Gesch\u00e4ftsreisen durch mehr Videokonferenzen und die verst\u00e4rkte Nutzung der Bahn zur\u00fcck.<\/p>\n","protected":false},"excerpt":{"rendered":"Pl\u00e4ne der Lufthansa Fl\u00fcge zwischen M\u00fcnchen und Dresden k\u00f6nnten gestrichen werden 18.10.2025 &#8211; 20:08 UhrLesedauer: 1 Min. Lufthansa-Flugzeug&hellip;\n","protected":false},"author":2,"featured_media":508971,"comment_status":"","ping_status":"","sticky":false,"template":"","format":"standard","meta":{"footnotes":""},"categories":[1827],"tags":[722,17161,772,79529,29,2386,844,30,2108,1268,8970,741,57100,8016],"class_list":{"0":"post-508970","1":"post","2":"type-post","3":"status-publish","4":"format-standard","5":"has-post-thumbnail","7":"category-muenchen","8":"tag-722","9":"tag-17161","10":"tag-bayern","11":"tag-carsten-spohr","12":"tag-deutschland","13":"tag-dresden","14":"tag-flugverkehr","15":"tag-germany","16":"tag-lufthansa","17":"tag-muenchen","18":"tag-muenster","19":"tag-osnabrueck","20":"tag-streichung","21":"tag-wams"},"share_on_mastodon":{"url":"https:\/\/pubeurope.com\/@de\/115396541670570988","error":""},"_links":{"self":[{"href":"https:\/\/www.europesays.com\/de\/wp-json\/wp\/v2\/posts\/508970","targetHints":{"allow":["GET"]}}],"collection":[{"href":"https:\/\/www.europesays.com\/de\/wp-json\/wp\/v2\/posts"}],"about":[{"href":"https:\/\/www.europesays.com\/de\/wp-json\/wp\/v2\/types\/post"}],"author":[{"embeddable":true,"href":"https:\/\/www.europesays.com\/de\/wp-json\/wp\/v2\/users\/2"}],"replies":[{"embeddable":true,"href":"https:\/\/www.europesays.com\/de\/wp-json\/wp\/v2\/comments?post=508970"}],"version-history":[{"count":0,"href":"https:\/\/www.europesays.com\/de\/wp-json\/wp\/v2\/posts\/508970\/revisions"}],"wp:featuredmedia":[{"embeddable":true,"href":"https:\/\/www.europesays.com\/de\/wp-json\/wp\/v2\/media\/508971"}],"wp:attachment":[{"href":"https:\/\/www.europesays.com\/de\/wp-json\/wp\/v2\/media?parent=508970"}],"wp:term":[{"taxonomy":"category","embeddable":true,"href":"https:\/\/www.europesays.com\/de\/wp-json\/wp\/v2\/categories?post=508970"},{"taxonomy":"post_tag","embeddable":true,"href":"https:\/\/www.europesays.com\/de\/wp-json\/wp\/v2\/tags?post=508970"}],"curies":[{"name":"wp","href":"https:\/\/api.w.org\/{rel}","templated":true}]}}