{"id":508976,"date":"2025-10-18T18:19:12","date_gmt":"2025-10-18T18:19:12","guid":{"rendered":"https:\/\/www.europesays.com\/de\/508976\/"},"modified":"2025-10-18T18:19:12","modified_gmt":"2025-10-18T18:19:12","slug":"berlin-brandenburg-demonstranten-protestieren-gegen-den-ausbau-der-a100","status":"publish","type":"post","link":"https:\/\/www.europesays.com\/de\/508976\/","title":{"rendered":"Berlin &#038; Brandenburg: Demonstranten protestieren gegen den Ausbau der A100"},"content":{"rendered":"<p>                    Berlin &amp; Brandenburg<br \/>\n                Demonstranten protestieren gegen den Ausbau der A100<\/p>\n<p>\t\t\t\t              18.10.2025, 15:57 Uhr<\/p>\n<p><strong>A100, Demo und DJs: Warum Fridays for Future, BUND &amp; Co. fordern, dass Berlin beim Autobahnausbau einen Kurswechsel einschl\u00e4gt.<\/strong><\/p>\n<p>Berlin (dpa\/bb) &#8211; Mehrere hundert Menschen haben in Berlin gegen den weiteren Ausbau der Stadtautobahn A100 demonstriert. Zu Fu\u00df und auf dem Fahrrad protestierten sie unter dem Motto &#8222;Wir setzen der A100-Irrfahrt ein Ende&#8220; vor allem gegen die Pl\u00e4ne f\u00fcr einen 17. Bauabschnitt der Autobahn vom Treptower Park zur Storkower Stra\u00dfe.<\/p>\n<p>Von verschiedenen Startpunkten aus zogen Demonstranten am fr\u00fchen Nachmittag zun\u00e4chst bis zur Hatun-S\u00fcr\u00fcc\u00fc-Br\u00fccke, die an der Sonnenallee in Berlin-Neuk\u00f6lln \u00fcber die A100 f\u00fchrt.\u00a0<\/p>\n<p>Sp\u00e4ter ging es dann weiter auf die A100, die auf dem entsprechenden Abschnitt gesperrt worden war. Die Veranstalter sprachen von einer Teilnehmerzahl im vierstelligen Bereich, die Polizei von gut 500. Eine Abschlusskundgebung mit Konzert und DJs war f\u00fcr den sp\u00e4teren Nachmittag auf der A100 kurz vor Abfahrt Treptower Park angek\u00fcndigt.\u00a0<\/p>\n<p>Demonstranten fordern sofortigen Ausbau-Stopp<\/p>\n<p>Neben dem sofortigen Stopp des A100-Ausbaus forderten die Demonstranten eine klimagerechte Mobilit\u00e4tswende, ein Moratorium f\u00fcr den Neubau von Autobahnen und Fernstra\u00dfe oder auch, den zuletzt fertiggestellten 16. Bauabschnitt nicht mehr als Autobahn zu benutzen.\u00a0<\/p>\n<p>Zu der Demo aufgerufen hatte das B\u00fcndnis &#8222;A100 wegbassen&#8220; aus mehreren Verb\u00e4nden und Initiativen. Beteiligt waren unter anderem der Verein Changing Cities, der Bund f\u00fcr Umwelt- und Naturschutz (BUND) Berlin, Fridays for Future Berlin und die Clubcommission Berlin, die negative Auswirkungen auch auf die Clubszene bef\u00fcrchtet.\u00a0<\/p>\n<p>Der 16. Bauabschnitt der A100 ist erst Ende August er\u00f6ffnet worden. Er f\u00fchrt vom Dreieck Neuk\u00f6lln bis zur Anschlussstelle Treptow. Schon dagegen gab es viel Protest, auch weil es nach der Er\u00f6ffnung rund um die Auffahrt in Treptow immer wieder zu Staus, dichtem Verkehr und un\u00fcbersichtlichen Situationen gekommen ist.\u00a0<\/p>\n<p>Ein Problem ist, dass der Richtung Friedrichshain flie\u00dfende Verkehr auf der Elsenbr\u00fccke die Spree \u00fcberquert, die wegen Bauarbeiten nur eingeschr\u00e4nkt genutzt werden kann. Kritiker bef\u00fcrchten allerdings, dass unabh\u00e4ngig davon ein Autobahnausbau zu noch mehr Verkehr f\u00fchren wird.<\/p>\n","protected":false},"excerpt":{"rendered":"Berlin &amp; Brandenburg Demonstranten protestieren gegen den Ausbau der A100 18.10.2025, 15:57 Uhr A100, Demo und DJs: Warum&hellip;\n","protected":false},"author":2,"featured_media":508977,"comment_status":"","ping_status":"","sticky":false,"template":"","format":"standard","meta":{"footnotes":""},"categories":[1816],"tags":[1960,1958,1959,1957,8684,296,1956,1890,18844,29,30],"class_list":{"0":"post-508976","1":"post","2":"type-post","3":"status-publish","4":"format-standard","5":"has-post-thumbnail","7":"category-brandenburg","8":"tag-aktuelle-nachrichten-aus-berlin-und-brandenburg","9":"tag-aktuelle-nachrichten-aus-brandenburg","10":"tag-aktuelle-news-aus-berlin-und-brandenburg","11":"tag-aktuelle-news-aus-brandenburg","12":"tag-ausbau","13":"tag-berlin","14":"tag-berlin-und-brandenburg","15":"tag-brandenburg","16":"tag-demonstranten","17":"tag-deutschland","18":"tag-germany"},"share_on_mastodon":{"url":"https:\/\/pubeurope.com\/@de\/115396553271577659","error":""},"_links":{"self":[{"href":"https:\/\/www.europesays.com\/de\/wp-json\/wp\/v2\/posts\/508976","targetHints":{"allow":["GET"]}}],"collection":[{"href":"https:\/\/www.europesays.com\/de\/wp-json\/wp\/v2\/posts"}],"about":[{"href":"https:\/\/www.europesays.com\/de\/wp-json\/wp\/v2\/types\/post"}],"author":[{"embeddable":true,"href":"https:\/\/www.europesays.com\/de\/wp-json\/wp\/v2\/users\/2"}],"replies":[{"embeddable":true,"href":"https:\/\/www.europesays.com\/de\/wp-json\/wp\/v2\/comments?post=508976"}],"version-history":[{"count":0,"href":"https:\/\/www.europesays.com\/de\/wp-json\/wp\/v2\/posts\/508976\/revisions"}],"wp:featuredmedia":[{"embeddable":true,"href":"https:\/\/www.europesays.com\/de\/wp-json\/wp\/v2\/media\/508977"}],"wp:attachment":[{"href":"https:\/\/www.europesays.com\/de\/wp-json\/wp\/v2\/media?parent=508976"}],"wp:term":[{"taxonomy":"category","embeddable":true,"href":"https:\/\/www.europesays.com\/de\/wp-json\/wp\/v2\/categories?post=508976"},{"taxonomy":"post_tag","embeddable":true,"href":"https:\/\/www.europesays.com\/de\/wp-json\/wp\/v2\/tags?post=508976"}],"curies":[{"name":"wp","href":"https:\/\/api.w.org\/{rel}","templated":true}]}}