{"id":509007,"date":"2025-10-18T18:37:11","date_gmt":"2025-10-18T18:37:11","guid":{"rendered":"https:\/\/www.europesays.com\/de\/509007\/"},"modified":"2025-10-18T18:37:11","modified_gmt":"2025-10-18T18:37:11","slug":"usa-massenproteste-gegen-trump-beginnen-in-tausenden-staedten","status":"publish","type":"post","link":"https:\/\/www.europesays.com\/de\/509007\/","title":{"rendered":"USA: Massenproteste gegen Trump beginnen in Tausenden St\u00e4dten"},"content":{"rendered":"<p class=\"paragraph article__item\">In den <a class=\"rtr-entity\" href=\"https:\/\/www.zeit.de\/thema\/usa\" rel=\"nofollow noopener\" target=\"_blank\">USA<\/a> haben im ganzen Land Kundgebungen gegen <a href=\"https:\/\/www.zeit.de\/thema\/donald-trump\" class=\"\" target=\"_blank\" rel=\"nofollow noopener\">Pr\u00e4sident Donald Trump<\/a> begonnen, zu denen im Tagesverlauf <a href=\"https:\/\/www.zeit.de\/gesellschaft\/zeitgeschehen\/2025-10\/usa-massenproteste-demonstrationen-no-kings-donald-trump\" class=\"\" target=\"_blank\" rel=\"nofollow noopener\">Millionen Menschen erwartet werden<\/a>.\u00a0Unter dem Motto &#8222;No Kings&#8220; wurden mehr als 2.600 Demonstrationen angemeldet. Die Organisatoren wollen damit ein Zeichen gegen die ihrer Ansicht nach autorit\u00e4re Politik\u00a0Trumps\u00a0setzen.\n<\/p>\n<p class=\"paragraph article__item\">Auf der <a href=\"https:\/\/www.nokings.org\/\" class=\"\" target=\"_blank\" rel=\"nofollow noopener\">Webseite der Bewegung<\/a> hei\u00dft es, Trumps Regierung schicke &#8222;maskierte Agenten auf unsere Stra\u00dfen&#8220;, terrorisiere Gemeinden und nehme Menschen ohne Haftbefehl fest. Au\u00dferdem wirft man ihm vor, Wahlen zu bedrohen, Gesundheits- und Umweltschutz abzubauen und Milliard\u00e4ren Vorteile zu verschaffen, w\u00e4hrend viele Familien unter steigenden Lebenshaltungskosten litten. &#8222;Der Pr\u00e4sident glaubt, seine Macht sei absolut&#8220;, hei\u00dft es. &#8222;Aber in Amerika haben wir keine K\u00f6nige.&#8220;\n<\/p>\n<p class=\"paragraph article__item\">In <a class=\"rtr-entity\" href=\"https:\/\/www.zeit.de\/thema\/new-york\" rel=\"nofollow noopener\" target=\"_blank\">New York<\/a> skandierten die ersten Teilnehmenden unter anderem &#8222;Wir lieben unser Land, wir k\u00f6nnen Trump nicht ausstehen.&#8220; Au\u00dferdem hielten sie Plakate mit der Aufschrift &#8222;No Kings&#8220; in die H\u00f6he.\u00a0Neben New York sind in San Francisco, Los Angeles, Washington, Boston, Chicago, Atlanta, New Orleans sowie in vielen kleineren St\u00e4dten Protestaktionen geplant.\n<\/p>\n<p>        Mehr Demonstrationen als w\u00e4hrend Trumps erster Amtszeit        <\/p>\n<p class=\"paragraph article__item\">Zuletzt <a href=\"https:\/\/www.zeit.de\/politik\/ausland\/2025-10\/usa-nationalgarde-chicago-supreme-court\" class=\"\" target=\"_blank\" rel=\"nofollow noopener\">sandte Trump Einsatzkr\u00e4fte der Nationalgarde<\/a> in mehrere von den oppositionellen Demokraten regierte St\u00e4dte. Teils wurden die Eins\u00e4tze <a href=\"https:\/\/www.zeit.de\/politik\/ausland\/2025-10\/portland-oregon-nationalgarde-bundesrichterin\" class=\"\" target=\"_blank\" rel=\"nofollow noopener\">von Gerichten gestoppt<\/a>. Auch das gewaltsame Vorgehen gegen Migranten und immer striktere Einschr\u00e4nkungen f\u00fcr die Berichterstattung von Medien durch die Trump-Regierung <a href=\"https:\/\/www.zeit.de\/kultur\/2025-10\/proteste-usa-donald-trump-no-kings-cornel-west\" class=\"\" target=\"_blank\" rel=\"nofollow noopener\">sto\u00dfen auf scharfe Kritik<\/a>.\n<\/p>\n<p>            Proteste in den USA        <\/p>\n<p>Mehr zum Thema<\/p>\n<p>                <a href=\"https:\/\/www.zeit.de\/politik\/ausland\/2025-10\/usa-demokratie-donald-trump-widerstand-harvard-mathias-risse\" data-ct-label=\"Demokratie in den USA: &quot;Leider lassen sich viele Eliten von Trump einsch\u00fcchtern&quot;\" rel=\"nofollow noopener\" target=\"_blank\"><\/p>\n<p>                        Demokratie in den USA:<br \/>\n                        &#8222;Leider lassen sich viele Eliten von Trump einsch\u00fcchtern&#8220;<\/p>\n<p>                <\/a><\/p>\n<p>                <a href=\"https:\/\/www.zeit.de\/politik\/ausland\/2025-06\/proteste-los-angeles-usa-donald-trump-migration\" data-ct-label=\"USA: Die Parade gegen ein K\u00f6nigreich\" rel=\"nofollow noopener\" target=\"_blank\"><\/p>\n<p>                        USA:<br \/>\n                        Die Parade gegen ein K\u00f6nigreich<\/p>\n<p>                <\/a><\/p>\n<p>                <a href=\"https:\/\/www.zeit.de\/kultur\/2025-10\/proteste-usa-donald-trump-no-kings-cornel-west\" data-ct-label=\"Proteste in den USA: &quot;Trump must go now!&quot;\" rel=\"nofollow noopener\" target=\"_blank\"><\/p>\n<p>        Z+ (abopflichtiger Inhalt);<\/p>\n<p>    Proteste in den USA:<br \/>\n                        &#8222;Trump must go now!&#8220;<\/p>\n<p>                <\/a><\/p>\n<p class=\"paragraph article__item\">Seit\u00a0Trumps\u00a0Amtsantritt Ende Januar gab es in den Vereinigten Staaten deutlich mehr Demonstrationen als in seiner ersten Amtszeit. Das geht aus Z\u00e4hlungen des &#8222;Crowd Consortium&#8220; der Universit\u00e4t Harvard hervor. Mitte Juni gingen bei &#8222;No Kings&#8220;-Protesten <a href=\"https:\/\/www.zeit.de\/politik\/ausland\/2025-06\/proteste-los-angeles-usa-donald-trump-migration\" class=\"\" target=\"_blank\" rel=\"nofollow noopener\">mehrere Millionen Menschen auf die Stra\u00dfen<\/a>. Der Massenprotest gilt als einer der gr\u00f6\u00dften in der Geschichte der USA.<\/p>\n","protected":false},"excerpt":{"rendered":"In den USA haben im ganzen Land Kundgebungen gegen Pr\u00e4sident Donald Trump begonnen, zu denen im Tagesverlauf Millionen&hellip;\n","protected":false},"author":2,"featured_media":509008,"comment_status":"","ping_status":"","sticky":false,"template":"","format":"standard","meta":{"footnotes":""},"categories":[3],"tags":[106,13,72506,14,944,15,16,12,10,8,9,11,64,103,104],"class_list":{"0":"post-509007","1":"post","2":"type-post","3":"status-publish","4":"format-standard","5":"has-post-thumbnail","7":"category-welt","8":"tag-donald-trump","9":"tag-headlines","10":"tag-massenprotest","11":"tag-nachrichten","12":"tag-new-york","13":"tag-news","14":"tag-politik","15":"tag-schlagzeilen","16":"tag-top-news","17":"tag-top-meldungen","18":"tag-topmeldungen","19":"tag-topnews","20":"tag-usa","21":"tag-welt","22":"tag-world"},"share_on_mastodon":{"url":"https:\/\/pubeurope.com\/@de\/115396623999059761","error":""},"_links":{"self":[{"href":"https:\/\/www.europesays.com\/de\/wp-json\/wp\/v2\/posts\/509007","targetHints":{"allow":["GET"]}}],"collection":[{"href":"https:\/\/www.europesays.com\/de\/wp-json\/wp\/v2\/posts"}],"about":[{"href":"https:\/\/www.europesays.com\/de\/wp-json\/wp\/v2\/types\/post"}],"author":[{"embeddable":true,"href":"https:\/\/www.europesays.com\/de\/wp-json\/wp\/v2\/users\/2"}],"replies":[{"embeddable":true,"href":"https:\/\/www.europesays.com\/de\/wp-json\/wp\/v2\/comments?post=509007"}],"version-history":[{"count":0,"href":"https:\/\/www.europesays.com\/de\/wp-json\/wp\/v2\/posts\/509007\/revisions"}],"wp:featuredmedia":[{"embeddable":true,"href":"https:\/\/www.europesays.com\/de\/wp-json\/wp\/v2\/media\/509008"}],"wp:attachment":[{"href":"https:\/\/www.europesays.com\/de\/wp-json\/wp\/v2\/media?parent=509007"}],"wp:term":[{"taxonomy":"category","embeddable":true,"href":"https:\/\/www.europesays.com\/de\/wp-json\/wp\/v2\/categories?post=509007"},{"taxonomy":"post_tag","embeddable":true,"href":"https:\/\/www.europesays.com\/de\/wp-json\/wp\/v2\/tags?post=509007"}],"curies":[{"name":"wp","href":"https:\/\/api.w.org\/{rel}","templated":true}]}}