{"id":509023,"date":"2025-10-18T18:46:21","date_gmt":"2025-10-18T18:46:21","guid":{"rendered":"https:\/\/www.europesays.com\/de\/509023\/"},"modified":"2025-10-18T18:46:21","modified_gmt":"2025-10-18T18:46:21","slug":"3-brickolage-die-legoboerse-ausstellung-in-gladbeck","status":"publish","type":"post","link":"https:\/\/www.europesays.com\/de\/509023\/","title":{"rendered":"3. BRICKOLAGE \u2013 Die Legob\u00f6rse &#038; Ausstellung in Gladbeck"},"content":{"rendered":"<p><a title=\"Legob\u00f6rse 2025_ergebnis\" href=\"https:\/\/neue-gladbecker-zeitung.de\/3-brickolage-die-legoboerse-ausstellung-in-gladbeck\/legoboerse-2025_ergebnis\/\" target=\"_blank\" rel=\"noopener\"><img fetchpriority=\"high\" width=\"678\" height=\"381\" src=\"https:\/\/www.europesays.com\/de\/wp-content\/uploads\/2025\/10\/Legoboerse-2025_ergebnis.webp.webp\" class=\"attachment-mh-magazine-content size-mh-magazine-content wp-post-image\" alt=\"3. BRICKOLAGE \u2013 Die Legob\u00f6rse &amp; Ausstellung\" title=\"Legob\u00f6rse 2025_ergebnis\" loading=\"eager\" decoding=\"async\"\/><\/a><br \/>\nDer Kreativit\u00e4t sind mit Lego keine Grenzen gesetzt. Foto: Manuel Rottmann<\/p>\n<p>Am 25. und 26. Oktober lockt es junge und alte Lego-Liebhaber in die Mathias-Jakobs-Stadthalle<\/p>\n<p><strong>Gladbeck \u2013 18.10.2025 \u2013 BRICKOLAGE \u2013 Legob\u00f6rse<\/strong>\u00a0\u2013\u00a0Im Oktober 2023 startete in Gladbeck erstmals die <strong>\u201eBRICKOLAGE.RUHR \u2013 Die Legob<\/strong><strong>\u00f6rse &amp; Ausstellung\u201c<\/strong> in <strong><a style=\"color: #ff0000;\" href=\"https:\/\/www.gladbeck.de\" target=\"_blank\" rel=\"noopener\">Gladbeck<\/a><\/strong>. Mit Engagement und \u00dcberzeugung sowie einfacher, aber einfallsreicher Kommunikation in frischem Design schafften es die Veranstalter in der <strong><a style=\"color: #ff0000;\" href=\"https:\/\/www.gladbeck.de\/kultur_tourismus\/kultur\/mathiasjakobsstadthalle.asp\" target=\"_blank\" rel=\"noopener\">Gladbecker Stadthalle<\/a><\/strong> ein generations\u00fcbergreifendes Publikum anzusprechen. <\/p>\n<p>Bei der eint\u00e4gigen Veranstaltung konnte man aus dem Stand 1.350 G\u00e4ste in nur f\u00fcnf Stunden begr\u00fc\u00dfen. Bei der Neuauflage 2024 entschied man sich, das Event zweit\u00e4gig zu veranstalten und schaffte bereits \u00fcber 2.000 junge und alte Besucher in der Gladbecker Stadthalle zu begeistern. Ein Ergebnis, das die ambitionierten Veranstalter in diesem Jahr nat\u00fcrlich gerne noch einmal \u00fcbertreffen m\u00f6chten.<\/p>\n<p>Die NGZ-News aus Gladbeck immer sofort auf das Handy?<br \/>Dann abonniere kostenlos den <a style=\"color: #ff0000;\" href=\"https:\/\/whatsapp.com\/channel\/0029VaAJZdH8F2pIH21PF72X\" target=\"_blank\" rel=\"noopener\">WhatsApp-Kanal<\/a><br \/>\nDie Gladbecker Zusammenfassung des Tages der NGZ?<br \/>Dann abonniere den kostenlosen <a href=\"https:\/\/neue-gladbecker-zeitung.de\/newsletter-2\/\" target=\"_blank\" rel=\"noopener\"><strong>Newsletter<\/strong><\/a><br \/>\nFolgen Sie uns auf Facebook: <strong><a style=\"color: #ff0000;\" href=\"https:\/\/www.facebook.com\/NeueGladbeckerZeitung\/\" target=\"_blank\" rel=\"noopener\">NeueGladbeckerZeitung<\/a><\/strong><\/p>\n<p>Tolle Highlights an zwei Tagen<\/p>\n<p class=\"pf0\">Und so k\u00f6nnen sich am <strong>25. und 26. Oktober<\/strong> Lego-Fans wieder auf tolle Highlights freuen. Auf zwei Etagen werden etwa 50 Aussteller und H\u00e4ndler ihren Platz finden. <strong>Kinder haben freien Eintritt<\/strong> (eine Spende ist willkommen), G\u00e4ste ab 14 Jahren zahlen 5\u2009Euro. <\/p>\n<p class=\"pf0\">Bei der BRICKOLAGE.RUHR werden nicht nur beeindruckende Lego-Kreationen (MOCs) ausgestellt \u2013 hier kann man sich auch \u00fcber die neuesten Trends und Entwicklungen informieren oder die eigene Sammlung aus dem riesigen Sortiment der d\u00e4nischen Klemmbausteine-Erfinder erweitern.<\/p>\n<p><img loading=\"lazy\" decoding=\"async\" class=\"size-full wp-image-41366\" src=\"data:image\/svg+xml,%3Csvg%20xmlns=\" http:=\"\" alt=\"Brickolage.Ruhr 2025 in Gladbeck\" width=\"678\" height=\"381\" data-lazy-src=\"https:\/\/www.europesays.com\/de\/wp-content\/uploads\/2025\/10\/Brickolage.Ruhr-2025_ergebnis.webp.webp\"\/>Mit diesem Plakat wurd f\u00fcr die Brickolage.Ruhr 2025 geworden.<br \/>\nLegostein-Handel steht nicht im Vordergrund<\/p>\n<p class=\"pf0\">Suchende von Ersatzteilen haben hier ebenfalls gute Chancen. Dabei legt <strong>Veranstalter Manuel Rottmann<\/strong> gro\u00dfen Wert darauf, dass der Handel nicht im Vordergrund stehen soll. \u201eWir wollen Events f\u00fcr Menschen auch ohne Konsumzwang. Daher setzen wir neben der B\u00f6rse auch deutlich auf die Ausstellung mit M\u00f6glichkeiten des zwanglosen Tagesausflugs f\u00fcr Familien.\u201c<\/p>\n<p class=\"pf0\"><strong>Und dazu hat man sich wieder einiges einfallen lassen:<\/strong> Neben der umfangreichen Ausstellung mit bspw. Star Wars MOCs, ganzen Stadt- &amp; Fantasiewelten, Dioramen bis hin zum Nachbau der B\u00fchne des Ruhrpott Rodeos wird es f\u00fcr Kinder Spielm\u00f6glichkeiten geben. Die TV-Produktion Lego-Masters wird vor Ort sein. <\/p>\n<p>Versteigerung zugunsten der Gladbecker Jugendarbeit<\/p>\n<p class=\"pf0\">Am Sonntag wird ein professioneller Auktionator eine Versteigerung von Lego-Spenden zugunsten der Gladbecker Jugendarbeit im Kino-Studio leiten. Frei nach dem Motto \u201eJeder Stein hilft.\u201d sind Lego-Spenden jederzeit gerne an der Tageskasse oder vorab am Vorverkaufsschalter der Stadthalle (<strong>dienstags &amp; donnerstags 10:00-13:00<\/strong>) abzugeben. <\/p>\n<p class=\"pf0\">Walking Acts sorgen f\u00fcr Festival-Stimmung. Die Gladbecker Feuerwehr wird junge und alte Besucher mit ihrem Einsatzfahrzeug begeistern. Der Lego-Youtuber PatSonBricks schw\u00e4rmt: \u201cDie BRICKOLAGE.RUHR ist eine gro\u00dfartige Mischung aus B\u00f6rse und Ausstellung. Es gibt so viel Inspiration, die zum Nachbauen motiviert. Man merkt dem Event die Liebe der Organisatoren f\u00fcr\u00b4s Details an. Ich freu\u00b4 mich in diesem Jahr wieder dabei zu sein.\u201d<\/p>\n<p class=\"pf0\">Auf dem Vorplatz der Mathias-Jakobs-Stadthalle wird ein <strong>lokaler Caterer Speisen<\/strong> anbieten. Die Stadthalle selbst bietet Getr\u00e4nke und Waffeln an. Das <strong><a style=\"color: #ff0000;\" href=\"https:\/\/www.netzwerk-organspende-nrw.de\/\" target=\"_blank\" rel=\"noopener\">Netzwerk Organspende NRW e.V.<\/a><\/strong> wird mit einem Aktionsanh\u00e4nger auf das sensible Thema Organspende aufmerksam machen.<\/p>\n<p class=\"pf0\">Die BRICKOLAGE.RUHR wird auch in diesem Jahr mehr als Lego sein.<\/p>\n<p class=\"pf0\">Die BRICKOLAGE.RUHR findet am <strong>Samstag 25.10.2025 von 12-18 Uhr<\/strong> und am <strong>Sonntag 26.10.2025 von 11-16 Uhr<\/strong> in der <strong>Mathias-Jakobs-Stadthalle, Friedrichstr. 53 in 45964 Gladbeck<\/strong> statt.<\/p>\n<p><a style=\"color: #ff0000;\" href=\"https:\/\/neue-gladbecker-zeitung.de\" target=\"_blank\" rel=\"noopener\">Zur Startseite<\/a><\/p>\n","protected":false},"excerpt":{"rendered":"Der Kreativit\u00e4t sind mit Lego keine Grenzen gesetzt. Foto: Manuel Rottmann Am 25. und 26. Oktober lockt es&hellip;\n","protected":false},"author":2,"featured_media":509024,"comment_status":"","ping_status":"","sticky":false,"template":"","format":"standard","meta":{"footnotes":""},"categories":[1848],"tags":[126831,3364,29,548,663,3934,3658,30,17275,13,126832,126833,14,15,1209,12,9645],"class_list":{"0":"post-509023","1":"post","2":"type-post","3":"status-publish","4":"format-standard","5":"has-post-thumbnail","7":"category-gelsenkirchen","8":"tag-brickolage","9":"tag-de","10":"tag-deutschland","11":"tag-eu","12":"tag-europa","13":"tag-europe","14":"tag-gelsenkirchen","15":"tag-germany","16":"tag-gladbeck","17":"tag-headlines","18":"tag-legoboerse","19":"tag-manuel-rottmann","20":"tag-nachrichten","21":"tag-news","22":"tag-nordrhein-westfalen","23":"tag-schlagzeilen","24":"tag-stadthalle"},"share_on_mastodon":{"url":"https:\/\/pubeurope.com\/@de\/115396660012091479","error":""},"_links":{"self":[{"href":"https:\/\/www.europesays.com\/de\/wp-json\/wp\/v2\/posts\/509023","targetHints":{"allow":["GET"]}}],"collection":[{"href":"https:\/\/www.europesays.com\/de\/wp-json\/wp\/v2\/posts"}],"about":[{"href":"https:\/\/www.europesays.com\/de\/wp-json\/wp\/v2\/types\/post"}],"author":[{"embeddable":true,"href":"https:\/\/www.europesays.com\/de\/wp-json\/wp\/v2\/users\/2"}],"replies":[{"embeddable":true,"href":"https:\/\/www.europesays.com\/de\/wp-json\/wp\/v2\/comments?post=509023"}],"version-history":[{"count":0,"href":"https:\/\/www.europesays.com\/de\/wp-json\/wp\/v2\/posts\/509023\/revisions"}],"wp:featuredmedia":[{"embeddable":true,"href":"https:\/\/www.europesays.com\/de\/wp-json\/wp\/v2\/media\/509024"}],"wp:attachment":[{"href":"https:\/\/www.europesays.com\/de\/wp-json\/wp\/v2\/media?parent=509023"}],"wp:term":[{"taxonomy":"category","embeddable":true,"href":"https:\/\/www.europesays.com\/de\/wp-json\/wp\/v2\/categories?post=509023"},{"taxonomy":"post_tag","embeddable":true,"href":"https:\/\/www.europesays.com\/de\/wp-json\/wp\/v2\/tags?post=509023"}],"curies":[{"name":"wp","href":"https:\/\/api.w.org\/{rel}","templated":true}]}}