{"id":509036,"date":"2025-10-18T18:53:10","date_gmt":"2025-10-18T18:53:10","guid":{"rendered":"https:\/\/www.europesays.com\/de\/509036\/"},"modified":"2025-10-18T18:53:10","modified_gmt":"2025-10-18T18:53:10","slug":"bayern-gewinnt-topspiel-gegen-bvb-verfolger-trio-siegt","status":"publish","type":"post","link":"https:\/\/www.europesays.com\/de\/509036\/","title":{"rendered":"Bayern gewinnt Topspiel gegen BVB &#8211; Verfolger-Trio siegt"},"content":{"rendered":"<p>Berlin (dpa) &#8211; Der FC Bayern M\u00fcnchen hat das Gipfeltreffen der Fu\u00dfball-Bundesliga gegen Borussia Dortmund gewonnen und seinen Vorsprung in der Tabelle weiter ausgebaut. Der deutsche Rekordmeister siegte im Heimspiel gegen den bislang \u00e4rgsten Verfolger dank der Treffer von Torj\u00e4ger Harry Kane (22. Minute) und Michael Olise (79.) verdient mit 2:1 (1:0). Der eingewechselte Julian Brandt konnte f\u00fcr den BVB nur noch verk\u00fcrzen (84.).<\/p>\n<p>Nach dem elften Pflichtspielsieg in der Saison haben die Bayern nun bereits f\u00fcnf Punkte Vorsprung auf Platz zwei. Der BVB rutschte nach der ersten Liga-Niederlage auf Rang vier ab. Neuer Zweiter ist RB Leipzig, der zu Hause gegen Aufsteiger Hamburger SV mit 2:1 (1:0) gewann.\u00a0<\/p>\n<p>Pokalsieger VfB Stuttgart gewann beim entt\u00e4uschenden VfL Wolfsburg mit 3:0 (1:0) und ist nun Dritter. Ex-Meister Bayer Leverkusen setzte sich ebenfalls ausw\u00e4rts beim FSV Mainz 05 mit 4:3 (3:1) durch und liegt zwei Punkte hinter Leipzig auf Rang f\u00fcnf. Am Abend (18.30 Uhr\/Sky) stehen sich die noch ungeschlagenen Bayern und Dortmunder im direkten Duell gegen\u00fcber.\u00a0<\/p>\n<p>Im Tabellenkeller holte der 1. FC Heidenheim trotz eines zweimaligen R\u00fcckstandes noch ein 2:2 (0:0) gegen Werder Bremen. Ebenfalls zur Punkteteilung kam es beim 1:1 (0:0) zwischen dem 1. FC K\u00f6ln und dem FC Augsburg.<\/p>\n<p>Doppelpack f\u00fcr Baumgartner\u00a0<\/p>\n<p>Nach anf\u00e4nglichen Problemen erl\u00f6ste Christoph Baumgartner (45.\/50.) die Leipziger mit einem Doppelpack gegen tapfer k\u00e4mpfende Hamburger, die durch Albert Sambi Lokonga (48.) zwischenzeitlich ausgleichen konnten.\u00a0<\/p>\n<p>Ausgerechnet der Ex-Wolfsburger Tiago Tomas (35.) brachte Stuttgart beim VfL per Kopfballtreffer in F\u00fchrung. Die Nationalspieler Maximilian Mittelst\u00e4dt (55.) und Angelo Stiller (80.) erh\u00f6hten in der zweiten H\u00e4lfte f\u00fcr den VfB.<\/p>\n<p>K\u00f6lns Schottingstar trifft erneut<\/p>\n<p>In Mainz waren die G\u00e4ste aus Leverkusen etwas effektiver und gewannen durch Tore von Doppelpacker Alejandro Grimaldo (11., Foulelfmeter\/45.+3), Christian Kofane (24.) und Martin Terrier (87.). F\u00fcr Mainz trafen Jae-Sung Lee (34.), Nadiem Amiri (71.\/Foulelfmeter) und Armindo Sieb (90.).<\/p>\n<p>Die Bremer gingen in Heidenheim durch Tore von Marco Gr\u00fcll (50.) und Jens Stage (69.) zweimal in F\u00fchrung. Der FCH glich durch Stefan Schimmer (67.) und Jonas F\u00f6hrenbach (83.) jeweils aus.\u00a0<\/p>\n<p>In K\u00f6ln entwickelte sich eine muntere zweite Halbzeit, in der K\u00f6lns eingewechselter Shootingstar Said El Mala (76.) die Augsburger F\u00fchrung durch Fabian Rieder (54.) egalisierte.<\/p>\n","protected":false},"excerpt":{"rendered":"Berlin (dpa) &#8211; Der FC Bayern M\u00fcnchen hat das Gipfeltreffen der Fu\u00dfball-Bundesliga gegen Borussia Dortmund gewonnen und seinen&hellip;\n","protected":false},"author":2,"featured_media":509037,"comment_status":"","ping_status":"","sticky":false,"template":"","format":"standard","meta":{"footnotes":""},"categories":[1843],"tags":[299,3364,29,5282,30,8970,1209],"class_list":{"0":"post-509036","1":"post","2":"type-post","3":"status-publish","4":"format-standard","5":"has-post-thumbnail","7":"category-muenster","8":"tag-bundesliga","9":"tag-de","10":"tag-deutschland","11":"tag-fuball","12":"tag-germany","13":"tag-muenster","14":"tag-nordrhein-westfalen"},"share_on_mastodon":{"url":"https:\/\/pubeurope.com\/@de\/115396686923963257","error":""},"_links":{"self":[{"href":"https:\/\/www.europesays.com\/de\/wp-json\/wp\/v2\/posts\/509036","targetHints":{"allow":["GET"]}}],"collection":[{"href":"https:\/\/www.europesays.com\/de\/wp-json\/wp\/v2\/posts"}],"about":[{"href":"https:\/\/www.europesays.com\/de\/wp-json\/wp\/v2\/types\/post"}],"author":[{"embeddable":true,"href":"https:\/\/www.europesays.com\/de\/wp-json\/wp\/v2\/users\/2"}],"replies":[{"embeddable":true,"href":"https:\/\/www.europesays.com\/de\/wp-json\/wp\/v2\/comments?post=509036"}],"version-history":[{"count":0,"href":"https:\/\/www.europesays.com\/de\/wp-json\/wp\/v2\/posts\/509036\/revisions"}],"wp:featuredmedia":[{"embeddable":true,"href":"https:\/\/www.europesays.com\/de\/wp-json\/wp\/v2\/media\/509037"}],"wp:attachment":[{"href":"https:\/\/www.europesays.com\/de\/wp-json\/wp\/v2\/media?parent=509036"}],"wp:term":[{"taxonomy":"category","embeddable":true,"href":"https:\/\/www.europesays.com\/de\/wp-json\/wp\/v2\/categories?post=509036"},{"taxonomy":"post_tag","embeddable":true,"href":"https:\/\/www.europesays.com\/de\/wp-json\/wp\/v2\/tags?post=509036"}],"curies":[{"name":"wp","href":"https:\/\/api.w.org\/{rel}","templated":true}]}}