{"id":509048,"date":"2025-10-18T18:59:12","date_gmt":"2025-10-18T18:59:12","guid":{"rendered":"https:\/\/www.europesays.com\/de\/509048\/"},"modified":"2025-10-18T18:59:12","modified_gmt":"2025-10-18T18:59:12","slug":"wuppertaler-sv-vfl-bochum-1848-ii-u23-remis-dank-spaetem-treffer-von-kleiner-regionalliga-west","status":"publish","type":"post","link":"https:\/\/www.europesays.com\/de\/509048\/","title":{"rendered":"Wuppertaler SV &#8211; VfL Bochum 1848 II (U23): Remis dank sp\u00e4tem Treffer von Kleiner &#8211; Regionalliga West"},"content":{"rendered":"<p>Der Wuppertaler SV und VfL Bochum 1848 II (U23) teilten sich an diesem Spieltag die Punkte. Das Match endete mit einem 2:2. Die Vorzeichen hatten auf Sieg zugunsten von Wuppertal gestanden.<\/p>\n<p class=\"is-first-paragraph\" data-external=\"Article.FirstParagraph\">Die 90 Minuten zeigten jedoch, dass der WSV der Favoritenrolle nicht gerecht wurde.<\/p>\n<p>Jonathan Akaegbobi besorgte vor 1.814 Zuschauern das 1:0 f\u00fcr Bochum II. Den Unterschied zwischen den beiden Mannschaften machte bis zur Pause lediglich ein Treffer aus, den die G\u00e4ste f\u00fcr sich beanspruchten. Anstelle von Hans Juraj Hartmann war nach Wiederbeginn Chesron Simeon Oostwoud f\u00fcr den Wuppertaler SV im Spiel. Gleich drei Wechsel nahmen die Gastgeber in der 59. Minute vor. Vincent Dominic Schaub, Jeff-Denis Fehr und Amin Bouzraa verlie\u00dfen das Feld f\u00fcr Dildar Atmaca, Daiki Kamo und Ronay Arabaci. Fritz Kleiner, der von der Bank f\u00fcr Atmaca kam, sollte f\u00fcr neue Impulse bei Wuppertal sorgen (75.). Arabaci war es, der in der 83. Minute das Spielger\u00e4t im Tor von VfL II unterbrachte. Wenig sp\u00e4ter kamen Vahidin Turudija und Tolga \u00d6zdemir per Doppelwechsel f\u00fcr Henri Carlo Matter und Alessandro Crimaldi auf Seiten von VfL Bochum 1848 II (U23) ins Match (84.). Turudija brachte den Ball zum 2:1 zugunsten von Bochum II \u00fcber die Linie (85.). Als einige Zuschauer bereits VfL II als Sieger der Begegnung sahen, schlug der Moment von Kleiner, der zum Ausgleich traf (90.). Am Ende stand es zwischen dem WSV und VfL Bochum 1848 II (U23) pari.<\/p>\n<p>Der Wuppertaler SV muss sich ohne Zweifel um die eigene Abwehr k\u00fcmmern. Im Schnitt kassierte das Team mehr als zwei Gegentreffer pro Spiel. Das Remis brachte Wuppertal in der Tabelle voran. Der WSV liegt nun auf Rang elf. Der Wuppertaler SV schafft es bislang nicht, der eigenen Hintermannschaft die n\u00f6tige Stabilit\u00e4t zu verleihen, sodass man bereits 25 Gegentore verdauen musste. Vier Siege, drei Remis und f\u00fcnf Niederlagen hat Wuppertal momentan auf dem Konto. Der WSV befindet sich auf Kurs und holte in den vergangenen f\u00fcnf Spielen acht Punkte.<\/p>\n<p>Bochum II befindet sich derzeit im Tabellenkeller. Einen Sieg, sechs Remis und f\u00fcnf Niederlagen hat VfL II derzeit auf dem Konto. Nach dem achten Spiel in Folge ohne Dreier wird VfL Bochum 1848 II (U23) nach unten durchgereicht.<\/p>\n<p>Am Samstag muss der Wuppertaler SV bei der Reserve von Borussia M\u00f6nchengladbach ran, zeitgleich wird Bochum II vom 1. FC Bocholt in Empfang genommen.<\/p>\n<p><b>Dieser Artikel wurde automatisch von unserem Partner Retresco anhand von Spieldaten erstellt.<\/b><\/p>\n<p>FUSSBALL.DE<\/p>\n","protected":false},"excerpt":{"rendered":"Der Wuppertaler SV und VfL Bochum 1848 II (U23) teilten sich an diesem Spieltag die Punkte. Das Match&hellip;\n","protected":false},"author":2,"featured_media":501296,"comment_status":"","ping_status":"","sticky":false,"template":"","format":"standard","meta":{"footnotes":""},"categories":[1839],"tags":[7507,3364,29,30,1209,3694],"class_list":{"0":"post-509048","1":"post","2":"type-post","3":"status-publish","4":"format-standard","5":"has-post-thumbnail","7":"category-bochum","8":"tag-bochum","9":"tag-de","10":"tag-deutschland","11":"tag-germany","12":"tag-nordrhein-westfalen","13":"tag-textengine"},"share_on_mastodon":{"url":"https:\/\/pubeurope.com\/@de\/115396710696190133","error":""},"_links":{"self":[{"href":"https:\/\/www.europesays.com\/de\/wp-json\/wp\/v2\/posts\/509048","targetHints":{"allow":["GET"]}}],"collection":[{"href":"https:\/\/www.europesays.com\/de\/wp-json\/wp\/v2\/posts"}],"about":[{"href":"https:\/\/www.europesays.com\/de\/wp-json\/wp\/v2\/types\/post"}],"author":[{"embeddable":true,"href":"https:\/\/www.europesays.com\/de\/wp-json\/wp\/v2\/users\/2"}],"replies":[{"embeddable":true,"href":"https:\/\/www.europesays.com\/de\/wp-json\/wp\/v2\/comments?post=509048"}],"version-history":[{"count":0,"href":"https:\/\/www.europesays.com\/de\/wp-json\/wp\/v2\/posts\/509048\/revisions"}],"wp:featuredmedia":[{"embeddable":true,"href":"https:\/\/www.europesays.com\/de\/wp-json\/wp\/v2\/media\/501296"}],"wp:attachment":[{"href":"https:\/\/www.europesays.com\/de\/wp-json\/wp\/v2\/media?parent=509048"}],"wp:term":[{"taxonomy":"category","embeddable":true,"href":"https:\/\/www.europesays.com\/de\/wp-json\/wp\/v2\/categories?post=509048"},{"taxonomy":"post_tag","embeddable":true,"href":"https:\/\/www.europesays.com\/de\/wp-json\/wp\/v2\/tags?post=509048"}],"curies":[{"name":"wp","href":"https:\/\/api.w.org\/{rel}","templated":true}]}}