{"id":509066,"date":"2025-10-18T19:10:20","date_gmt":"2025-10-18T19:10:20","guid":{"rendered":"https:\/\/www.europesays.com\/de\/509066\/"},"modified":"2025-10-18T19:10:20","modified_gmt":"2025-10-18T19:10:20","slug":"droht-deutschland-2025-ein-jahrhundertwinter-was-wirklich-hinter-der-kaelte-angst-steckt","status":"publish","type":"post","link":"https:\/\/www.europesays.com\/de\/509066\/","title":{"rendered":"Droht Deutschland 2025 ein Jahrhundertwinter? Was wirklich hinter der K\u00e4lte-Angst steckt"},"content":{"rendered":"<ol class=\"id-DonaldBreadcrumb lp_west_breadcrumb id-DonaldBreadcrumb--default\" data-k5a-pos=\"west_breadcrumb\">\n<li class=\"id-Breadcrumb-item\"><a href=\"https:\/\/www.fr.de\/\" class=\"id-Breadcrumb-link\" data-id-ec=\"{\" shn=\"\" textlink=\"\" data-k5a-pos=\"1_startseite\" rel=\"nofollow noopener\" target=\"_blank\">Startseite<\/a><\/li>\n<li class=\"id-Breadcrumb-item\"><a href=\"https:\/\/www.fr.de\/panorama\/\" class=\"id-Breadcrumb-link\" data-id-ec=\"{\" shn=\"\" textlink=\"\" data-k5a-pos=\"2_panorama\" rel=\"nofollow noopener\" target=\"_blank\">Panorama<\/a><\/li>\n<\/ol>\n<p class=\"id-Story-timestamp id-Story-timestamp--default\">Stand: 18.10.2025, 20:37 Uhr<\/p>\n<p class=\"id-Story-authors id-Story-authors--default\">Von: <a class=\"id-Story-authors-link lp_west_author\" href=\"https:\/\/www.fr.de\/autor\/dominik-jung-zdt0yde2.html\" title=\"Zur Autorenseite von Dominik Jung\" data-id-ec=\"{\" shn=\"\" author-link=\"\" jung=\"\" data-k5a-pos=\"west_author\" rel=\"nofollow noopener\" target=\"_blank\">Dominik Jung<\/a><\/p>\n<p class=\"id-Story-interactionBar id-Story-interactionBar--default\">DruckenTeilen<\/p>\n<p class=\"id-StoryElement-leadText\">Jedes Jahr geistert die Warnung vor einem \u201eJahrhundertwinter\u201c durch die Medien. Doch wie realistisch ist so ein Extremwinter \u00fcberhaupt? Eine Wetter-Kolumne von Dominik Jung.<\/p>\n<p class=\"id-StoryElement-paragraph\">Frankfurt \u2013 Kaum sinken im Oktober die Temperaturen, h\u00e4ufen sich Schlagzeilen wie \u201eK\u00e4lteschock droht\u201c oder \u201eWinter des Jahrhunderts steht bevor\u201c. Der Begriff \u201eJahrhundertwinter\u201c zieht Aufmerksamkeit \u2013 er verspricht Dramatik, Nostalgie und ein St\u00fcck Wettergeschichte. In Wirklichkeit gibt es daf\u00fcr jedoch keine meteorologische Definition. <\/p>\n<p><img decoding=\"async\" class=\"id-RatioPlaceholder-element wv_story_el_image\" src=\"https:\/\/www.europesays.com\/de\/wp-content\/uploads\/2025\/10\/40113872-schneemassen-liegen-in-den-strassen-der-bayerischen-landeshauptstadt-P5BG.jpg\" loading=\"lazy\"   height=\"619\" width=\"1100\" alt=\"Schneemassen liegen in den Stra&#xDF;en der bayerischen Landeshauptstadt.\"\/>Er ist wieder in aller Munde: ein m\u00f6glicher Jahrhundertwinter in Deutschland. Was ist dran an diesen Schlagzeilen? \u00a9\u00a0Peter Kneffel\/dpa<\/p>\n<p class=\"id-StoryElement-paragraph\">Gemeint ist meist ein Winter, der au\u00dfergew\u00f6hnlich kalt, schneereich oder lang anhaltend ist \u2013 wie etwa 1962\/63 oder 1978\/79. Beide gelten bis heute als Synonyme f\u00fcr extremes Winterwetter in Deutschland. Der Begriff lebt auch deshalb weiter, weil viele Menschen solche Winter als Kind erlebt haben und die Erinnerung an meterhohen Schnee und zugefrorene Seen emotional aufgeladen ist. Medien greifen dieses Gef\u00fchl jedes Jahr gern auf \u2013 und befeuern es mit vagen Langfristprognosen <a href=\"https:\/\/www.fr.de\/panorama\/winter-schicksal-laut-bauernregel-sonntag-wird-zum-entscheidungstag-93943853.html\" class=\"id-import-Link\" data-id-ec=\"{&quot;sht&quot;:&quot;Container&quot;,&quot;shn&quot;:&quot;Story&quot;,&quot;p&quot;:{&quot;containerType&quot;:&quot;Paragraph&quot;,&quot;displayType&quot;:&quot;Paragraph InlineLink&quot;,&quot;type&quot;:&quot;INLINE_LINK&quot;,&quot;value&quot;:&quot;oder fragw&#xFC;rdigen Bauernregeln&quot;,&quot;variant&quot;:&quot;standardLink&quot;,&quot;sponsored&quot;:false,&quot;linkHref&quot;:&quot;https:\/\/www.fr.de\/panorama\/winter-schicksal-laut-bauernregel-sonntag-wird-zum-entscheidungstag-93943853.html&quot;,&quot;storyElementPosition&quot;:11,&quot;storyElementCount&quot;:22}}\" rel=\"nofollow noopener\" target=\"_blank\">oder fragw\u00fcrdigen Bauernregeln<\/a>.<\/p>\n<p>Was wirklich \u00fcber den Winter 2025\/26 bekannt ist<\/p>\n<p class=\"id-StoryElement-paragraph\">Aus meteorologischer Sicht gibt es derzeit keine seri\u00f6sen Anzeichen f\u00fcr einen sogenannten Jahrhundertwinter 2025\/26. Saisonprognosen deuten zwar auf m\u00f6gliche K\u00e4lteepisoden hin \u2013 vor allem, <a href=\"https:\/\/www.fr.de\/panorama\/winter-einbruch-deutschland-schwache-la-nina-phase-wetter-experte-vorhersage-dezember-zr-93426469.html\" class=\"id-import-Link\" data-id-ec=\"{&quot;sht&quot;:&quot;Container&quot;,&quot;shn&quot;:&quot;Story&quot;,&quot;p&quot;:{&quot;containerType&quot;:&quot;Paragraph&quot;,&quot;displayType&quot;:&quot;Paragraph InlineLink&quot;,&quot;type&quot;:&quot;INLINE_LINK&quot;,&quot;value&quot;:&quot;wenn sich ein kr&#xE4;ftiger Polarwirbel abschw&#xE4;cht&quot;,&quot;variant&quot;:&quot;standardLink&quot;,&quot;sponsored&quot;:false,&quot;linkHref&quot;:&quot;https:\/\/www.fr.de\/panorama\/winter-einbruch-deutschland-schwache-la-nina-phase-wetter-experte-vorhersage-dezember-zr-93426469.html&quot;,&quot;storyElementPosition&quot;:14,&quot;storyElementCount&quot;:22}}\" rel=\"nofollow noopener\" target=\"_blank\">wenn sich ein kr\u00e4ftiger Polarwirbel abschw\u00e4cht<\/a> oder eine bestimmte ENSO-Phase (<a href=\"https:\/\/www.merkur.de\/welt\/el-nino-phaenomen-wetter-auswirkungen-entstehung-deutschland-la-nina-90160860.html\" class=\"id-import-Link id-pageApi-Link--externalDomain\" data-id-ec=\"{&quot;sht&quot;:&quot;Container&quot;,&quot;shn&quot;:&quot;Story&quot;,&quot;p&quot;:{&quot;containerType&quot;:&quot;Paragraph&quot;,&quot;displayType&quot;:&quot;Paragraph InlineLink&quot;,&quot;type&quot;:&quot;INLINE_LINK&quot;,&quot;value&quot;:&quot;El Ni&#xF1;o&quot;,&quot;variant&quot;:&quot;standardLink&quot;,&quot;sponsored&quot;:false,&quot;linkHref&quot;:&quot;https:\/\/www.merkur.de\/welt\/el-nino-phaenomen-wetter-auswirkungen-entstehung-deutschland-la-nina-90160860.html&quot;,&quot;storyElementPosition&quot;:14,&quot;storyElementCount&quot;:22}}\" rel=\"nofollow noopener\" target=\"_blank\">El Ni\u00f1o<\/a> oder <a href=\"https:\/\/www.merkur.de\/welt\/la-nina-phaenomen-wetter-auswirkungen-entstehung-deutschland-el-nino-90162104.html\" class=\"id-import-Link id-pageApi-Link--externalDomain\" data-id-ec=\"{&quot;sht&quot;:&quot;Container&quot;,&quot;shn&quot;:&quot;Story&quot;,&quot;p&quot;:{&quot;containerType&quot;:&quot;Paragraph&quot;,&quot;displayType&quot;:&quot;Paragraph InlineLink&quot;,&quot;type&quot;:&quot;INLINE_LINK&quot;,&quot;value&quot;:&quot;La Ni&#xF1;a&quot;,&quot;variant&quot;:&quot;standardLink&quot;,&quot;sponsored&quot;:false,&quot;linkHref&quot;:&quot;https:\/\/www.merkur.de\/welt\/la-nina-phaenomen-wetter-auswirkungen-entstehung-deutschland-el-nino-90162104.html&quot;,&quot;storyElementPosition&quot;:14,&quot;storyElementCount&quot;:22}}\" rel=\"nofollow noopener\" target=\"_blank\">La Ni\u00f1a<\/a>) auf die Zirkulation einwirkt. Doch langfristige Vorhersagen \u00fcber Monate hinweg sind mit gro\u00dfen Unsicherheiten behaftet.<\/p>\n<p class=\"id-StoryElement-paragraph\">Was sicher ist: Auch in einem insgesamt milderen <a href=\"https:\/\/www.fr.de\/thema\/klima-sti162637\/\" class=\"id-import-Link\" title=\"Klima\" data-id-ec=\"{&quot;sht&quot;:&quot;Container&quot;,&quot;shn&quot;:&quot;Story&quot;,&quot;p&quot;:{&quot;containerType&quot;:&quot;Paragraph&quot;,&quot;displayType&quot;:&quot;Paragraph InlineLink&quot;,&quot;type&quot;:&quot;INLINE_LINK&quot;,&quot;value&quot;:&quot;Klima&quot;,&quot;variant&quot;:&quot;standardLink&quot;,&quot;sponsored&quot;:false,&quot;linkHref&quot;:&quot;https:\/\/www.fr.de\/thema\/klima-sti162637\/&quot;,&quot;storyElementPosition&quot;:15,&quot;storyElementCount&quot;:22}}\" rel=\"nofollow noopener\" target=\"_blank\">Klima<\/a> kann es extreme K\u00e4lteperioden geben. Der Klimawandel verschiebt Mittelwerte, aber er schlie\u00dft Wetterextreme nicht aus. Selbst ein Winter mit Schnee bis in tiefe Lagen und l\u00e4ngerem Frost ist also nicht ausgeschlossen \u2013 er wird nur statistisch seltener.<\/p>\n<p>Tornados, W\u00fcstenst\u00fcrme, Zyklone: Wetterph\u00e4nomene, die Sie kennen sollten<img decoding=\"async\" class=\"id-RatioPlaceholder-element wv_story_el_interstitialImage\" src=\"https:\/\/www.europesays.com\/de\/wp-content\/uploads\/2025\/04\/31951848-apolarlichter-auch-als-aurora-borealis-nordlicht-oder-aurora-australis-suedlicht-bekannt-si.jpeg\" loading=\"lazy\"   height=\"3999\" width=\"6000\" alt=\"Polarlichter, auch als Aurora Borealis (Nordlicht) oder Aurora Australis (S&#xFC;dlicht) im Bundesstaat New York.\"\/><a href=\"https:\/\/www.fr.de\/panorama\/zyklone-tornados-wuestenstuerme-wetterphaenomene-die-kennen-sollten-zr-92326194.html\" class=\"id-StoryElement-intestitialLink-link\" data-id-ec=\"{\" shn=\"\" ansehen=\"\" data-k5a-pos=\"west_story_16_photoGalleryLink\" title=\"Zur Fotostrecke: Tornados, W&#xFC;stenst&#xFC;rme, Zyklone: Wetterph&#xE4;nomene, die Sie kennen sollten\" rel=\"nofollow noopener\" target=\"_blank\">Fotostrecke ansehen<\/a>Kann es den Winter von 1978\/79 noch einmal geben?<\/p>\n<p class=\"id-StoryElement-paragraph\">Wir haben schon fr\u00fcher dar\u00fcber gesprochen, ob ein Winter wie 1978\/79 \u2013 mit Schneeverwehungen, meterhohen Schneemassen und tagelangem Stillstand \u2013 heute noch m\u00f6glich w\u00e4re. Die Antwort lautet: Ja, theoretisch schon, aber die Wahrscheinlichkeit ist geringer geworden. Damals trafen eine nord\u00f6stliche Kaltluftstr\u00f6mung, ein blockierendes Hoch und feuchte atlantische Luftmassen aufeinander \u2013 eine seltene, aber nicht unm\u00f6gliche Kombination. <\/p>\n<p>wetter.net\u00a0\u2013 das Wetter auf den Punkt gebracht!<\/p>\n<p class=\"id-StoryElement-factBox-paragraph\">Dieser Artikel entstand in einer Content-Partnerschaft mit <a href=\"https:\/\/www.wetter.net\/\" target=\"_blank\" class=\"id-import-Link id-pageApi-Link--externalDomain\" data-id-ec=\"{&quot;sht&quot;:&quot;Container&quot;,&quot;shn&quot;:&quot;Story&quot;,&quot;p&quot;:{&quot;containerType&quot;:&quot;FactBox&quot;,&quot;displayType&quot;:&quot;FactBox InlineLink&quot;,&quot;type&quot;:&quot;INLINE_LINK&quot;,&quot;value&quot;:&quot;wetter.net&quot;,&quot;variant&quot;:&quot;standardLink&quot;,&quot;sponsored&quot;:false,&quot;linkHref&quot;:&quot;https:\/\/www.wetter.net\/&quot;,&quot;storyElementPosition&quot;:21,&quot;storyElementCount&quot;:22}}\" rel=\"nofollow noopener\">wetter.net<\/a>. wetter.net\u00a0bietet Ihnen alles Wissenswerte rund um Wetter und Klima. Auf unseren Seiten finden Sie weltweite Stadt- und Ortsprognosen f\u00fcr die n\u00e4chsten 14 Tage und das f\u00fcr die ersten 7 Tage in 1-st\u00fcndiger und f\u00fcr die nachfolgenden Tage in 3-st\u00fcndiger zeitlicher Aufl\u00f6sung. Wettervorhersagen, Niederschlagsradar, Messwerte, Wetterwarnungen, Deutschlandwetter und Wetter-News informieren \u00fcber die aktuelle Entwicklung sowie die kommenden Stunden und Tage.<\/p>\n<p class=\"id-StoryElement-paragraph\">Auch k\u00fcnftig kann ein \u00e4hnliches Muster auftreten, doch <a href=\"https:\/\/www.fr.de\/politik\/klimakrise-alpen-klimawandel-temperatur-wetter-warm-heiss-92224372.html\" class=\"id-import-Link\" data-id-ec=\"{&quot;sht&quot;:&quot;Container&quot;,&quot;shn&quot;:&quot;Story&quot;,&quot;p&quot;:{&quot;containerType&quot;:&quot;Paragraph&quot;,&quot;displayType&quot;:&quot;Paragraph InlineLink&quot;,&quot;type&quot;:&quot;INLINE_LINK&quot;,&quot;value&quot;:&quot;durch den Klimawandel&quot;,&quot;variant&quot;:&quot;standardLink&quot;,&quot;sponsored&quot;:false,&quot;linkHref&quot;:&quot;https:\/\/www.fr.de\/politik\/klimakrise-alpen-klimawandel-temperatur-wetter-warm-heiss-92224372.html&quot;,&quot;storyElementPosition&quot;:22,&quot;storyElementCount&quot;:22}}\" rel=\"nofollow noopener\" target=\"_blank\">durch den Klimawandel<\/a> ist die Grundtemperatur der Atmosph\u00e4re h\u00f6her. Das bedeutet: Schnee f\u00e4llt seltener und schmilzt schneller. Ein \u201eJahrhundertwinter\u201c ist also nicht ausgeschlossen, aber er bleibt eine Ausnahmeerscheinung \u2013 statistisch, physikalisch und meteorologisch. Was jedes Jahr bleibt, ist die Faszination f\u00fcr das Extreme: Der Winter als Symbol f\u00fcr Naturgewalt, Erinnerung und Sehnsucht nach dem \u201eechten\u201c Wetter vergangener Zeiten.<\/p>\n","protected":false},"excerpt":{"rendered":"Startseite Panorama Stand: 18.10.2025, 20:37 Uhr Von: Dominik Jung DruckenTeilen Jedes Jahr geistert die Warnung vor einem \u201eJahrhundertwinter\u201c&hellip;\n","protected":false},"author":2,"featured_media":509067,"comment_status":"","ping_status":"","sticky":false,"template":"","format":"standard","meta":{"footnotes":""},"categories":[2],"tags":[331,3924,332,3922,3364,29,30,13,14,3923,15,3921,12],"class_list":{"0":"post-509066","1":"post","2":"type-post","3":"status-publish","4":"format-standard","5":"has-post-thumbnail","7":"category-deutschland","8":"tag-aktuelle-nachrichten","9":"tag-aktuelle-nachrichten-aus-deutschland","10":"tag-aktuelle-news","11":"tag-aktuelle-news-aus-deutschland","12":"tag-de","13":"tag-deutschland","14":"tag-germany","15":"tag-headlines","16":"tag-nachrichten","17":"tag-nachrichten-aus-deutschland","18":"tag-news","19":"tag-news-aus-deutschland","20":"tag-schlagzeilen"},"share_on_mastodon":{"url":"https:\/\/pubeurope.com\/@de\/115396753788796550","error":""},"_links":{"self":[{"href":"https:\/\/www.europesays.com\/de\/wp-json\/wp\/v2\/posts\/509066","targetHints":{"allow":["GET"]}}],"collection":[{"href":"https:\/\/www.europesays.com\/de\/wp-json\/wp\/v2\/posts"}],"about":[{"href":"https:\/\/www.europesays.com\/de\/wp-json\/wp\/v2\/types\/post"}],"author":[{"embeddable":true,"href":"https:\/\/www.europesays.com\/de\/wp-json\/wp\/v2\/users\/2"}],"replies":[{"embeddable":true,"href":"https:\/\/www.europesays.com\/de\/wp-json\/wp\/v2\/comments?post=509066"}],"version-history":[{"count":0,"href":"https:\/\/www.europesays.com\/de\/wp-json\/wp\/v2\/posts\/509066\/revisions"}],"wp:featuredmedia":[{"embeddable":true,"href":"https:\/\/www.europesays.com\/de\/wp-json\/wp\/v2\/media\/509067"}],"wp:attachment":[{"href":"https:\/\/www.europesays.com\/de\/wp-json\/wp\/v2\/media?parent=509066"}],"wp:term":[{"taxonomy":"category","embeddable":true,"href":"https:\/\/www.europesays.com\/de\/wp-json\/wp\/v2\/categories?post=509066"},{"taxonomy":"post_tag","embeddable":true,"href":"https:\/\/www.europesays.com\/de\/wp-json\/wp\/v2\/tags?post=509066"}],"curies":[{"name":"wp","href":"https:\/\/api.w.org\/{rel}","templated":true}]}}