{"id":509163,"date":"2025-10-18T20:02:28","date_gmt":"2025-10-18T20:02:28","guid":{"rendered":"https:\/\/www.europesays.com\/de\/509163\/"},"modified":"2025-10-18T20:02:28","modified_gmt":"2025-10-18T20:02:28","slug":"hallescher-fc-verpasst-lucky-punch-nur-unentschieden-gegen-vsg-altglienicke","status":"publish","type":"post","link":"https:\/\/www.europesays.com\/de\/509163\/","title":{"rendered":"Hallescher FC verpasst Lucky Punch: Nur Unentschieden gegen VSG Altglienicke"},"content":{"rendered":"<p class=\"text\">\nIn Halbzeit 1 dominierten im Stadion in F\u00fcrstenwalde zun\u00e4chst die Gastgeber. Vor allem \u00fcber die Fl\u00fcgel sorgte die VSG immer wieder f\u00fcr Gefahr, auch wenn wirklich klare Chancen selten blieben. Halle, diesmal mit Jan L\u00f6hmannsr\u00f6ben, Burim Halili und Kilian Zaruba als Innenverteidiger-Trio gestartet, verlor im Spielaufbau oft schnell den Ball. Altglienicke nutzte das zu Umschaltmomenten. Immerhin: Bei den Sch\u00fcssen war der HFC dann auf der H\u00f6he und schaffte es immer wieder, diese zu blocken. So auch in der 26 Minute, als sich HFC-Torwart Sven M\u00fcller bei einem Ausflug aus dem Strafraum von <a href=\"https:\/\/www.mdr.de\/sport\/fussball_rl\/hallescher-fc-abschied-abgang-jonas-nietfeld-100.html\" title=\"Neuer Verein steht fest: Ex-Kapit\u00e4n Nietfeld wechselt von Halle Richtung Norden\" target=\"_blank\" rel=\"noopener\">Jonas Nietfeld<\/a> den Ball klauen lie\u00df. Mohamed Syllas Schuss Richtung leeres Tor war jedoch zu harmlos.\n<\/p>\n<p class=\"text\">\nAb Mitte der ersten H\u00e4lfte konnte sich der HFC dann zunehmend befreien. Das Spiel war in der Folge gepr\u00e4gt von vielen Zweik\u00e4mpfen und robusten Aktionen im Mittelfeld. Kurz vor dem Ende der Halbzeit kam dann auch der HFC zu einigen Chancen. Die beste vergab Lucas Ehrlich in der 38. Minute nach einer sch\u00f6nen Flanke von Marius Hauptmann per Kopf.<\/p>\n","protected":false},"excerpt":{"rendered":"In Halbzeit 1 dominierten im Stadion in F\u00fcrstenwalde zun\u00e4chst die Gastgeber. Vor allem \u00fcber die Fl\u00fcgel sorgte die&hellip;\n","protected":false},"author":2,"featured_media":509164,"comment_status":"","ping_status":"","sticky":false,"template":"","format":"standard","meta":{"footnotes":""},"categories":[1860],"tags":[126803,3364,29,548,663,3934,347,30,4062,17332,12435,13,81,14,15,3459,17331,860,12,3499,265,3498,12443],"class_list":{"0":"post-509163","1":"post","2":"type-post","3":"status-publish","4":"format-standard","5":"has-post-thumbnail","7":"category-halle-saale","8":"tag-12-spieltag","9":"tag-de","10":"tag-deutschland","11":"tag-eu","12":"tag-europa","13":"tag-europe","14":"tag-fussball","15":"tag-germany","16":"tag-halle","17":"tag-halle-saale","18":"tag-hallescher-fc","19":"tag-headlines","20":"tag-mdr","21":"tag-nachrichten","22":"tag-news","23":"tag-regionalliga","24":"tag-saale","25":"tag-sachsen-anhalt","26":"tag-schlagzeilen","27":"tag-spio","28":"tag-sport","29":"tag-sport-im-osten","30":"tag-vsg-altglienicke"},"share_on_mastodon":{"url":"https:\/\/pubeurope.com\/@de\/115396958273986785","error":""},"_links":{"self":[{"href":"https:\/\/www.europesays.com\/de\/wp-json\/wp\/v2\/posts\/509163","targetHints":{"allow":["GET"]}}],"collection":[{"href":"https:\/\/www.europesays.com\/de\/wp-json\/wp\/v2\/posts"}],"about":[{"href":"https:\/\/www.europesays.com\/de\/wp-json\/wp\/v2\/types\/post"}],"author":[{"embeddable":true,"href":"https:\/\/www.europesays.com\/de\/wp-json\/wp\/v2\/users\/2"}],"replies":[{"embeddable":true,"href":"https:\/\/www.europesays.com\/de\/wp-json\/wp\/v2\/comments?post=509163"}],"version-history":[{"count":0,"href":"https:\/\/www.europesays.com\/de\/wp-json\/wp\/v2\/posts\/509163\/revisions"}],"wp:featuredmedia":[{"embeddable":true,"href":"https:\/\/www.europesays.com\/de\/wp-json\/wp\/v2\/media\/509164"}],"wp:attachment":[{"href":"https:\/\/www.europesays.com\/de\/wp-json\/wp\/v2\/media?parent=509163"}],"wp:term":[{"taxonomy":"category","embeddable":true,"href":"https:\/\/www.europesays.com\/de\/wp-json\/wp\/v2\/categories?post=509163"},{"taxonomy":"post_tag","embeddable":true,"href":"https:\/\/www.europesays.com\/de\/wp-json\/wp\/v2\/tags?post=509163"}],"curies":[{"name":"wp","href":"https:\/\/api.w.org\/{rel}","templated":true}]}}