{"id":509213,"date":"2025-10-18T20:33:13","date_gmt":"2025-10-18T20:33:13","guid":{"rendered":"https:\/\/www.europesays.com\/de\/509213\/"},"modified":"2025-10-18T20:33:13","modified_gmt":"2025-10-18T20:33:13","slug":"bayern-fans-protestieren-gegen-moegliche-rueckkehr-von-jerome-boateng","status":"publish","type":"post","link":"https:\/\/www.europesays.com\/de\/509213\/","title":{"rendered":"Bayern-Fans protestieren gegen m\u00f6gliche R\u00fcckkehr von Jerome Boateng"},"content":{"rendered":"<p>            <img loading=\"lazy\" decoding=\"async\" class=\"ts-image\" src=\"https:\/\/www.europesays.com\/de\/wp-content\/uploads\/2025\/10\/bayern-prosteste-boateng-100.jpg\" alt=\"Auf der S\u00fcdkurve in der Allianz Arena: Ein Spruchband gegen Jerome Boateng\" title=\"Auf der S\u00fcdkurve in der Allianz Arena: Ein Spruchband gegen Jerome Boateng | IMAGO \/ Michael Weber\"\/><\/p>\n<p class=\"metatextline\">Stand: 18.10.2025 22:07 Uhr<\/p>\n<p class=\"textabsatz columns twelve  m-ten  m-offset-one l-eight l-offset-two\">\n        <strong>Anh\u00e4nger des FC Bayern haben sich <a href=\"https:\/\/www.sportschau.de\/fussball\/bundesliga\/fc-bayern-schubst-und-graetscht-bvb-aus-dem-weg,bundesliga-fcb-bvb-106.html\" title=\"Kane macht den Unterschied - Bayern gewinnt Topspiel gegen den BVB\" target=\"_blank\" rel=\"noopener\">beim 2:1 (1:0)-Sieg des Klubs im Topspiel gegen Borussia Dortmund <\/a>mit unmissverst\u00e4ndlichen Parolen gegen eine m\u00f6gliche R\u00fcckkehr von Jerome Boateng ausgesprochen. <\/strong>\n    <\/p>\n<p class=\"textabsatz m-ten m-offset-one l-eight l-offset-two columns twelve\">Trainer Vincent Kompany hatte dem Weltmeister von 2014 Ende September angeboten, bei den M\u00fcnchnern zu hospitieren. Boateng will offenbart Trainer werden. Die B-Lizenz habe er bereits absolviert, die A-Lizenz und der Fu\u00dfball-Lehrer sollen folgen.<\/p>\n<p class=\"textabsatz m-ten m-offset-one l-eight l-offset-two columns twelve\">Anlass der Proteste der Bayern-Anh\u00e4nger ist ein aktuelles Urteil des Landgerichts M\u00fcnchen I vom Juli 2024. Boateng war dabei wegen vors\u00e4tzlicher einfacher K\u00f6rperverletzung an seiner Ex-Freundin f\u00fcr schuldig befunden. Als vorbestraft gilt er gesetzlich aber nicht. Er selbst hat die Vorw\u00fcrfe stets bestritten.<\/p>\n<p>    Auf Bannern war zu lesen: &#8222;Keine B\u00fchne f\u00fcr T\u00e4ter&#8220;<\/p>\n<p class=\"textabsatz m-ten m-offset-one l-eight l-offset-two columns twelve\">Auf Bannern, die die Fans beim Sieg gegen den BVB zu Beginn der zweiten Halbzeit entrollten, hatten die Fans unter anderem geschrieben: &#8222;Wer dem T\u00e4ter Raum gibt, tr\u00e4gt seine Schuld mit&#8220;, oder &#8222;Keine B\u00fchne f\u00fcr T\u00e4ter&#8220;.<\/p>\n<p class=\"absatzbild__info__text\">\n                        Auf der S\u00fcdkurve in der Allianz Arena: Spruchb\u00e4nder gegen Jerome Boateng\n                    <\/p>\n<p class=\"textabsatz m-ten m-offset-one l-eight l-offset-two columns twelve\">Boateng hatte zu Beginn der Woche berichtet, er habe schon mit Kompany gesprochen. &#8222;Ich kann bei Bayern hospitieren und darauf freue ich mich sehr. Wir m\u00fcssen nur noch den richtigen Zeitpunkt finden&#8220;, sagte er der &#8222;Bild&#8220;. F\u00fcr den deutschen Rekordmeister spielte der 37-J\u00e4hrige von 2011 bis 2021. Bis Sommer stand er beim Linzer ASK unter Vertrag.<\/p>\n<p>    Sportvorstand Eberl: &#8222;Geht um keine Anstellung&#8220;<\/p>\n<p class=\"textabsatz m-ten m-offset-one l-eight l-offset-two columns twelve\">Gegen\u00fcber der &#8222;Bild&#8220; teilte ein Sprecher des FC Bayern am Freitag (17.10.2025) mit: &#8222;Jerome hat den Trainer gefragt, ob er an ein paar Tagen die Trainingseinheiten bei uns beobachten kann. Das ist keine Anstellung. Wenn der Trainer ihm das in Aussicht stellt und es terminlich passt, haben wir nichts dagegen.&#8220; Eine Anfrage der Sportschau hatte der Klub nicht beantwortet.<\/p>\n<p class=\"textabsatz m-ten m-offset-one l-eight l-offset-two columns twelve\">Daf\u00fcr sprach nach dem Sieg gegen den BVB Sportvorstand Max Eberl \u00fcber Boateng und dessen m\u00f6gliche R\u00fcckkehr nach M\u00fcnchen. &#8222;Es geht um keine Anstellung, nicht um eine feste Position beim FC Bayern&#8220;, stelle Eberl klar. &#8222;Es geht darum, bei Trainingseinheiten zuzuschauen und zu entscheiden, ob das in Zukunft f\u00fcr ihn ein Weg sein kann.&#8220; Angesprochen auf die Proteste der Fans sagte Eberl, er wolle sich &#8222;in der Tiefe gar nicht dazu \u00e4u\u00dfern&#8220;.<\/p>\n","protected":false},"excerpt":{"rendered":"Stand: 18.10.2025 22:07 Uhr Anh\u00e4nger des FC Bayern haben sich beim 2:1 (1:0)-Sieg des Klubs im Topspiel gegen&hellip;\n","protected":false},"author":2,"featured_media":509214,"comment_status":"","ping_status":"","sticky":false,"template":"","format":"standard","meta":{"footnotes":""},"categories":[5],"tags":[331,332,299,3364,29,347,30,13,14,15,12],"class_list":{"0":"post-509213","1":"post","2":"type-post","3":"status-publish","4":"format-standard","5":"has-post-thumbnail","7":"category-nachrichten","8":"tag-aktuelle-nachrichten","9":"tag-aktuelle-news","10":"tag-bundesliga","11":"tag-de","12":"tag-deutschland","13":"tag-fussball","14":"tag-germany","15":"tag-headlines","16":"tag-nachrichten","17":"tag-news","18":"tag-schlagzeilen"},"share_on_mastodon":{"url":"https:\/\/pubeurope.com\/@de\/115397080546583429","error":""},"_links":{"self":[{"href":"https:\/\/www.europesays.com\/de\/wp-json\/wp\/v2\/posts\/509213","targetHints":{"allow":["GET"]}}],"collection":[{"href":"https:\/\/www.europesays.com\/de\/wp-json\/wp\/v2\/posts"}],"about":[{"href":"https:\/\/www.europesays.com\/de\/wp-json\/wp\/v2\/types\/post"}],"author":[{"embeddable":true,"href":"https:\/\/www.europesays.com\/de\/wp-json\/wp\/v2\/users\/2"}],"replies":[{"embeddable":true,"href":"https:\/\/www.europesays.com\/de\/wp-json\/wp\/v2\/comments?post=509213"}],"version-history":[{"count":0,"href":"https:\/\/www.europesays.com\/de\/wp-json\/wp\/v2\/posts\/509213\/revisions"}],"wp:featuredmedia":[{"embeddable":true,"href":"https:\/\/www.europesays.com\/de\/wp-json\/wp\/v2\/media\/509214"}],"wp:attachment":[{"href":"https:\/\/www.europesays.com\/de\/wp-json\/wp\/v2\/media?parent=509213"}],"wp:term":[{"taxonomy":"category","embeddable":true,"href":"https:\/\/www.europesays.com\/de\/wp-json\/wp\/v2\/categories?post=509213"},{"taxonomy":"post_tag","embeddable":true,"href":"https:\/\/www.europesays.com\/de\/wp-json\/wp\/v2\/tags?post=509213"}],"curies":[{"name":"wp","href":"https:\/\/api.w.org\/{rel}","templated":true}]}}