{"id":509242,"date":"2025-10-18T20:54:11","date_gmt":"2025-10-18T20:54:11","guid":{"rendered":"https:\/\/www.europesays.com\/de\/509242\/"},"modified":"2025-10-18T20:54:11","modified_gmt":"2025-10-18T20:54:11","slug":"bald-gibt-es-nachwuchs-im-koala-haus-%c2%b7-leipziger-zeitung","status":"publish","type":"post","link":"https:\/\/www.europesays.com\/de\/509242\/","title":{"rendered":"Bald gibt es Nachwuchs im Koala-Haus \u00b7 Leipziger Zeitung"},"content":{"rendered":"<p>\u201eEinmal kurz habe ich das kleine Schn\u00e4uzchen gesehen.\u201c Mit dieser Aussage hat Tierpflegerin Juliane Ladensack den Sichtbeweis f\u00fcr die Hoffnungen im Koala-Haus des Zoo Leipzig geliefert. Schon seit Wochen gibt es aufgrund des wachsenden Beutelumfangs von Koalaweibchen Erlinga und den zarten Bewegungen im Beutel die gro\u00dfe Wahrscheinlichkeit f\u00fcr das Heranwachsen eines Jungtieres, nun ist es Gewissheit.<\/p>\n<p>\u201eVom Zeitpunkt des Deckens bis zum ersten Sichten steigt bei allen Mitarbeitern des Teams \u00fcber Monate die Spannung. Wir freuen uns, dass die Entwicklung des Jungtieres augenscheinlich bislang gut verl\u00e4uft. Bis es zuverl\u00e4ssig zu sehen ist, wird es noch einige Wochen dauern, aber ab sofort kann jeder Besucher das Gl\u00fcck haben, den richtigen Moment zu erwischen\u201c, sagt Seniorkurator Ariel Jacken.<\/p>\n<p>F\u00fcr die europ\u00e4ische Population und das Koala-Haus, das im kommenden Jahr seinen zehnten Geburtstag feiert, ist die zweite Geburt in Leipzig nach 2020 ein wichtiger Erfolg.<\/p>\n<p>Jacken erg\u00e4nzt \u201eF\u00fcr die meisten Menschen sind diese Beuteltiere vor allem niedliche, flauschige Australier und Sympathietr\u00e4ger. Unsere Vertreter sind zudem Botschafter f\u00fcr ihre Art, die in Australien von Lebensraumverlust durch Fragmentierung, Stra\u00dfenbau und Urbanisierung bedroht ist und als Nahrungsspezialist auf die Erreichbarkeit und Verf\u00fcgbarkeit von wohlschmeckenden Eukalyptusarten angewiesen ist.\u201c<\/p>\n<p>Die Entwicklung von Koalanachwuchs verl\u00e4uft beuteltiergem\u00e4\u00df typisch, ist aber immer wieder faszinierend. So findet das etwa vier Wochen alte, in der Fachwelt sogenannte Joey mit der Gr\u00f6\u00dfe einer Kaffeebohne nach der Geburt den Weg in den Beutel und saugt sich dort an einer Zitze fest, um sich f\u00fcr weitere sechs Monate im Beutel versteckt weiterzuentwickeln.<\/p>\n<p>F\u00fcr die knapp vier Jahre alte Erlinga ist es ebenso der erste Nachwuchs wie f\u00fcr den bald drei Jahre alten Koala Yuma, der damit erstmals Vater geworden ist.<\/p>\n<p>\u201eDie Entwicklung des Jungtiers hat die ersten kritischen Passagen gemeistert und ist jetzt sch\u00e4tzungsweise vier bis f\u00fcnf Monate alt. Bis es sicher aus dem Beutel kommt und mit Mutter Erlinga den Eukalyptus von der Schkeuditzer Plantage knabbert, m\u00fcssen wir weiter die Daumen dr\u00fccken\u201c, so Ariel Jacken.<\/p>\n<p>Zusammen mit dem neuer\u00f6ffneten Terrarium bildet das Koala-Haus in jedem Fall wetterfeste Beobachtungspunkte f\u00fcr das Familienerlebnis in den Herbstferien.<\/p>\n","protected":false},"excerpt":{"rendered":"\u201eEinmal kurz habe ich das kleine Schn\u00e4uzchen gesehen.\u201c Mit dieser Aussage hat Tierpflegerin Juliane Ladensack den Sichtbeweis f\u00fcr&hellip;\n","protected":false},"author":2,"featured_media":509243,"comment_status":"","ping_status":"","sticky":false,"template":"","format":"standard","meta":{"footnotes":""},"categories":[1832],"tags":[3364,29,30,71,859,7962],"class_list":{"0":"post-509242","1":"post","2":"type-post","3":"status-publish","4":"format-standard","5":"has-post-thumbnail","7":"category-leipzig","8":"tag-de","9":"tag-deutschland","10":"tag-germany","11":"tag-leipzig","12":"tag-sachsen","13":"tag-zoo-leipzig"},"share_on_mastodon":{"url":"https:\/\/pubeurope.com\/@de\/115397162932568496","error":""},"_links":{"self":[{"href":"https:\/\/www.europesays.com\/de\/wp-json\/wp\/v2\/posts\/509242","targetHints":{"allow":["GET"]}}],"collection":[{"href":"https:\/\/www.europesays.com\/de\/wp-json\/wp\/v2\/posts"}],"about":[{"href":"https:\/\/www.europesays.com\/de\/wp-json\/wp\/v2\/types\/post"}],"author":[{"embeddable":true,"href":"https:\/\/www.europesays.com\/de\/wp-json\/wp\/v2\/users\/2"}],"replies":[{"embeddable":true,"href":"https:\/\/www.europesays.com\/de\/wp-json\/wp\/v2\/comments?post=509242"}],"version-history":[{"count":0,"href":"https:\/\/www.europesays.com\/de\/wp-json\/wp\/v2\/posts\/509242\/revisions"}],"wp:featuredmedia":[{"embeddable":true,"href":"https:\/\/www.europesays.com\/de\/wp-json\/wp\/v2\/media\/509243"}],"wp:attachment":[{"href":"https:\/\/www.europesays.com\/de\/wp-json\/wp\/v2\/media?parent=509242"}],"wp:term":[{"taxonomy":"category","embeddable":true,"href":"https:\/\/www.europesays.com\/de\/wp-json\/wp\/v2\/categories?post=509242"},{"taxonomy":"post_tag","embeddable":true,"href":"https:\/\/www.europesays.com\/de\/wp-json\/wp\/v2\/tags?post=509242"}],"curies":[{"name":"wp","href":"https:\/\/api.w.org\/{rel}","templated":true}]}}