{"id":509313,"date":"2025-10-18T21:35:16","date_gmt":"2025-10-18T21:35:16","guid":{"rendered":"https:\/\/www.europesays.com\/de\/509313\/"},"modified":"2025-10-18T21:35:16","modified_gmt":"2025-10-18T21:35:16","slug":"kriegsdienstverweigerung-jetzt-zeigt-es-den-kriegstreibern","status":"publish","type":"post","link":"https:\/\/www.europesays.com\/de\/509313\/","title":{"rendered":"Kriegsdienstverweigerung JETZT! Zeigt es den Kriegstreibern!"},"content":{"rendered":"<p><a title=\"Kriegsdienstverweigerung JETZT_ergebnis\" href=\"https:\/\/neue-gladbecker-zeitung.de\/kriegsdienstverweigerung-jetzt-zeigt-es-den-kriegstreibern\/kriegsdienstverweigerung-jetzt_ergebnis\/\" target=\"_blank\" rel=\"noopener\"><img fetchpriority=\"high\" width=\"678\" height=\"381\" src=\"https:\/\/www.europesays.com\/de\/wp-content\/uploads\/2025\/10\/Kriegsdienstverweigerung-JETZT_ergebnis.webp.webp\" class=\"attachment-mh-magazine-content size-mh-magazine-content wp-post-image\" alt=\"Jetzt den Kriegsdienst verweigern! Zeigt es den Kriegstreibern!\" title=\"Kriegsdienstverweigerung JETZT_ergebnis\" loading=\"eager\" decoding=\"async\"\/><\/a><br \/>\nDFG-VK-Kampagne Kriegsdienstverweigerung Jetzt! Bild: DFG-VK<\/p>\n<p>Opfert euer Leben nicht f\u00fcr die Interessen anderer<\/p>\n<p><strong>Gladbeck \u2013 18.10.2025 \u2013 Kriegsdienstverweigerung<\/strong> \u2013 Die Bundesregierung ist dabei, die allgemeine Wehrpflicht wieder einzuf\u00fchren. Sie ist bisher ausgesetzt und kann durch eine einfache Mehrheit des Bundestages wieder aktiviert werden. Noch eiern CDU\/CSU und die SPD rum.<\/p>\n<p>Mit Lockangeboten will man die Zahl der Freiwilligen erh\u00f6hen und selbst ein Losverfahren wird diskutiert. Das alles dient nur als Ablenkungsman\u00f6ver. Die Betroffenen sollen sich nicht mit den Gr\u00fcnden f\u00fcr die, vom SPD-Kriegsminister Pistorius geforderte, Kriegst\u00fcchtigkeit auseinandersetzen.<\/p>\n<p>Die NGZ-News aus Gladbeck immer sofort auf das Handy?<br \/>Dann abonniere kostenlos den <a style=\"color: #ff0000;\" href=\"https:\/\/whatsapp.com\/channel\/0029VaAJZdH8F2pIH21PF72X\" target=\"_blank\" rel=\"noopener\">WhatsApp-Kanal<\/a><br \/>\nDie Gladbecker Zusammenfassung des Tages der NGZ?<br \/>Dann abonniere den kostenlosen <a href=\"https:\/\/neue-gladbecker-zeitung.de\/newsletter-2\/\" target=\"_blank\" rel=\"noopener\"><strong>Newsletter<\/strong><\/a><br \/>\nFolgen Sie uns auf Facebook: <strong><a style=\"color: #ff0000;\" href=\"https:\/\/www.facebook.com\/NeueGladbeckerZeitung\/\" target=\"_blank\" rel=\"noopener\">NeueGladbeckerZeitung<\/a><\/strong><\/p>\n<p>Der <strong><a style=\"color: #ff0000;\" href=\"https:\/\/dfg-vk.de\" target=\"_blank\" rel=\"noopener\">DFG-VK \u2013 Deutsche Friedens Gesellschaft \u2013 Vereinigte Kriegsgegner<\/a><\/strong> ruft zur <strong><a style=\"color: #ff0000;\" href=\"https:\/\/ohnemich.dfg-vk.de\" target=\"_blank\" rel=\"noopener\">Kampagne \u201eOhne mich\u201c<\/a><\/strong> auf. Sagt NEIN, bevor es zu sp\u00e4t ist! Verweigert den Kriegsdienst massenhaft, damit die Kriegstreiber sehen, wo \u201eder Hammer h\u00e4ngt\u201c.<\/p>\n<p>Der DFG-VK, will Kooperation und Verst\u00e4ndigung statt Aufr\u00fcstung und Militarisierung. Schlie\u00dft euch an! Die derzeitige Aufr\u00fcstung hat ein nie dagewesenes Ausma\u00df angenommen. So etwas f\u00fchrt zum Krieg.<\/p>\n<p>Hier kannst Du Dich melden und weiter informieren:\u00a0<strong><a style=\"color: #ff0000;\" href=\"https:\/\/ohnemich.dfg-vk.de\/\" target=\"_blank\" rel=\"noopener\">WEHRPFLICHT? OHNE MICH!<\/a><\/strong><\/p>\n<p><a style=\"color: #ff0000;\" href=\"https:\/\/neue-gladbecker-zeitung.de\" target=\"_blank\" rel=\"noopener\">Zur Startseite<\/a><\/p>\n","protected":false},"excerpt":{"rendered":"DFG-VK-Kampagne Kriegsdienstverweigerung Jetzt! Bild: DFG-VK Opfert euer Leben nicht f\u00fcr die Interessen anderer Gladbeck \u2013 18.10.2025 \u2013 Kriegsdienstverweigerung&hellip;\n","protected":false},"author":2,"featured_media":509314,"comment_status":"","ping_status":"","sticky":false,"template":"","format":"standard","meta":{"footnotes":""},"categories":[1848],"tags":[1173,685,3364,29,548,663,3934,3658,30,13,4046,687,14,15,1209,12,21142,3259,317],"class_list":{"0":"post-509313","1":"post","2":"type-post","3":"status-publish","4":"format-standard","5":"has-post-thumbnail","7":"category-gelsenkirchen","8":"tag-bundesregierung","9":"tag-bundeswehr","10":"tag-de","11":"tag-deutschland","12":"tag-eu","13":"tag-europa","14":"tag-europe","15":"tag-gelsenkirchen","16":"tag-germany","17":"tag-headlines","18":"tag-krieg","19":"tag-kriegsdienstverweigerung","20":"tag-nachrichten","21":"tag-news","22":"tag-nordrhein-westfalen","23":"tag-schlagzeilen","24":"tag-sterben","25":"tag-tod","26":"tag-ukraine"},"share_on_mastodon":{"url":"https:\/\/pubeurope.com\/@de\/115397324371982876","error":""},"_links":{"self":[{"href":"https:\/\/www.europesays.com\/de\/wp-json\/wp\/v2\/posts\/509313","targetHints":{"allow":["GET"]}}],"collection":[{"href":"https:\/\/www.europesays.com\/de\/wp-json\/wp\/v2\/posts"}],"about":[{"href":"https:\/\/www.europesays.com\/de\/wp-json\/wp\/v2\/types\/post"}],"author":[{"embeddable":true,"href":"https:\/\/www.europesays.com\/de\/wp-json\/wp\/v2\/users\/2"}],"replies":[{"embeddable":true,"href":"https:\/\/www.europesays.com\/de\/wp-json\/wp\/v2\/comments?post=509313"}],"version-history":[{"count":0,"href":"https:\/\/www.europesays.com\/de\/wp-json\/wp\/v2\/posts\/509313\/revisions"}],"wp:featuredmedia":[{"embeddable":true,"href":"https:\/\/www.europesays.com\/de\/wp-json\/wp\/v2\/media\/509314"}],"wp:attachment":[{"href":"https:\/\/www.europesays.com\/de\/wp-json\/wp\/v2\/media?parent=509313"}],"wp:term":[{"taxonomy":"category","embeddable":true,"href":"https:\/\/www.europesays.com\/de\/wp-json\/wp\/v2\/categories?post=509313"},{"taxonomy":"post_tag","embeddable":true,"href":"https:\/\/www.europesays.com\/de\/wp-json\/wp\/v2\/tags?post=509313"}],"curies":[{"name":"wp","href":"https:\/\/api.w.org\/{rel}","templated":true}]}}