{"id":509330,"date":"2025-10-18T21:44:13","date_gmt":"2025-10-18T21:44:13","guid":{"rendered":"https:\/\/www.europesays.com\/de\/509330\/"},"modified":"2025-10-18T21:44:13","modified_gmt":"2025-10-18T21:44:13","slug":"sc-paderborn-gewinnt-ein-verruecktes-owl-derby-gegen-arminia-bielefeld","status":"publish","type":"post","link":"https:\/\/www.europesays.com\/de\/509330\/","title":{"rendered":"SC Paderborn gewinnt ein verr\u00fccktes OWL-Derby gegen Arminia Bielefeld"},"content":{"rendered":"<p id=\"absatz1\" class=\"em_text\">Paderborn\/Bielefeld. Nach 45 Minuten hatte es so ausgesehen, als w\u00fcrden an diesem Tag zwei Serien enden. Arminia Bielefeld f\u00fchrte im OWL-Derby beim SC Paderborn zur Pause hochverdient mit 2:1. Doch nach dem Wechsel drehten die Hausherren vor den 15.000 Zuschauern in der ausverkauften Home-Deluxe-Arena auf. Innerhalb von zw\u00f6lf Minuten schossen sie eine 4:2-F\u00fchrung heraus, um am Ende mit 4:3 zu gewinnen. W\u00e4hrend der SCP damit den f\u00fcnften Sieg in Folge feierte, kassierte die Arminia die vierte Niederlage in Serie.<\/p>\n<p id=\"absatz2\" class=\"em_text\">Paderborns Trainer Ralf Kettemann hatte seine erfolgreiche Startelf der vergangenen beiden Spiele wie erwartet auf zwei Positionen ver\u00e4ndert. Kapit\u00e4n Felix G\u00f6tze und sein Vize Raphael Obermair kehrten in die Anfangsformation zur\u00fcck. Daf\u00fcr mussten Tjark Scheller und Ruben M\u00fcller auf der Bank Platz nehmen.<\/p>\n<p id=\"absatz4\" class=\"em_text\">Und auch Arminen-Coach Mitch Kniat hatte zwei erwartete Wechsel in der ersten Elf zu bieten. Der wiedergenesene Linksverteidiger Tim Handwerker feierte sein Comeback und ersetzte Felix Hagmann. Der Ex-Paderborner Marvin Mehlem war nach seiner Gelbsperre wieder an Bord und r\u00fcckte f\u00fcr Joel Felix in die Anfangsformation.<\/p>\n<p>\n        \u00d7\n    <\/p>\n<p>\n            Sie erhalten in wenigen Minuten eine E-Mail zur Best\u00e4tigung Ihrer Anmeldung.\n        <\/p>\n<p>Erst danach ist diese abgeschlossen.<\/p>\n<p>Bitte pr\u00fcfen Sie auch den Spam-Ordner.<\/p>\n<p>\n        \u00d7\n    <\/p>\n<p>\n            Sie haben bisher Ihre E-Mail-Adresse noch nicht best\u00e4tigt.\n        <\/p>\n<p>Erst danach ist diese abgeschlossen.<\/p>\n<p>Bitte pr\u00fcfen Sie auch den Spam-Ordner.<\/p>\n<p>\n        \u00d7\n    <\/p>\n<p>\n            Es ist einen Fehler aufgetreten\n        <\/p>\n<p>Bei Fragen hilft unser Newsletter-Support<\/p>\n<p> Newsletter<\/p>\n<p> SC Paderborn 07<\/p>\n<p>W\u00f6chentlich alle News rund um den SC Paderborn.<\/p>\n<p>                Jetzt anmelden<\/p>\n<p class=\"basetext Zwischenzeile\" data-semantic=\"p\">SC Paderborn gegen Arminia in der ersten H\u00e4lfte schwach<\/p>\n<p id=\"absatz6\" class=\"em_text\">Die Hausherren zeigten in den ersten 45 Minuten ihre wohl bis dato schlechteste Saisonleistung, wenngleich sie zun\u00e4chst furios losgelegt hatten. Laurin Curda pr\u00fcfte in der zweiten Minute Arminen-Keeper Jonas Kersken. Dann kam Filip Bilbija nach einem Doppelpass von Sebastian Klaas und Mika Baur zum Abschluss, der jedoch geblockt wurde (3.). Anschlie\u00dfend rettete Arminen-Verteidiger Maximilian Gro\u00dfer gegen Calvin Brackelmann (5.).<\/p>\n<p>        <a href=\"https:\/\/www.nw.de\/_em_daten\/_cache\/image\/1xRDhlVms3Mk03Y3o2VzVYUUVVNzVjVTdlYVR3eGpjaFpyNWhpYTR3K2t1SzZzNGZMZUVtVEx0K2w5aEFQOWFOaU0zWDFKT2ZCVWFTb095ZHhuczZVVXRNVE9HTFY0NXRpK3RjSXhIS2pUM1k9\/251018-1507-653893402.jpg\" class=\"nw-article-image\" title=\"Arminia Bielefelds Momuluh dr\u00fcckt den Ball in der 29. Minute zum 1:2 \u00fcber die Linie.\" data-glightbox=\"type: image; description: Arminia Bielefelds Momuluh dr\u00fcckt den Ball in der 29. Minute zum 1:2 \u00fcber die Linie.  | \u00a9 Teresa Kr\u00f6ger \" target=\"_blank\" rel=\"noopener\"><br \/>\n            <img decoding=\"async\" src=\"https:\/\/www.europesays.com\/de\/wp-content\/uploads\/2025\/10\/251018-1507-653893402.jpg\" class=\"nw-img-fluid nw-w-full nw-lazy nw-rounded-t-md\" alt=\"Arminia Bielefelds Momuluh dr\u00fcckt den Ball in der 29. Minute zum 1:2 \u00fcber die Linie. - \u00a9 Teresa Kr\u00f6ger\" data-format=\"16:9\"\/><br \/>\n        <\/a><\/p>\n<p>                Arminia Bielefelds Momuluh dr\u00fcckt den Ball in der 29. Minute zum 1:2 \u00fcber die Linie.<br \/>\n                                    | \u00a9 Teresa Kr\u00f6ger<\/p>\n<p class=\"basetext\">Nach diesen b\u00e4renstarken f\u00fcnf SCP-Minuten \u00fcbernahmen aber die G\u00e4ste peu \u00e0 peu das Kommando. So stellten die Bielefelder die Gastgeber mit ihren geradlinig vorgetragenen Schnellangriffen immer wieder vor immense Probleme. Noch dazu leisteten sich die Paderborner viel zu viele Stockfehler. Und die zweiten B\u00e4lle gingen meistens an die Arminen, die einfach gedankenschneller und galliger waren.<\/p>\n<p id=\"absatz8\" class=\"basetext\">Beim 0:1 profitierten die G\u00e4ste allerdings von einem krassen individuellen Patzer. Mattes Hansen leistete sich eine missgl\u00fcckte Kopfballr\u00fcckgabe. Beim Versuch, den Fehler wieder auszub\u00fcgeln, foulte der SCP-Verteidiger den Arminen-St\u00fcrmer Monju Momuluh. Konsequenz: Gelb f\u00fcr Hansen, Elfmeter f\u00fcr Bielefeld.<\/p>\n<p id=\"absatz9\" class=\"basetext\">Joel Grodowski trat an. SCP-Torh\u00fcter Dennis Seimen ahnte die Ecke, hatte gegen den platzierten Schuss aber keine Chance. Und so lag die Arminia nach 16 Minuten mit 1:0 in F\u00fchrung. In der 23. Minute h\u00e4tte Grodowski nach Vorarbeit des b\u00e4renstarken Momuluh das 0:2 erzielen k\u00f6nnen. Stattdessen stand es drei Minuten sp\u00e4ter 1:1.<\/p>\n<p id=\"absatz10\" class=\"basetext\"><b class=\"bold\">Erster SCP-Sieg gegen Bielefeld 1990:<\/b> <a href=\"https:\/\/www.nw.de\/sport\/sc_paderborn_07\/24195777_Als-Arminias-Jahrhunderttrainer-in-Paderborn-seinen-Job-verlor.html\" target=\"_blank\" rel=\"noopener\">Als Arminias Jahrhunderttrainer in Paderborn seinen Job verlor <\/a><\/p>\n<p id=\"absatz11\" class=\"basetext Zwischenzeile\" data-semantic=\"p\">Arminia geht mit F\u00fchrung in die Halbzeitpause<\/p>\n<p id=\"absatz12\" class=\"basetext\">Nach einem Doppelpass zwischen Filip Bilbija und Laurin Curda schlenzte Mika Baur das Leder mit seinem ersten Pflichtspieltreffer f\u00fcr den SCP ins lange Eck (26.). Es war sein erster Pflichtspieltreffer f\u00fcr den SCP ein schmeichelhafter Ausgleich. Doch Bielefeld fand eine perfekte Antwort und schlug zur\u00fcck.<\/p>\n<p id=\"absatz13\" class=\"basetext\">Beim 1:2 sah Felix G\u00f6tze schlecht aus. Der SCP-Abwehrchef velor das Duell gegen Grodowski, der in die Mitte passte. Dort dr\u00fcckte Momuluh den Ball \u00fcber die Linie (29.). Die Arminia blieb auch anschlie\u00dfend die bessere Mannschaft. Der SCP kam bis zum Pausenpfiff immerhin noch zu Chancen durch Steffen Tigges (35.), Baur (45.+1) und Santiago Castaneda (45+2). Richtig zwingend war das allerdings nicht.<\/p>\n<p id=\"absatz14\" class=\"basetext\">Mit einem Wechsel auf Paderborner Seite ging es in die zweite H\u00e4lfte: Nick B\u00e4tzner ersetzte Sebastian Klaas, der \u00fcber Leistenprobleme klagte. Und Durchgang zwei begann mit einem Paderborner Ecken-Festival, bei dem Steffen Tigges rund 45 Sekunden nach Wiederanpfiff das 2:2 auf dem Fu\u00df hatte. Der SCP-Angreifer wurde jedoch von Handwerker geblockt.<\/p>\n<p id=\"absatz15\" class=\"basetext Zwischenzeile\" data-semantic=\"p\">Tigges erzielt seinen ersten Pflichtspiel-Treffer f\u00fcr Paderborn<\/p>\n<p id=\"absatz16\" class=\"basetext\">Doch in Minute 50 konnte Tigges dann seinen Premierentreffer f\u00fcr Paderborn feiern. Castaneda flankte aus dem Halbfeld an den langen Pfosten. Dort erwischte Bilbija den Ball. Dieser scheiterte zwar an Kersken, doch Tigges staubte zum 2:2 ab.<\/p>\n<p id=\"absatz17\" class=\"basetext\">Paderborn war nun am Dr\u00fccker und ging viel aggressiver zu Werke als in H\u00e4lfte eins. Und es dauerte nicht lange, da hatten die Gastgeber die Partie komplett gedreht. In der 53. Minute parierte Kersken zun\u00e4chst gegen Curda und B\u00e4tzner, ehe Curda den Ball bei seinem zweiten Versuch \u00fcbers Tor jagte. Doch da Mehlem zuvor Baur r\u00fcde umgegr\u00e4tscht hatte, pfiff Schiedsrichter Max Burda Elfmeter f\u00fcr Paderborn.<\/p>\n<p id=\"absatz18\" class=\"basetext\">Filip Bilbija, der zuvor im Heimspiel gegen Kaiserslautern einen Strafsto\u00df vergeben hatte, verlud Kersken und traf zum 3:2 (55.) ins linke Eck. Und es kam noch besser f\u00fcr den SCP. In der 62. Minute schlug Baur einen Eckball in die Mitte. Dort schraubte sich \u201eKopfballmonster\u201c Tigges in die H\u00f6he, um das Leder zum 4:2 in den rechten Winkel zu k\u00f6pfen.<\/p>\n<p>\n                    SC Paderborn gegen Arminia Bielefeld\n                <\/p>\n<p>                    <img decoding=\"async\" class=\"w-full\" alt=\"Vorheriger Inhalt\" src=\"https:\/\/www.nw.de\/_em_daten\/locals\/module\/nw\/_includes\/twig\/current\/public\/\/images\/arrow-left.svg\"\/><\/p>\n<p>                    <img decoding=\"async\" class=\"nw-w-full\" alt=\"N\u00e4chster Inhalt\" src=\"https:\/\/www.nw.de\/_em_daten\/locals\/module\/nw\/_includes\/twig\/current\/public\/\/images\/arrow-right.svg\"\/><\/p>\n<p class=\"basetext Zwischenzeile\" data-semantic=\"p\">\nArminia Bielefeld reagiert mit Dreifachwechsel auf den R\u00fcckstand<\/p>\n<p id=\"absatz20\" class=\"basetext\">Mitch Kniat reagierte mit einem Dreifachwechsel: Benjamin Boakye, Sarenren Bazee und Isaiha Young kamen f\u00fcr Christopher Lannert, Grodowski und Momuluh (66.). Zudem stellte der Arminen-Coach auf eine Dreier-Abwehrkette um. Und das Derby hatte die n\u00e4chste Pointe zu bieten. So gab es in der 72. Minute den dritten Elfmeter des Spiels. Diesmal wieder f\u00fcr Arminia.<\/p>\n<p id=\"absatz21\" class=\"basetext\">SCP-Kapit\u00e4n G\u00f6tze hatte gegen Gro\u00dfer geklammert. Referee Burda zeigte sofort auf den Punkt. Handwerker trat an und lie\u00df Seimen nicht den Hauch einer Chance (74.). Und so stand es nur noch 4:3 f\u00fcr Paderborn. Dann erhielt Bielefeld einen Freisto\u00df aus 17 Metern, weil sich B\u00e4tzner ein Foul an Mehlem geleistet hatte. Handwerker zielte jedoch knapp zwei Meter \u00fcbers Tor (79.).<\/p>\n<p id=\"absatz22\" class=\"basetext\">Auf der Gegenseite setzte B\u00e4tzner einen Flugkopfball nach einer Baur-Flanke neben das Arminen-Geh\u00e4use (81.). Dann gab es Wechsel auf beiden Seiten. SCP-Trainer Kettemann brachte Stefano Marino f\u00fcr Baur und Luis Engelns f\u00fcr Bilbija. Bei der Arminia musste Mehlem f\u00fcr Florian Micheler Platz machen (82.).<\/p>\n<p id=\"absatz23\" class=\"basetext\"><b class=\"bold\">SC Paderborn gegen Arminia Bielefeld: <\/b><a href=\"https:\/\/www.nw.de\/sport\/sc_paderborn_07\/24195598_SC-Paderborn-gegen-Arminia-Bielefeld-Ein-Derby-das-keines-sein-moechte.html\" target=\"_blank\" rel=\"noopener\">Ein Derby, das keines sein m\u00f6chte <\/a><\/p>\n<p id=\"absatz24\" class=\"basetext Zwischenzeile\" data-semantic=\"p\">Arminias Joker Boakye hat noch das 4:4 auf dem Fu\u00df<\/p>\n<p id=\"absatz25\" class=\"basetext\">Bielefeld dr\u00e4ngte nun auf den Ausgleich, brachte den SCP aber nur selten in Bedr\u00e4ngnis. SCP-Verteidiger Calvin Brackelmann musste dann in der 90. Minute benommen vom Feld, weil er mit seinem Teamkollegen G\u00f6tze zusammengeprallt war. Tjark Scheller kam f\u00fcr ihn ins Spiel. Und Paderborn musste noch eine neunmin\u00fctige Nachspielzeit \u00fcberstehen.<\/p>\n<p id=\"absatz26\" class=\"basetext\">Marino h\u00e4tte den Blutdruck der SCP-Fans senken k\u00f6nnen, doch er scheiterte aus spitzem Winkel an Kersken (90.+3). Im Gegenzug verhinderte G\u00f6tze mit einem Block gegen Boakye das 4:4 (90+4). Mehr sollte aber nicht mehr passieren. Und so feierte der SCP erstmals seit dem 16. Februar 2014 wieder einen Pflichtspielsieg gegen Arminia Bielefeld, um zugleich auf den zweiten Tabellenplatz zu klettern.<\/p>\n<p id=\"absatz27\" class=\"em_text\">F\u00fcr den SCP geht nun am kommenden Samstag, 25. Oktober, um 13 Uhr mit einem Ausw\u00e4rtsspiel beim zweiten Zweitliga-Aufsteiger weiter. Dann gastieren die Kettemann-Sch\u00fctzlinge bei Dynamo Dresden. Die Arminia ist ebenfalls am Samstag um 13 Uhr im Einsatz. Dann wartet das Heimspiel gegen die SV Elversberg.<\/p>\n<p>Das Spiel im Ticker zum Nachlesen:<\/p>\n<p class=\"nw-text-xl nw-uppercase nw-font-bold\" style=\"font-size:24px !important; line-height:32px; padding-bottom: 0px; \">INFORMATION<\/p>\n<p>        SC Paderborn &#8211; Arminia Bielefeld 4:3 (1:2)<\/p>\n<p class=\"basetext\"><b class=\"bold\">Paderborn:<\/b> Seimen &#8211; Hansen, G\u00f6tze, Brackelmann (90.+1 Scheller) &#8211; Curda, Baur (82. Marino), Castaneda, Obermair &#8211; Bilbija (83. Engelns), Tigges (90.+4 Michel), Klaas (46. B\u00e4tzner).<\/p>\n<p class=\"basetext\"><b class=\"bold\">Bielefeld:<\/b> Kersken &#8211; Lannert (66. Boakye), Schneider, Gro\u00dfer, Handwerker &#8211; Schreck &#8211; Mehlem (83. Micheler), Corboz &#8211; Momuluh (66. Young), Grodowski (66. Sarenren-Bazee), W\u00f6rl (89. Kania).<\/p>\n<p class=\"basetext\"><b class=\"bold\">Schiedsrichter:<\/b> Max Burda (Berlin)<\/p>\n<p class=\"basetext\"><b class=\"bold\">Tore:<\/b> 0:1 Grodowski (16., Foulelfmeter), 1:1 Baur (26.), 1:2 Momuluh (29.), 2:2 Tigges (50.), 3:2 Bilbija (55., Foulelfmeter), 4:2 Tigges (62.), 4:3 Handwerker (73., Foulelfmeter)<\/p>\n<p class=\"basetext\"><b class=\"bold\">Gelbe <\/b><b class=\"bold\">Karten: <\/b>Hansen, Obermair, Klaas, B\u00e4tzner, Curda, Kettemann (Trainer) &#8211; Momuluh, Sarenren-Bazee, Handwerker<\/p>\n<p class=\"basetext\"><b class=\"bold\">Zuschauer:<\/b> 15.000 (ausverkauft)<\/p>\n<p class=\"basetext\"><b class=\"bold\">Statistik:<\/b> 20:16 Torsch\u00fcsse, 3,21:2,75 xGoals, 50:50 Prozent Ballbesitz, 76:73 Prozent Passquote, 49:51 Prozent Zweik\u00e4mpfe, 20:15 Fouls, 8:5 Ecken, 119,2:123,3 Kilometer Laufdistanz.<\/p>\n","protected":false},"excerpt":{"rendered":"Paderborn\/Bielefeld. Nach 45 Minuten hatte es so ausgesehen, als w\u00fcrden an diesem Tag zwei Serien enden. Arminia Bielefeld&hellip;\n","protected":false},"author":2,"featured_media":509331,"comment_status":"","ping_status":"","sticky":false,"template":"","format":"standard","meta":{"footnotes":""},"categories":[1841],"tags":[126878,2368,72942,1605,3364,18673,29,17151,53684,17147,30,53683,17790,731,1611,1607,2379,9310,2377,15354,16344,1608,23469,23470,23465,2370,734,736,15355,1613,100558,1209,22059,727,22507,17149,126879,17041,3135,15351,100556,3146,72674,23468,215],"class_list":{"0":"post-509330","1":"post","2":"type-post","3":"status-publish","4":"format-standard","5":"has-post-thumbnail","7":"category-bielefeld","8":"tag-ahorn-panther-paderborn-bielefeld","9":"tag-arminia-bielefeld","10":"tag-benjamin-boakye","11":"tag-bielefeld","12":"tag-de","13":"tag-dennis-seimen","14":"tag-deutschland","15":"tag-felix-gtze","16":"tag-felix-hagmann","17":"tag-filip-bilbija","18":"tag-germany","19":"tag-joel-felix","20":"tag-jonas-kersken","21":"tag-label_cm-ok","22":"tag-label_informiere-mich","23":"tag-label_knaller","24":"tag-label_push","25":"tag-label_social","26":"tag-label_startseite","27":"tag-label_stroer","28":"tag-label_ticker","29":"tag-label_top-news","30":"tag-laurin-curda","31":"tag-marvin-mehlem","32":"tag-mattes-hansen","33":"tag-maximilian-groer","34":"tag-meta_artikelklasse_nachricht","35":"tag-meta_copyrights_nw","36":"tag-meta_themen_sc_paderborn","37":"tag-meta_userneeds_informieremich","38":"tag-mika-baur","39":"tag-nordrhein-westfalen","40":"tag-owl","41":"tag-paderborn","42":"tag-ralf-kettemann","43":"tag-raphael-obermair","44":"tag-ruben-mller","45":"tag-santiago-castaneda","46":"tag-sc-paderborn","47":"tag-scp","48":"tag-sebastian-klaas","49":"tag-steffen-tigges","50":"tag-tim-handwerker","51":"tag-tjark-scheller","52":"tag-unterhaltung"},"share_on_mastodon":{"url":"","error":"Validation failed: Text character limit of 500 exceeded"},"_links":{"self":[{"href":"https:\/\/www.europesays.com\/de\/wp-json\/wp\/v2\/posts\/509330","targetHints":{"allow":["GET"]}}],"collection":[{"href":"https:\/\/www.europesays.com\/de\/wp-json\/wp\/v2\/posts"}],"about":[{"href":"https:\/\/www.europesays.com\/de\/wp-json\/wp\/v2\/types\/post"}],"author":[{"embeddable":true,"href":"https:\/\/www.europesays.com\/de\/wp-json\/wp\/v2\/users\/2"}],"replies":[{"embeddable":true,"href":"https:\/\/www.europesays.com\/de\/wp-json\/wp\/v2\/comments?post=509330"}],"version-history":[{"count":0,"href":"https:\/\/www.europesays.com\/de\/wp-json\/wp\/v2\/posts\/509330\/revisions"}],"wp:featuredmedia":[{"embeddable":true,"href":"https:\/\/www.europesays.com\/de\/wp-json\/wp\/v2\/media\/509331"}],"wp:attachment":[{"href":"https:\/\/www.europesays.com\/de\/wp-json\/wp\/v2\/media?parent=509330"}],"wp:term":[{"taxonomy":"category","embeddable":true,"href":"https:\/\/www.europesays.com\/de\/wp-json\/wp\/v2\/categories?post=509330"},{"taxonomy":"post_tag","embeddable":true,"href":"https:\/\/www.europesays.com\/de\/wp-json\/wp\/v2\/tags?post=509330"}],"curies":[{"name":"wp","href":"https:\/\/api.w.org\/{rel}","templated":true}]}}