{"id":509340,"date":"2025-10-18T21:50:12","date_gmt":"2025-10-18T21:50:12","guid":{"rendered":"https:\/\/www.europesays.com\/de\/509340\/"},"modified":"2025-10-18T21:50:12","modified_gmt":"2025-10-18T21:50:12","slug":"jd-vance-verteidigt-minister-aufregung-um-pete-hegseths-russische-krawatte","status":"publish","type":"post","link":"https:\/\/www.europesays.com\/de\/509340\/","title":{"rendered":"JD Vance verteidigt Minister: Aufregung um Pete Hegseths &#8222;russische&#8220; Krawatte"},"content":{"rendered":"<p>                    JD Vance verteidigt Minister<br \/>\n                Aufregung um Pete Hegseths &#8222;russische&#8220; Krawatte <\/p>\n<p>\t\t\t\t              18.10.2025, 22:00 Uhr<\/p>\n<p>\t\t\t\t\t       Artikel anh\u00f6ren<\/p>\n<p>\t\t\t\t\t\t\tDiese Audioversion wurde k\u00fcnstlich generiert. <a href=\"https:\/\/www.n-tv.de\/23249898\" target=\"_blank\" rel=\"noopener\">Mehr Infos<\/a><\/p>\n<p><strong>US-Pr\u00e4sident Trump trifft den ukrainischen Staatschef Selenskyj am Freitag im Wei\u00dfen Haus und zeigt sich im Gegensatz zu dem Ukrainer zuversichtlich, Russlands Krieg gegen das Land zu beenden. Nun hat das Treffen ein unerwartetes Nachspiel. Im Zentrum steht Trumps &#8222;Kriegsminister&#8220; Hegseth. <\/strong><\/p>\n<p>Nach dem Treffen von Donald Trump mit Wolodymyr Selenskyj im Wei\u00dfen Haus in Washington hat die Krawattenwahl von Pete Hegseth f\u00fcr Aufsehen gesorgt. In dieser Aufregung sah sich US-Vizepr\u00e4sident JD Vance gen\u00f6tigt, den US-Verteidigungsminister mit <a href=\"https:\/\/x.com\/JDVance\/status\/1979562735181660242\" rel=\"Follow\" target=\"_blank\">einem Post auf X<\/a> zu verteidigen. <\/p>\n<p>Zuvor hat der amerikanische YouTuber und ehemalige US-Armeeoffiziers Jake Breaux ein Foto von Hegseth <a href=\"https:\/\/x.com\/RealJakeBroe\/status\/1979275356663353829\" rel=\"Follow\" target=\"_blank\">auf X gepostet<\/a>, das offenbar w\u00e4hrend dem Meeting aufgenommen wurde, und dazu geschrieben: &#8222;Pete Hegseth erschien heute zum Treffen mit Pr\u00e4sident Selenskyj im Wei\u00dfen Haus mit einer Krawatte in den Farben der russischen Trikolore. Diese Leute lieben Putin und Russland.&#8220; Hegseth sa\u00df bei dem Treffen links von Trump. Zwischen ihnen befand sich Au\u00dfenminister Marco Rubio. Rechts neben ihm sa\u00dfen Vizepr\u00e4sident JD Vance und Finanzminister Scott Bessent.<\/p>\n<p>Ins Rollen gebracht hat das Ganze der Sondergesandte des russischen Machthabers Wladimir Putin, Kirill Dmitrijew. Der enge Kremlvertraute postete ebenfalls besagtes Foto von Hegseth in den sozialen Medien und f\u00fcgte ein Emoji der russischen Flagge hinzu, <a href=\"https:\/\/www.rbc.ua\/rus\/news\/kolori-ameriki-vens-vidreaguvav-rosiysku-1760806842.html\" rel=\"Follow noopener\" target=\"_blank\">berichtet <\/a>die ukrainische Online-Zeitung &#8222;RBC-Ukraine&#8220;. <\/p>\n<p>Die stattliche russische<a href=\"https:\/\/tass.com\/world\/2031773\" rel=\"Follow noopener\" target=\"_blank\"> Nachrichtenagentur Tass <\/a>ging wohl auch nicht von einem Zufall aus. Der Minister sei &#8222;mit einer unerwarteten Modeerscheinung&#8220; aufgefallen, hei\u00dft es dort. Hegseth habe eine Krawatte &#8222;in den Farben der russischen Trikolore&#8220; getragen. Der US-Verteidigungsminister trug tats\u00e4chlich eine Krawatte mit wei\u00dfen, blauen und roten Streifen. Diese entsprechen zwar auch jenen Farben auf der US-Flagge. &#8222;Doch die Reihenfolge und das Design machten diese Wahl besonders auff\u00e4llig&#8220;, schreibt die Tass.<\/p>\n<p>Schlie\u00dflich sprang JD Vance dem &#8222;Kriegsminister&#8220; Hegseth bei und schrieb auf X: &#8222;Oder vielleicht trug er die Farben Amerikas.&#8220; Seinem Beitrag hat Vance den X-Post von Breaux mit dem strittigen Foto beigef\u00fcgt. <\/p>\n","protected":false},"excerpt":{"rendered":"JD Vance verteidigt Minister Aufregung um Pete Hegseths &#8222;russische&#8220; Krawatte 18.10.2025, 22:00 Uhr Artikel anh\u00f6ren Diese Audioversion wurde&hellip;\n","protected":false},"author":2,"featured_media":509341,"comment_status":"","ping_status":"","sticky":false,"template":"","format":"standard","meta":{"footnotes":""},"categories":[4012],"tags":[331,332,661,508,13,448,14,15,649,16,307,12,317,64,107],"class_list":{"0":"post-509340","1":"post","2":"type-post","3":"status-publish","4":"format-standard","5":"has-post-thumbnail","7":"category-ukraine","8":"tag-aktuelle-nachrichten","9":"tag-aktuelle-news","10":"tag-angriff-auf-die-ukraine","11":"tag-diplomatie","12":"tag-headlines","13":"tag-j-d-vance","14":"tag-nachrichten","15":"tag-news","16":"tag-pete-hegseth","17":"tag-politik","18":"tag-russland","19":"tag-schlagzeilen","20":"tag-ukraine","21":"tag-usa","22":"tag-wolodymyr-selenskyj"},"share_on_mastodon":{"url":"https:\/\/pubeurope.com\/@de\/115397382815869033","error":""},"_links":{"self":[{"href":"https:\/\/www.europesays.com\/de\/wp-json\/wp\/v2\/posts\/509340","targetHints":{"allow":["GET"]}}],"collection":[{"href":"https:\/\/www.europesays.com\/de\/wp-json\/wp\/v2\/posts"}],"about":[{"href":"https:\/\/www.europesays.com\/de\/wp-json\/wp\/v2\/types\/post"}],"author":[{"embeddable":true,"href":"https:\/\/www.europesays.com\/de\/wp-json\/wp\/v2\/users\/2"}],"replies":[{"embeddable":true,"href":"https:\/\/www.europesays.com\/de\/wp-json\/wp\/v2\/comments?post=509340"}],"version-history":[{"count":0,"href":"https:\/\/www.europesays.com\/de\/wp-json\/wp\/v2\/posts\/509340\/revisions"}],"wp:featuredmedia":[{"embeddable":true,"href":"https:\/\/www.europesays.com\/de\/wp-json\/wp\/v2\/media\/509341"}],"wp:attachment":[{"href":"https:\/\/www.europesays.com\/de\/wp-json\/wp\/v2\/media?parent=509340"}],"wp:term":[{"taxonomy":"category","embeddable":true,"href":"https:\/\/www.europesays.com\/de\/wp-json\/wp\/v2\/categories?post=509340"},{"taxonomy":"post_tag","embeddable":true,"href":"https:\/\/www.europesays.com\/de\/wp-json\/wp\/v2\/tags?post=509340"}],"curies":[{"name":"wp","href":"https:\/\/api.w.org\/{rel}","templated":true}]}}