{"id":509411,"date":"2025-10-18T22:32:15","date_gmt":"2025-10-18T22:32:15","guid":{"rendered":"https:\/\/www.europesays.com\/de\/509411\/"},"modified":"2025-10-18T22:32:15","modified_gmt":"2025-10-18T22:32:15","slug":"gedenktafel-fuer-tv-autor-horst-pillau-in-berlin-schoeneberg-enthuellt","status":"publish","type":"post","link":"https:\/\/www.europesays.com\/de\/509411\/","title":{"rendered":"Gedenktafel f\u00fcr TV-Autor Horst Pillau in Berlin-Sch\u00f6neberg enth\u00fcllt"},"content":{"rendered":"<p class=\"tspBHk0 tspBHk1\">Er war einer der produktivsten und erfolgreichsten deutschen Theater- und Fernsehautoren, Spezialist f\u00fcr popul\u00e4re Geschichten mit Tiefgang: Horst Pillau, geb\u00fcrtiger Wiener, der im Juni 2021 in Berlin im Alter von 88 Jahren gestorben ist. Jetzt, gut vier Jahre nach seinem Tod, wurde im Beisein der Familie eine Gedenktafel am Haus Salzburger Stra\u00dfe 10 in Sch\u00f6nberg enth\u00fcllt, in dem er viele Jahre gelebt hat, und in dem seine Witwe Susanne noch heute lebt.<\/p>\n<p><img decoding=\"async\" src=\"https:\/\/www.europesays.com\/de\/wp-content\/uploads\/2025\/10\/20251017-171349-2-720.jpeg\"   alt=\"\" aria-labelledby=\"caption-14601836\" width=\"440\" height=\"330\" loading=\"lazy\" class=\"tspAShw\"\/> Die Gedenktafel f\u00fcr den Autor Horst Pillau in der Salzburger Stra\u00dfe 10. <\/p>\n<p class=\"tspABfi\"> \u00a9 Bernd Matthies <\/p>\n<p class=\"tspBHk0\">Diese Tafel im Bayerischen Viertel enth\u00e4lt nicht nur eine lexikalische W\u00fcrdigung, sondern auch ein Zitat aus dem <a href=\"https:\/\/www.tagesspiegel.de\/berlin\/keiner-konnte-so-gemeine-pointen-schreiben-4255708.html?icid=in-text-link_14601227\" class=\"link link--internal\" data-gtm-class=\"article-text-link\" data-gtm-val=\"internal\" target=\"_blank\" rel=\"noopener\">Tagesspiegel-Nachruf<\/a>, der damals ver\u00f6ffentlicht wurde.<\/p>\n<p><a href=\"https:\/\/www.tagesspiegel.de\/berlin\/themen\/bayerisches-viertel?icid=single-topic_14601227___\" data-gtm-class=\"article-mzt-link\" class=\"tspBRlv\" target=\"_blank\" rel=\"noopener\">Kiez mit Historie Geschichte und Geschichten aus dem Bayerischen Viertel in Berlin <\/a><\/p>\n<p class=\"tspBHk0\">Die Karriere Pillaus hatte schon kurz nach dem Krieg begonnen, als er, 16 Jahre alt, dem Sender RIAS einen Sketch einreichte, der umgehend mit den Stimmen prominenter Schauspieler produziert und gesendet wurde. Sp\u00e4ter schrieb er ungez\u00e4hlte Rundfunk- und Theaterst\u00fccke, Romane und Drehb\u00fccher.<\/p>\n<p><img decoding=\"async\" src=\"https:\/\/www.europesays.com\/de\/wp-content\/uploads\/2025\/10\/pliiau2.jpeg\" alt=\"\" aria-labelledby=\"caption-14601269\" width=\"620\" height=\"393\" loading=\"lazy\" class=\"tspAShw\"\/> Ausschnitt aus der Gedenktafel. <\/p>\n<p class=\"tspABfi\"> \u00a9 Bernd Matthies <\/p>\n<p class=\"tspBHk0\">Am bekanntesten wurden der \u201eKaiser vom Alexanderplatz\u201c und \u201eDas Fenster zum Hof\u201c (zusammen mit Curth Flatow). Er wurde f\u00fcr seinen Einsatz f\u00fcr das Autorenverg\u00fctungssystem VG Wort mit dem Bundesverdienstkreuz ausgezeichnet, trug die goldene Nadel der Dramatiker-Union. Nebenher war er begeisterter Hobby-Flieger \u2013 und kehrte nach der Wende nach Berlin zur\u00fcck, weil er dann in der Region wieder fliegen durfte. <\/p>\n<p> Mehr zu Horst Pillau:  <a href=\"https:\/\/www.tagesspiegel.de\/berlin\/keiner-konnte-so-gemeine-pointen-schreiben-4255708.html?icid=topic-list_14601227___\" data-gtm-class=\"article-mzt-link\" class=\"tspBRlv\" target=\"_blank\" rel=\"noopener\">Zum Tod des Fernseh- und Theaterautors Horst Pillau \u201eKeiner konnte so gemeine Pointen schreiben\u201c <\/a><a href=\"https:\/\/www.tagesspiegel.de\/berlin\/das-herz-im-kiez-schlagt-munter-8519104.html?icid=topic-list_14601227___\" data-gtm-class=\"article-mzt-link\" class=\"tspBRlv\" target=\"_blank\" rel=\"noopener\">Buchladen Bayerischer Platz Das Herz im Kiez schl\u00e4gt munter <\/a><a href=\"https:\/\/www.tagesspiegel.de\/berlin\/ich-bleibe-der-ewige-schonfarber-horst-pillau-wird-80-2178859.html?icid=topic-list_14601227___\" data-gtm-class=\"article-mzt-link\" class=\"tspBRlv\" target=\"_blank\" rel=\"noopener\">Horst Pillau wird 80 \u201eIch bleibe der ewige Sch\u00f6nf\u00e4rber\u201c <\/a><a href=\"https:\/\/www.tagesspiegel.de\/berlin\/berlin-braucht-auch-mit-ber-einen-ausweichflughafen-3915136.html?icid=topic-list_14601227___\" data-gtm-class=\"article-mzt-link\" class=\"tspBRlv\" target=\"_blank\" rel=\"noopener\">Lesermeinung zu TXL Berlin braucht auch mit BER einen Ausweichflughafen <\/a><a href=\"https:\/\/www.tagesspiegel.de\/berlin\/horst-pillau-56-jahre-uber-den-wolken-3829351.html?icid=topic-list_14601227___\" data-gtm-class=\"article-mzt-link\" class=\"tspBRlv\" target=\"_blank\" rel=\"noopener\">Neues Buch &#8222;Airborne \u2013 mein Leben im Flug&#8220; Horst Pillau &#8211; 56 Jahre \u00fcber den Wolken <\/a><\/p>\n<p class=\"tspBHk0\">Pillaus Lieblingsspruch \u201eEs wird wieder heller\u201c ist auf der Tafel festgehalten und zeigt seine optimistische Lebenseinstellung. Wie die Familie erz\u00e4hlt, geht der Satz auf einen wanderlustigen Onkel zur\u00fcck, der auch im schlimmsten Mistwetter immer irgendwo eine Besserung kommen sah.   <\/p>\n","protected":false},"excerpt":{"rendered":"Er war einer der produktivsten und erfolgreichsten deutschen Theater- und Fernsehautoren, Spezialist f\u00fcr popul\u00e4re Geschichten mit Tiefgang: Horst&hellip;\n","protected":false},"author":2,"featured_media":509412,"comment_status":"","ping_status":"","sticky":false,"template":"","format":"standard","meta":{"footnotes":""},"categories":[1825],"tags":[126909,296,532,29,553,30,528],"class_list":{"0":"post-509411","1":"post","2":"type-post","3":"status-publish","4":"format-standard","5":"has-post-thumbnail","7":"category-berlin","8":"tag-bayerisches-viertel","9":"tag-berlin","10":"tag-berliner-geschichte","11":"tag-deutschland","12":"tag-familie","13":"tag-germany","14":"tag-tempelhof-schoeneberg"},"share_on_mastodon":{"url":"https:\/\/pubeurope.com\/@de\/115397548897524023","error":""},"_links":{"self":[{"href":"https:\/\/www.europesays.com\/de\/wp-json\/wp\/v2\/posts\/509411","targetHints":{"allow":["GET"]}}],"collection":[{"href":"https:\/\/www.europesays.com\/de\/wp-json\/wp\/v2\/posts"}],"about":[{"href":"https:\/\/www.europesays.com\/de\/wp-json\/wp\/v2\/types\/post"}],"author":[{"embeddable":true,"href":"https:\/\/www.europesays.com\/de\/wp-json\/wp\/v2\/users\/2"}],"replies":[{"embeddable":true,"href":"https:\/\/www.europesays.com\/de\/wp-json\/wp\/v2\/comments?post=509411"}],"version-history":[{"count":0,"href":"https:\/\/www.europesays.com\/de\/wp-json\/wp\/v2\/posts\/509411\/revisions"}],"wp:featuredmedia":[{"embeddable":true,"href":"https:\/\/www.europesays.com\/de\/wp-json\/wp\/v2\/media\/509412"}],"wp:attachment":[{"href":"https:\/\/www.europesays.com\/de\/wp-json\/wp\/v2\/media?parent=509411"}],"wp:term":[{"taxonomy":"category","embeddable":true,"href":"https:\/\/www.europesays.com\/de\/wp-json\/wp\/v2\/categories?post=509411"},{"taxonomy":"post_tag","embeddable":true,"href":"https:\/\/www.europesays.com\/de\/wp-json\/wp\/v2\/tags?post=509411"}],"curies":[{"name":"wp","href":"https:\/\/api.w.org\/{rel}","templated":true}]}}