{"id":509420,"date":"2025-10-18T22:37:22","date_gmt":"2025-10-18T22:37:22","guid":{"rendered":"https:\/\/www.europesays.com\/de\/509420\/"},"modified":"2025-10-18T22:37:22","modified_gmt":"2025-10-18T22:37:22","slug":"architektur-hohe-landesauszeichnung-fuer-waidhofner-architekturbuero","status":"publish","type":"post","link":"https:\/\/www.europesays.com\/de\/509420\/","title":{"rendered":"Architektur &#8211; Hohe Landesauszeichnung f\u00fcr Waidhofner Architekturb\u00fcro"},"content":{"rendered":"<p>        <img decoding=\"async\" src=\"https:\/\/www.europesays.com\/de\/wp-content\/uploads\/2025\/10\/img-T8pQ0xDVVUVC9fEc.jpeg\" data-fullscreen-src=\"https:\/\/www.noen.at\/image\/3840x0-jpg\/6079439\/img-T8pQ0xDVVUVC9fEc.jpeg\" bad-src=\"https:\/\/www.europesays.com\/de\/wp-content\/uploads\/2025\/10\/img-T8pQ0xDVVUVC9fEc.jpeg\" data-teaser-member=\"image\" alt=\"Auszeichnung f\u00fcr Sonnentor Stadt-Lofts \/ w30 Architekturb\u00fcro\"\/><\/p>\n<p>\n                Eine Auszeichnung ging an die Sonnentor Stadt-Lofts in Zwettl, die von dem Waidhofner Architekturb\u00fcro w30 geplant wurden.            <\/p>\n<p>\n                Foto:<br \/>\n                NLK Filzwieser, NLK Filzwieser                            <\/p>\n<p>\n        <strong>D<\/strong>ie w30 Bauplanung und Innenarchitektur GmbH erhielt die Auszeichnung f\u00fcr \u201eVorbildliches Bauen in Nieder\u00f6sterreich\u201c f\u00fcr die Sonnentor Stadt-Lofts in Zwettl. Das Projekt verbindet historische Bausubstanz mit modernen Interventionen.     <\/p>\n<p>Am Dienstag, 14. Oktober, wurde die allj\u00e4hrliche Landesauszeichnung f\u00fcr \u201eVorbildliches Bauen in Nieder\u00f6sterreich\u201c vergeben. Die diesj\u00e4hrige Riege der Siegerprojekte wurde von einer siebenk\u00f6pfigen Fachjury aus 52 Einreichungen entlang eines strengen Kriterienkataloges ausgew\u00e4hlt. Gew\u00fcrdigt wurden Bildungseinrichtungen, ein privates Wohnhaus, ein Beherbergungsbetrieb, ein Betriebsgeb\u00e4ude und ein Veranstaltungshaus. <\/p>\n","protected":false},"excerpt":{"rendered":"Eine Auszeichnung ging an die Sonnentor Stadt-Lofts in Zwettl, die von dem Waidhofner Architekturb\u00fcro w30 geplant wurden. Foto:&hellip;\n","protected":false},"author":2,"featured_media":509421,"comment_status":"","ping_status":"","sticky":false,"template":"","format":"standard","meta":{"footnotes":""},"categories":[1775],"tags":[2250,1793,3681,29,214,30,126911,1794,126914,215,126913,126915,126910,126912],"class_list":{"0":"post-509420","1":"post","2":"type-post","3":"status-publish","4":"format-standard","5":"has-post-thumbnail","7":"category-kunst-und-design","8":"tag-architektur","9":"tag-art-and-design","10":"tag-auszeichnung","11":"tag-deutschland","12":"tag-entertainment","13":"tag-germany","14":"tag-johanna-mikl-leitner","15":"tag-kunst-und-design","16":"tag-sonnentor-kraeuterhandels-gmbh","17":"tag-unterhaltung","18":"tag-vorbildliches-bauen-in-niederoesterreich","19":"tag-w30-bauplanung-innenarchitektur-gmbh","20":"tag-waidhofen-ybbs","21":"tag-zwettl"},"share_on_mastodon":{"url":"https:\/\/pubeurope.com\/@de\/115397567785213030","error":""},"_links":{"self":[{"href":"https:\/\/www.europesays.com\/de\/wp-json\/wp\/v2\/posts\/509420","targetHints":{"allow":["GET"]}}],"collection":[{"href":"https:\/\/www.europesays.com\/de\/wp-json\/wp\/v2\/posts"}],"about":[{"href":"https:\/\/www.europesays.com\/de\/wp-json\/wp\/v2\/types\/post"}],"author":[{"embeddable":true,"href":"https:\/\/www.europesays.com\/de\/wp-json\/wp\/v2\/users\/2"}],"replies":[{"embeddable":true,"href":"https:\/\/www.europesays.com\/de\/wp-json\/wp\/v2\/comments?post=509420"}],"version-history":[{"count":0,"href":"https:\/\/www.europesays.com\/de\/wp-json\/wp\/v2\/posts\/509420\/revisions"}],"wp:featuredmedia":[{"embeddable":true,"href":"https:\/\/www.europesays.com\/de\/wp-json\/wp\/v2\/media\/509421"}],"wp:attachment":[{"href":"https:\/\/www.europesays.com\/de\/wp-json\/wp\/v2\/media?parent=509420"}],"wp:term":[{"taxonomy":"category","embeddable":true,"href":"https:\/\/www.europesays.com\/de\/wp-json\/wp\/v2\/categories?post=509420"},{"taxonomy":"post_tag","embeddable":true,"href":"https:\/\/www.europesays.com\/de\/wp-json\/wp\/v2\/tags?post=509420"}],"curies":[{"name":"wp","href":"https:\/\/api.w.org\/{rel}","templated":true}]}}