{"id":509422,"date":"2025-10-18T22:38:10","date_gmt":"2025-10-18T22:38:10","guid":{"rendered":"https:\/\/www.europesays.com\/de\/509422\/"},"modified":"2025-10-18T22:38:10","modified_gmt":"2025-10-18T22:38:10","slug":"deutscher-jugendliteraturpreis-fuer-herausragende-kinder-und-jugendbuecher","status":"publish","type":"post","link":"https:\/\/www.europesays.com\/de\/509422\/","title":{"rendered":"Deutscher Jugendliteraturpreis f\u00fcr herausragende Kinder- und Jugendb\u00fccher"},"content":{"rendered":"<p>Auf der Frankfurter Buchmesse sind am Abend die diesj\u00e4hrigen Deutschen Jugendliteraturpreise verliehen worden. Die hessische Illustratorin Antje Damm wurde f\u00fcr ihr Lebenswerk ausgezeichnet. Sie erhielt den mit 12.000 Euro dotierten Sonderpreis &#8222;Gesamtwerk&#8220;. Sieger in der Kategorie &#8222;Kinderbuch&#8220; wurde \u201eHimmelw\u00e4rts\u201c, von Karen K\u00f6hler, illustriert von Bea Davies. Die Jury w\u00fcrdigte eine innige Freundinnen-Geschichte mit einer herausragenden Trauer-Erz\u00e4hlung. Die Jugendjury zeichnete mit \u201eNo Alternative\u201c von Dirk Reinhardt ein Buch aus, das sich dem Thema &#8222;Klima-Aktivismus&#8220; widmet. Als bestes Jugendbuch wurde der Chat-Roman \u201eUnd die Welt, sie fliegt hoch\u201c aus dem Rotfuchs-Verlag ausgezeichnet. Im Mittelpunkt stehen zwei Vierzehnj\u00e4hrige, die in ihren Zimmern festsitzen. Der Deutsche Jugendliteraturpreis wurde in sieben Kategorien vergeben und ist mit insgesamt 72.000 Euro dotiert. Au\u00dferdem erhalten alle Preistr\u00e4gerinnen und Preistr\u00e4ger eine Skulptur, die bronzene &#8222;Momo&#8220;. Stifter der Auszeichnung ist das Bundesjugendministerium.<\/p>\n","protected":false},"excerpt":{"rendered":"Auf der Frankfurter Buchmesse sind am Abend die diesj\u00e4hrigen Deutschen Jugendliteraturpreise verliehen worden. Die hessische Illustratorin Antje Damm&hellip;\n","protected":false},"author":2,"featured_media":509423,"comment_status":"","ping_status":"","sticky":false,"template":"","format":"standard","meta":{"footnotes":""},"categories":[1774],"tags":[1784,1785,29,214,30,215],"class_list":{"0":"post-509422","1":"post","2":"type-post","3":"status-publish","4":"format-standard","5":"has-post-thumbnail","7":"category-buecher","8":"tag-books","9":"tag-buecher","10":"tag-deutschland","11":"tag-entertainment","12":"tag-germany","13":"tag-unterhaltung"},"share_on_mastodon":{"url":"https:\/\/pubeurope.com\/@de\/115397571673199073","error":""},"_links":{"self":[{"href":"https:\/\/www.europesays.com\/de\/wp-json\/wp\/v2\/posts\/509422","targetHints":{"allow":["GET"]}}],"collection":[{"href":"https:\/\/www.europesays.com\/de\/wp-json\/wp\/v2\/posts"}],"about":[{"href":"https:\/\/www.europesays.com\/de\/wp-json\/wp\/v2\/types\/post"}],"author":[{"embeddable":true,"href":"https:\/\/www.europesays.com\/de\/wp-json\/wp\/v2\/users\/2"}],"replies":[{"embeddable":true,"href":"https:\/\/www.europesays.com\/de\/wp-json\/wp\/v2\/comments?post=509422"}],"version-history":[{"count":0,"href":"https:\/\/www.europesays.com\/de\/wp-json\/wp\/v2\/posts\/509422\/revisions"}],"wp:featuredmedia":[{"embeddable":true,"href":"https:\/\/www.europesays.com\/de\/wp-json\/wp\/v2\/media\/509423"}],"wp:attachment":[{"href":"https:\/\/www.europesays.com\/de\/wp-json\/wp\/v2\/media?parent=509422"}],"wp:term":[{"taxonomy":"category","embeddable":true,"href":"https:\/\/www.europesays.com\/de\/wp-json\/wp\/v2\/categories?post=509422"},{"taxonomy":"post_tag","embeddable":true,"href":"https:\/\/www.europesays.com\/de\/wp-json\/wp\/v2\/tags?post=509422"}],"curies":[{"name":"wp","href":"https:\/\/api.w.org\/{rel}","templated":true}]}}