{"id":509436,"date":"2025-10-18T22:46:19","date_gmt":"2025-10-18T22:46:19","guid":{"rendered":"https:\/\/www.europesays.com\/de\/509436\/"},"modified":"2025-10-18T22:46:19","modified_gmt":"2025-10-18T22:46:19","slug":"egal-ob-bier-oder-cola-getraenke-werden-teurer","status":"publish","type":"post","link":"https:\/\/www.europesays.com\/de\/509436\/","title":{"rendered":"Egal ob Bier oder Cola: Getr\u00e4nke werden teurer"},"content":{"rendered":"\n<p><strong>Es geht auf Weihnachten zu. Darauf stellen sich Handel und Gastronomie ein. Hinter den Kulissen drehen gro\u00dfe Getr\u00e4nkehersteller an den Preisen. Fr\u00fcher oder sp\u00e4ter k\u00f6nnte das bei den Kunden ankommen.<\/strong><\/p>\n<p>Nach Ank\u00fcndigungen von Brauereien k\u00f6nnte es erstmals seit mehreren Jahren wieder zahlreiche Preiserh\u00f6hungen bei Bier geben. Krombacher und Veltins haben in diesem Monat ihre Preise f\u00fcr Kunden im Handel und der Gastronomie bereits erh\u00f6ht. Einige andere Gro\u00dfbrauer folgen.\u00a0<\/p>\n<p>  MOPO<\/p>\n<p><img decoding=\"async\" src=\"https:\/\/www.europesays.com\/de\/wp-content\/uploads\/2025\/10\/1710-collage.png\" alt=\"\" class=\" size-full\"\/><\/p>\n<p><strong>Die WochenMOPO \u2013 ab Freitag neu und \u00fcberall, wo es Zeitungen gibt!<br \/>Diese Woche u.a. mit diesen Themen:<\/strong><\/p>\n<ul>\n<li><strong><strong>Elbtower und Klima-Entscheid:<\/strong> <\/strong>Warum B\u00fcrgermeister Tschentscher angeschlagen ist<\/li>\n<li><strong><strong>T\u00f6dliche \u201eDooring\u201c-Unf\u00e4lle<\/strong>: <\/strong>Verkehrsexperte h\u00e4lt die Helmpflicht trotzdem f\u00fcr falsch<\/li>\n<li><strong><strong>Gute Noten f\u00fcr Hamburgs Sch\u00fcler<\/strong>! <\/strong>Doch am Ranking gibt es einen Haken<\/li>\n<li><strong>Gro\u00dfe R\u00e4tselbeilage:<\/strong> Knobelspa\u00df f\u00fcr jeden Tag<\/li>\n<li><strong>20 Seiten Sport:<\/strong> Rayan Philippe exklusiv: Der HSV-Profi der Stunde \u00fcber Familie, Mitspieler und gro\u00dfe Ziele &amp; der FC St. Pauli auf Weltreise<\/li>\n<li><strong>28 Seiten Plan7:<\/strong> Ein St\u00fcck Gro\u00dfstadtrevier\u201c im St. Pauli-Theater, Hamburgs neues Gastro-Duo und die besten Halloween-Partys<\/li>\n<\/ul>\n<p>Sechs der zehn meistgetrunkenen Biermarken in Deutschland sind nach einer Analyse des Getr\u00e4nkemarktfachmagazins \u201eInside\u201c aktuell oder in den kommenden Monaten von Preiserh\u00f6hungen der Gro\u00dfbrauereien betroffen. Neben mehreren Gro\u00dfbrauern erh\u00f6hten auch viele kleine Brauereien ihre Preise.\u00a0<\/p>\n<p>Wann kommen die h\u00f6heren Preise beim Verbraucher an?<\/p>\n<p>Es muss sich erst noch zeigen, in welchem Umfang die Abnehmer der Brauereien die Preiserh\u00f6hungen hinnehmen und an die Konsumenten weitergeben.\u00a0\u201eInside\u201c-Herausgeber Niklas Other verweist auch auf die gro\u00dfen \u00dcberkapazit\u00e4ten in der Braubranche: Der Handel habe vor diesem Hintergrund leichtes Spiel, Bier zu m\u00f6glichst g\u00fcnstigen Konditionen einzukaufen.\u00a0<\/p>\n<p>Getr\u00e4nkeexperte Marcus Strobl vom Marktforschungsinstitut NIQ geht davon aus, dass es noch einige Zeit dauern d\u00fcrfte, bis sich die Preisschilder f\u00fcr die Verbraucher in den M\u00e4rkten ver\u00e4ndern. \u201eMeine Erfahrung ist, dass der Handel mit der Umsetzung teilweise wartet bis nach Weihnachten, weil er das Weihnachtsgesch\u00e4ft noch mitnehmen m\u00f6chte\u201c, sagt Strobl.<\/p>\n<p>Wie k\u00f6nnen Biertrinker Preiserh\u00f6hungen ein Schnippchen schlagen?<\/p>\n<p>In der Vorweihnachtszeit werden wieder zahlreiche Aktionspreise im Handel erwartet. \u201eSowohl im Handel als auch der Braubranche besteht ein gro\u00dfer Mengendruck, weil die Abs\u00e4tze in diesem Jahr besonders deutlich zur\u00fcckgehen\u201c, sagt Getr\u00e4nkeexperte Strobl. Das k\u00f6nnte dazu f\u00fchren, dass verst\u00e4rkt zu Aktionen gegriffen wird oder Preise wieder sinken, um die eigenen Ziele zu erreichen.<\/p>\n<p>Wie gro\u00df ist der Preisunterschied?<\/p>\n<p>Die vom Handel beworbenen Preisaktionen bei der beliebtesten Biersorte Pils nutzen die Biertrinker immer st\u00e4rker. Bei den gro\u00dfen Pilsmarken werden laut Strobl im Schnitt bereits sieben von zehn Bierk\u00e4sten mit jeweils 20 Halbliterflaschen zu Aktionspreisen im Handel verkauft. Etwa f\u00fcnf Euro g\u00fcnstiger werde der gro\u00dfe Kasten Pils in der Aktion angeboten gegen\u00fcber dem Standardpreis. \u201eDas nehmen nat\u00fcrlich viele gern mit\u201c, schildert er.\u00a0<\/p>\n<p>Dank solcher Aktionen k\u00f6nnen Verbraucher vielerorts Bier zu Preisen wie vor Jahrzehnten kaufen, sagt Other. Die vertrauten 9,99 Euro pro Kiste seien mittlerweile jedoch seltener geworden; die meisten gro\u00dfen Pilsmarken w\u00fcrden im Schnitt\u00a0mit 10,50 Euro beworben.<\/p>\n<p>Ist auch Fassbier von Preiserh\u00f6hungen betroffen?<\/p>\n<p>Krombacher und Veltins haben Preiserh\u00f6hungen sowohl f\u00fcr ihr Flaschenbier als auch f\u00fcr Fassbier vollzogen. Beim Marktf\u00fchrer Radeberger Gruppe betreffen die Preiserh\u00f6hungen zum 1. Januar 2026 sowohl das Fassbiersortiment als auch einen Teil des Mehrwegsortiments. Nicht nur der Handel, auch die Gastronomie sei in vielen F\u00e4llen mit Preiserh\u00f6hungen bei Bier konfrontiert, erkl\u00e4rt \u201eInside\u201c-Herausgeber Other.\u00a0<\/p>\n<p>Wird damit auch das Bier in der Kneipe um die Ecke teurer?<\/p>\n<p>\u201eDer Bierpreis hat neben der tats\u00e4chlichen auch eine symbolische Wirkung f\u00fcr die Branche insgesamt\u201c, sagt Thorsten Hellwig, Sprecher des Branchenverbandes Dehoga NRW. Der massive Kostendruck halte an, auch der Mindestlohn steige. \u201eF\u00fcr viele gastronomische Betriebe bedeuten gestiegene Einkaufspreise und Kosten aufgrund der wirtschaftlichen Gesamtsituation, dass Preisanpassungen immer schwieriger zu vermeiden sind\u201c, beschreibt Hellwig.\u00a0<\/p>\n<p>Werden auch andere Getr\u00e4nke teurer?<\/p>\n<p>Aktuell werden ebenfalls alkoholfreie Getr\u00e4nke teurer. Other verweist auf den Marktf\u00fchrer Coca-Cola, der zum 1. September an der Preisschraube drehte. Nach Angaben des Konzerns liegen die Preiserh\u00f6hungen gegen\u00fcber den Kunden im Handel und im Au\u00dfer-Haus-Markt im Schnitt aller Produkte und Packungen im niedrigen einstelligen Prozentbereich. Laut \u201eInside\u201c haben viele weitere Markenhersteller ihre Kostensteigerungen ebenfalls weitergereicht.<\/p>\n<p>Bei alkoholfreien Getr\u00e4nken spielten die Eigenmarken des Handels eine gr\u00f6\u00dfere Rolle. Hier habe der Handel in den vergangenen Jahren bereits erhebliche Preissteigerungen umgesetzt. \u201eMit absurden Folgen: Teilweise sind Markenartikel in der Aktion g\u00fcnstiger als die Eigenmarken bei Aldi, Lidl &amp; Co\u201d, sagt Other.<\/p>\n<p>Warum geht der Bierkonsum in j\u00fcngster Zeit so stark zur\u00fcck?<\/p>\n<p>Da kommen mehrere Faktoren zusammen. \u201eDer Bierabsatz ist tats\u00e4chlich so stark wie nie unter Druck\u201c, betont Other. Gerade in der Gastronomie werde weniger Bier getrunken. Das belegen auch Zahlen der Marktforscher von NIQ: \u201eIm Handel war der Absatzr\u00fcckgang mit minus 2,1 Prozent bei Bier insgesamt im ersten Halbjahr 2025 gar nicht so dramatisch. In der Gastronomie ist der Bierabsatz deutlich st\u00e4rker um 8,6 Prozent gesunken\u201c, erkl\u00e4rt Strobl.\u00a0<\/p>\n<p><strong>Das k\u00f6nnte Sie auch interessieren:<\/strong> <a href=\"https:\/\/www.mopo.de\/news\/panorama\/strassburg-laut-eu-parlament-darf-schnitzel-nicht-veggie-sein\/\" target=\"_blank\" rel=\"noopener\">EU-Parlament stimmt f\u00fcr Verbot: Wurst und Schnitzel d\u00fcrfen nicht \u201eveggie\u201c sein<\/a><\/p>\n<p>In Gastst\u00e4tten und Kneipen machten sich umfangreiche Kostensteigerungen bereits in Preisen bemerkbar. Da sei auch eine bewusste Konsumzur\u00fcckhaltung zu sp\u00fcren. Strobl sagt dazu: \u201eWir befragen auch immer die Leute, die in die Gastronomie gehen, die dann sagen: \u201aIch trinke nur noch eins statt zwei Gl\u00e4ser Wein.\u2018 Auch bei Bier wird dann das zweite, dritte oder vierte Glas nicht getrunken.\u201c\u00a0<\/p>\n<p>Hinzu kommt der Faktor Demografie, durch den der Bierkonsum bereits seit langem schrumpft. \u201eDie \u00c4lteren trinken weniger\u201d, sagt Other. Die Abkehr vom Alkohol treffe andere Warengattungen wie Spirituosen oder Wein noch h\u00e4rter. (dpa\/mp)<\/p>\n<p> <img decoding=\"async\" class=\"vg_wort_pixel\" src=\"https:\/\/www.europesays.com\/de\/wp-content\/uploads\/2025\/10\/vgzm.1021513-mopo-1671222.gif\" alt=\"\" style=\"width: 1px; height: 1px; position: absolute; pointer-events: none;\"\/><\/p>\n","protected":false},"excerpt":{"rendered":"Es geht auf Weihnachten zu. Darauf stellen sich Handel und Gastronomie ein. Hinter den Kulissen drehen gro\u00dfe Getr\u00e4nkehersteller&hellip;\n","protected":false},"author":2,"featured_media":509437,"comment_status":"","ping_status":"","sticky":false,"template":"","format":"standard","meta":{"footnotes":""},"categories":[134],"tags":[175,170,169,29,30,171,174,173,172],"class_list":{"0":"post-509436","1":"post","2":"type-post","3":"status-publish","4":"format-standard","5":"has-post-thumbnail","7":"category-unternehmen-maerkte","8":"tag-business","9":"tag-companies","10":"tag-companies-markets","11":"tag-deutschland","12":"tag-germany","13":"tag-markets","14":"tag-maerkte","15":"tag-unternehmen","16":"tag-unternehmen-maerkte"},"share_on_mastodon":{"url":"https:\/\/pubeurope.com\/@de\/115397603924717209","error":""},"_links":{"self":[{"href":"https:\/\/www.europesays.com\/de\/wp-json\/wp\/v2\/posts\/509436","targetHints":{"allow":["GET"]}}],"collection":[{"href":"https:\/\/www.europesays.com\/de\/wp-json\/wp\/v2\/posts"}],"about":[{"href":"https:\/\/www.europesays.com\/de\/wp-json\/wp\/v2\/types\/post"}],"author":[{"embeddable":true,"href":"https:\/\/www.europesays.com\/de\/wp-json\/wp\/v2\/users\/2"}],"replies":[{"embeddable":true,"href":"https:\/\/www.europesays.com\/de\/wp-json\/wp\/v2\/comments?post=509436"}],"version-history":[{"count":0,"href":"https:\/\/www.europesays.com\/de\/wp-json\/wp\/v2\/posts\/509436\/revisions"}],"wp:featuredmedia":[{"embeddable":true,"href":"https:\/\/www.europesays.com\/de\/wp-json\/wp\/v2\/media\/509437"}],"wp:attachment":[{"href":"https:\/\/www.europesays.com\/de\/wp-json\/wp\/v2\/media?parent=509436"}],"wp:term":[{"taxonomy":"category","embeddable":true,"href":"https:\/\/www.europesays.com\/de\/wp-json\/wp\/v2\/categories?post=509436"},{"taxonomy":"post_tag","embeddable":true,"href":"https:\/\/www.europesays.com\/de\/wp-json\/wp\/v2\/tags?post=509436"}],"curies":[{"name":"wp","href":"https:\/\/api.w.org\/{rel}","templated":true}]}}