{"id":509438,"date":"2025-10-18T22:47:12","date_gmt":"2025-10-18T22:47:12","guid":{"rendered":"https:\/\/www.europesays.com\/de\/509438\/"},"modified":"2025-10-18T22:47:12","modified_gmt":"2025-10-18T22:47:12","slug":"usa-trump-will-schmuggler-uebergeben","status":"publish","type":"post","link":"https:\/\/www.europesays.com\/de\/509438\/","title":{"rendered":"USA: Trump will Schmuggler \u00fcbergeben"},"content":{"rendered":"<p>Newsblog zur US-Politik <\/p>\n<p>Trump will Schmuggler \u00fcbergeben<\/p>\n<p>Aktualisiert am 18.10.2025 &#8211; 23:03 UhrLesedauer: 17 Min.<\/p>\n<p><a href=\"#focus-0\" class=\"transition-colors duration-200 block text-current relative\" data-sctrack=\"FocusGalleryImage.Reference\"><img fetchpriority=\"high\" data-testid=\"Opener.Image\" style=\"--lqipURL:url('https:\/\/images.t-online.de\/2025\/10\/M6J1BhIL7HQJ\/0x157:3000x1688\/fit-in\/150x0\/filters:blur(25)\/praesident-wolodymyr-selenskyj-trifft-us-praesident-donald-trump-im-weissen-haus-am-28-022025-donald-trump-einzelbild-angeschnittenes-einzelmotiv-portraet-portrait-portraet-praesident-wolodymyr-selenskyj-trifft-us-praesident-donald-trump-im-weissen-haus-am-17-102025-working-visit-of-the-president-of-ukraine-to-the-u-s-foto-the-presential-office-of-ukraine-via-sven-simon-fotoagentur-gmbh-co-pressefoto-kg-prinzess-luise-str-41-45479-m-u-e-l-h-e-i-m-r-u-h-r-tel-0208-9413250-fax-0208-9413260-gls-ba.jpg')\"   loading=\"eager\" src=\"https:\/\/www.europesays.com\/de\/wp-content\/uploads\/2025\/10\/praesident-wolodymyr-selenskyj-trifft-us-praesident-donald-trump-im-weissen-haus-am-28-022025-donald.jpeg\" alt=\"028SN_Ukraine_171025.JPEG\" title=\"028SN_Ukraine_171025.JPEG\" width=\"3000\" height=\"1688\" class=\"bg-[url:var(--lqipURL)] bg-cover bg-center flex h-full w-full max-w-full\" decoding=\"async\"\/><img style=\"--width:32;--height:32\" loading=\"lazy\" src=\"https:\/\/www.t-online.de\/s\/paper\/_next\/static\/media\/zoom-in.f7dae02f.svg\" alt=\"Vergr\u00f6\u00dfern des Bildes\" title=\"Vergr\u00f6\u00dfern des Bildes\" class=\"block h-[calc(var(--height)_\/_16_*_1rem)] w-[calc(var(--width)_\/_16_*_1rem)] max-w-none absolute bottom-8 right-8 rounded-4 bg-snow p-8\" decoding=\"async\"\/><\/a><\/p>\n<p>Donald Trump will angebliche Schmuggler \u00fcbergeben, die in der Karibik festgenommen wurden. (Archivbild) (Quelle: Presidential Office of Ukraine\/imago)<\/p>\n<p class=\"font-bold text-18 leading-17\">In hunderten St\u00e4dten demonstrieren Millionen Amerikaner gegen Trump. Der Kreml schl\u00e4gt eine direkte Verbindung zwischen Russland und den USA vor. Alle Nachrichten im Newsblog.<\/p>\n<p class=\"text-18 leading-17\">Die USA werden nach Angaben von Pr\u00e4sident <a class=\"transition-colors duration-200 cursor-pointer text-inherit no-underline text-salemsfur md:hover:text-magenta md:hover:border-magenta md:focus:text-magenta border-current border-b border-solid break-words\" href=\"https:\/\/www.t-online.de\/themen\/donald-trump\/\" data-sctrack=\"BodyAnchor\" target=\"_blank\" rel=\"noopener\">Donald Trump<\/a> zwei \u00fcberlebende Insassen eines U-Boots mit angeblicher Drogenfracht, welches das US-Milit\u00e4r in der <a class=\"transition-colors duration-200 cursor-pointer text-inherit no-underline text-salemsfur md:hover:text-magenta md:hover:border-magenta md:focus:text-magenta border-current border-b border-solid break-words\" href=\"https:\/\/www.t-online.de\/themen\/karibik\/\" data-sctrack=\"BodyAnchor\" target=\"_blank\" rel=\"noopener\">Karibik<\/a> angegriffen hatte, an ihre Heimatl\u00e4nder \u00fcberstellen. Zwei der &#8222;Terroristen&#8220; an Bord des U-Boots seien get\u00f6tet worden, die beiden anderen &#8222;Terroristen&#8220; w\u00fcrden zur Inhaftierung und Strafverfolgung in ihre Heimatl\u00e4nder <a class=\"transition-colors duration-200 cursor-pointer text-inherit no-underline text-salemsfur md:hover:text-magenta md:hover:border-magenta md:focus:text-magenta border-current border-b border-solid break-words\" href=\"https:\/\/www.t-online.de\/themen\/ecuador\/\" data-sctrack=\"BodyAnchor\" target=\"_blank\" rel=\"noopener\">Ecuador<\/a> und <a class=\"transition-colors duration-200 cursor-pointer text-inherit no-underline text-salemsfur md:hover:text-magenta md:hover:border-magenta md:focus:text-magenta border-current border-b border-solid break-words\" href=\"https:\/\/www.t-online.de\/themen\/kolumbien\/\" data-sctrack=\"BodyAnchor\" target=\"_blank\" rel=\"noopener\">Kolumbien<\/a> zur\u00fcckgeschickt, teilte Trump am Samstag in seinem Onlinenetzwerk <a class=\"transition-colors duration-200 cursor-pointer text-inherit no-underline text-salemsfur md:hover:text-magenta md:hover:border-magenta md:focus:text-magenta border-current border-b border-solid break-words\" href=\"https:\/\/www.t-online.de\/themen\/truth-social\/\" data-sctrack=\"BodyAnchor\" target=\"_blank\" rel=\"noopener\">Truth Social<\/a> mit.<\/p>\n<p class=\"text-18 leading-17\">Trump hatte den Angriff auf das U-Boot bereits am Freitag bekanntgegeben und mitgeteilt, dieses sei &#8222;speziell f\u00fcr den Transport riesiger Mengen von Drogen gebaut&#8220; worden. Am Samstag erkl\u00e4rte der US-Pr\u00e4sident, das &#8222;sehr gro\u00dfe&#8220; U-Boot habe sich auf einer bekannten Drogenschmuggel-Route in Richtung der Vereinigten Staaten befunden.<\/p>\n<p class=\"text-18 leading-17\">In den <a class=\"transition-colors duration-200 cursor-pointer text-inherit no-underline text-salemsfur md:hover:text-magenta md:hover:border-magenta md:focus:text-magenta border-current border-b border-solid break-words\" href=\"https:\/\/www.t-online.de\/themen\/usa\/\" data-sctrack=\"BodyAnchor\" target=\"_blank\" rel=\"noopener\">USA<\/a> haben Gegner der Politik von Pr\u00e4sident Donald Trump erneut zu landesweiten Protesten aufgerufen. Unter dem Motto &#8222;No Kings&#8220; &#8211; zu Deutsch: &#8222;Keine K\u00f6nige&#8220; &#8211; fanden an zahlreichen Orten Demonstrationen statt. Die Organisatoren erkl\u00e4rten, sie wollten damit ein Zeichen gegen die ihrer Ansicht nach autorit\u00e4re Politik Trumps setzen. Am Mittag (Ortszeit) teilten sie mit, Millionen Menschen beteiligten sich in mehr als 800 St\u00e4dten friedlich an Demonstrationen. Beim Sender <a class=\"transition-colors duration-200 cursor-pointer text-inherit no-underline text-salemsfur md:hover:text-magenta md:hover:border-magenta md:focus:text-magenta border-current border-b border-solid break-words\" href=\"https:\/\/www.t-online.de\/themen\/cnn\/\" data-sctrack=\"BodyAnchor\" target=\"_blank\" rel=\"noopener\">CNN<\/a> war von 2.500 Protesten landesweit die Rede.<\/p>\n<p class=\"text-18 leading-17\">In <a class=\"transition-colors duration-200 cursor-pointer text-inherit no-underline text-salemsfur md:hover:text-magenta md:hover:border-magenta md:focus:text-magenta border-current border-b border-solid break-words\" href=\"https:\/\/www.t-online.de\/themen\/new-york\/\" data-sctrack=\"BodyAnchor\" target=\"_blank\" rel=\"noopener\">New York<\/a> hatten sich am Mittag mehrere Zehntausende versammelt. Eine Helferin sagte der Deutschen Presse-Agentur am Times Square, die Menge habe die Stra\u00dfe gen S\u00fcden bis zum Union Square gef\u00fcllt &#8211; also \u00fcber mehrere Kilometer. Proteste gab es zudem in der Hauptstadt <a class=\"transition-colors duration-200 cursor-pointer text-inherit no-underline text-salemsfur md:hover:text-magenta md:hover:border-magenta md:focus:text-magenta border-current border-b border-solid break-words\" href=\"https:\/\/www.t-online.de\/themen\/washington\/\" data-sctrack=\"BodyAnchor\" target=\"_blank\" rel=\"noopener\">Washington<\/a>, Boston, Atlanta, <a class=\"transition-colors duration-200 cursor-pointer text-inherit no-underline text-salemsfur md:hover:text-magenta md:hover:border-magenta md:focus:text-magenta border-current border-b border-solid break-words\" href=\"https:\/\/www.t-online.de\/themen\/chicago\/\" data-sctrack=\"BodyAnchor\" target=\"_blank\" rel=\"noopener\">Chicago<\/a>, <a class=\"transition-colors duration-200 cursor-pointer text-inherit no-underline text-salemsfur md:hover:text-magenta md:hover:border-magenta md:focus:text-magenta border-current border-b border-solid break-words\" href=\"https:\/\/www.t-online.de\/themen\/los-angeles\/\" data-sctrack=\"BodyAnchor\" target=\"_blank\" rel=\"noopener\">Los Angeles<\/a> und zahlreichen weiteren St\u00e4dten. In Pittsburgh im Bundesstaat <a class=\"transition-colors duration-200 cursor-pointer text-inherit no-underline text-salemsfur md:hover:text-magenta md:hover:border-magenta md:focus:text-magenta border-current border-b border-solid break-words\" href=\"https:\/\/www.t-online.de\/themen\/pennsylvania\/\" data-sctrack=\"BodyAnchor\" target=\"_blank\" rel=\"noopener\">Pennsylvania<\/a> gingen Tausende Menschen auf die Stra\u00dfe, wie eine dpa-Reporterin berichtete. Auch in kleineren Orten wie Bethesda im Umland von Washington und im Sarasota County in Florida beteiligten sich Menschen an den Kundgebungen.<\/p>\n<p class=\"text-18 leading-17\">Auf der Website der Bewegung hei\u00dft es, Trumps Regierung schicke &#8222;maskierte Agenten auf unsere Stra\u00dfen&#8220;, terrorisiere Gemeinden und nehme Menschen ohne Haftbefehl fest. Au\u00dferdem werfe man ihm vor, Wahlen zu bedrohen, Gesundheits- und Umweltschutz abzubauen und Milliard\u00e4ren Vorteile zu verschaffen, w\u00e4hrend viele Familien unter steigenden Lebenshaltungskosten litten. &#8222;Der Pr\u00e4sident glaubt, seine Macht sei absolut&#8220;, hei\u00dft es weiter. &#8222;Aber in Amerika haben wir keine K\u00f6nige.&#8220; Der Massenprotest gilt als einer der gr\u00f6\u00dften in der Geschichte der USA.<\/p>\n","protected":false},"excerpt":{"rendered":"Newsblog zur US-Politik Trump will Schmuggler \u00fcbergeben Aktualisiert am 18.10.2025 &#8211; 23:03 UhrLesedauer: 17 Min. Donald Trump will&hellip;\n","protected":false},"author":2,"featured_media":509439,"comment_status":"","ping_status":"","sticky":false,"template":"","format":"standard","meta":{"footnotes":""},"categories":[3],"tags":[1217,326,7797,3057,122938,61049,22721,126916,4540,227,7373,2520,106,433,1990,6784,13,13132,47040,7893,72506,14,944,15,3129,1614,17359,6710,307,12,102121,10,8,9,11,2332,3111,14953,64,320,103,107,104],"class_list":{"0":"post-509438","1":"post","2":"type-post","3":"status-publish","4":"format-standard","5":"has-post-thumbnail","7":"category-welt","8":"tag-1217","9":"tag-326","10":"tag-7797","11":"tag-amerika","12":"tag-apec","13":"tag-atlanta","14":"tag-boston","15":"tag-cdu-csu-square","16":"tag-chicago","17":"tag-china","18":"tag-cnn","19":"tag-deutsche-presse-agentur","20":"tag-donald-trump","21":"tag-drogen","22":"tag-ecuador","23":"tag-florida","24":"tag-headlines","25":"tag-karibik","26":"tag-kolumbien","27":"tag-los-angeles","28":"tag-massenprotest","29":"tag-nachrichten","30":"tag-new-york","31":"tag-news","32":"tag-newsblog","33":"tag-peking","34":"tag-pennsylvania","35":"tag-pittsburgh","36":"tag-russland","37":"tag-schlagzeilen","38":"tag-time-square","39":"tag-top-news","40":"tag-top-meldungen","41":"tag-topmeldungen","42":"tag-topnews","43":"tag-transport","44":"tag-truth-social","45":"tag-us-militaer","46":"tag-usa","47":"tag-washington","48":"tag-welt","49":"tag-wolodymyr-selenskyj","50":"tag-world"},"share_on_mastodon":{"url":"","error":"Validation failed: Text character limit of 500 exceeded"},"_links":{"self":[{"href":"https:\/\/www.europesays.com\/de\/wp-json\/wp\/v2\/posts\/509438","targetHints":{"allow":["GET"]}}],"collection":[{"href":"https:\/\/www.europesays.com\/de\/wp-json\/wp\/v2\/posts"}],"about":[{"href":"https:\/\/www.europesays.com\/de\/wp-json\/wp\/v2\/types\/post"}],"author":[{"embeddable":true,"href":"https:\/\/www.europesays.com\/de\/wp-json\/wp\/v2\/users\/2"}],"replies":[{"embeddable":true,"href":"https:\/\/www.europesays.com\/de\/wp-json\/wp\/v2\/comments?post=509438"}],"version-history":[{"count":0,"href":"https:\/\/www.europesays.com\/de\/wp-json\/wp\/v2\/posts\/509438\/revisions"}],"wp:featuredmedia":[{"embeddable":true,"href":"https:\/\/www.europesays.com\/de\/wp-json\/wp\/v2\/media\/509439"}],"wp:attachment":[{"href":"https:\/\/www.europesays.com\/de\/wp-json\/wp\/v2\/media?parent=509438"}],"wp:term":[{"taxonomy":"category","embeddable":true,"href":"https:\/\/www.europesays.com\/de\/wp-json\/wp\/v2\/categories?post=509438"},{"taxonomy":"post_tag","embeddable":true,"href":"https:\/\/www.europesays.com\/de\/wp-json\/wp\/v2\/tags?post=509438"}],"curies":[{"name":"wp","href":"https:\/\/api.w.org\/{rel}","templated":true}]}}