{"id":509440,"date":"2025-10-18T22:48:19","date_gmt":"2025-10-18T22:48:19","guid":{"rendered":"https:\/\/www.europesays.com\/de\/509440\/"},"modified":"2025-10-18T22:48:19","modified_gmt":"2025-10-18T22:48:19","slug":"wolfram-weimer-klaute-ein-magazin-des-kulturministers-fremde-texte-politik","status":"publish","type":"post","link":"https:\/\/www.europesays.com\/de\/509440\/","title":{"rendered":"Wolfram Weimer: Klaute ein Magazin des Kulturministers fremde Texte? | Politik"},"content":{"rendered":"<p>Berlin \u2013 <b>Brisante Vorw\u00fcrfe gegen Kulturstaatsminister Wolfram Weimer (parteilos): Das Magazin \u201eThe European\u201c, dessen Verleger er bis April 2025 war, soll etliche Reden und Texte prominenter Politiker ohne deren Zustimmung ver\u00f6ffentlicht haben. Auf der Website sollen sich allein von AfD-Chefin Alice Weidel fast 100 vermeintliche Beitr\u00e4ge befunden haben. Sie schaltete jetzt einen Anwalt ein.<\/b><\/p>\n<p>Auch interessant<\/p>\n<p>Anzeige<\/p>\n<p>Auch interessant<\/p>\n<p>Anzeige<\/p>\n<p>Zuerst hatte der Journalist Alexander Wallasch auf dessen Blog \u00fcber die Entdeckung berichtet, das Portal \u201eNius\u201c griff die Recherche auf. Kritiker werfen Wallasch eine N\u00e4he zur AfD vor. Demnach standen auf der Autorenliste von Weimers ehemaligem Magazin \u201eThe European\u201c Namen wie Friedrich Merz, <a href=\"https:\/\/www.bild.de\/themen\/personen\/alexander-dobrindt\/politik-nachrichten-news-fotos-videos-33876288.bild.html\" class=\"text-link\" target=\"_blank\" rel=\"noopener\">Alexander Dobrindt<\/a>, Robert Habeck, Annalena Baerbock, Sahra Wagenknecht und Gregor Gysi \u2013 neben Papst Franziskus und Brad Pitt. Sogar vom Plagiatsj\u00e4ger Stefan Weber fanden sich Texte auf der Homepage.<\/p>\n<p>\u201eThe European\u201c wirbt auch nach den Berichten damit, dass auf dem Debatten-Portal \u201e\u00fcber 2000 renommierte Autoren aus Politik, Wirtschaft, Kultur und Wissenschaft\u201c\u00a0schreiben w\u00fcrden. Doch daran gibt es gro\u00dfe Zweifel.<\/p>\n<p><img decoding=\"async\" width=\"992\" height=\"558\" alt=\"AfD-Chefin Alice Weidel (46) beauftragte einen Anwalt mit dem Fall\" src=\"https:\/\/www.europesays.com\/de\/wp-content\/uploads\/2025\/10\/b997695e7b4f4e08d06d7f8906275299,b3dbc4f\"   class=\"landscape\" loading=\"lazy\"\/><\/p>\n<p class=\"fig__caption__text\">AfD-Chefin Alice Weidel (46) beauftragte einen Anwalt mit dem Fall<\/p>\n<p>Foto: TOBIAS SCHWARZ\/AFP<\/p>\n<p>Sprecher von Weidel und Dobrindt \u00e4u\u00dfern sich<\/p>\n<p>Ein <a href=\"https:\/\/www.bild.de\/politik\/leute\/alice-weidel\/thema-alice-weidel-alle-infos-80011802.bild.html\" class=\"text-link\" target=\"_blank\" rel=\"noopener\">Weidel<\/a>-Sprecher sagte gegen\u00fcber \u201eT-Online\u201c: \u201eWeder war Frau Weidel als Autorin f\u00fcr The European aktiv, noch wurde sie um Erlaubnis gefragt.\u201c Es sei ein \u201esehr unredliches Vorgehen\u201c, geistiges Eigentum zu nutzen. Ein Medienjurist pr\u00fcfe den Fall gerade f\u00fcr Weidel.<\/p>\n<p>\u00c4hnlich \u00e4u\u00dferte sich das Innenministerium gegen\u00fcber mehreren Medien: \u201eBundesinnenminister Dobrindt ist nicht als Autor f\u00fcr \u201aThe European\u2018 t\u00e4tig und (hat) daher auch keinerlei Honorar von dort erhalten.\u201c <\/p>\n<p><img decoding=\"async\" width=\"992\" height=\"558\" alt=\"Heute Kabinettskollege von Wolfram Weimer: Auch Innenminister Alexander Dobrindt (55, CSU) wurde bei \u201eThe European\u201c als Autor gef\u00fchrt\" src=\"https:\/\/www.europesays.com\/de\/wp-content\/uploads\/2025\/10\/e5ea4fd661b45773f08da9301a7f16a4,d914de04\"   class=\"landscape\" loading=\"lazy\"\/><\/p>\n<p class=\"fig__caption__text\">Heute Kabinettskollege von Wolfram Weimer: Auch Innenminister Alexander Dobrindt (55, CSU) wurde bei \u201eThe European\u201c als Autor gef\u00fchrt<\/p>\n<p>Foto: ddp\/dts Nachrichtenagentur<\/p>\n<p>Brisant: Weimer hatte erst am Dienstag mit scharfen Worten <a href=\"https:\/\/www.bild.de\/politik\/inland\/wegen-wut-rede-gegen-ki-konzerne-trump-berater-attackiert-kulturminister-weimer-68efa2e61163706683d940d5\" class=\"text-link\" target=\"_blank\" rel=\"noopener\">\u201egeistigen Vampirismus\u201c von amerikanischen und chinesischen Tech-Konzernen kritisiert<\/a>. \u00dcber deren Training von K\u00fcnstlicher Intelligenz (KI) sagte der Kulturminister: \u201eAuf gleichsam vampiristische Weise saugen KI-Unternehmen das kreative Potenzial aus unz\u00e4hligen klugen K\u00f6pfen, nutzen deren Ideen und Empfindungen, ihre Schaffenskraft, ihre Visionen.\u201c<\/p>\n<p><b>Jetzt steht der Merz-Minister selbst wegen mutma\u00dflichen Text-Diebstahls unter Druck. Ob und was <\/b><a href=\"https:\/\/www.bild.de\/politik\/leute\/wolfram-weimer-aktuelle-news-und-infos-PRdRz7ElFrAZh9U0IM4o\" class=\"text-link\" target=\"_blank\" rel=\"noopener\"><b>Weimer<\/b><\/a><b> von dem Vorgehen des Portals wusste, ist bislang unklar.<\/b><\/p>\n<p>Mehr zum Thema\u201eThe European\u201c l\u00f6scht alle Autorenprofile <\/p>\n<p>Weimer war fr\u00fcher Chefredakteur von \u201eWelt\u201c (geh\u00f6rt wie BILD zu Axel Springer), \u201eFocus\u201c und \u201eCicero\u201c und gr\u00fcndete 2012 mit seiner Frau die Weimer Media Group, zu der auch \u201eThe Europen\u201c geh\u00f6rt. Seit seiner Ernennung zum Kulturstaatsminister f\u00fchrt nur noch seine Frau das Unternehmen.<\/p>\n<p>\u201eThe European\u201c weist die Vorw\u00fcrfe derweil zur\u00fcck. Das Magazin werde seit einigen Tagen \u201evon Rechtsau\u00dfen publizistisch attackiert\u201c, hei\u00dft es in einer Stellungnahme der Redaktion. Die Publikation von Politikerreden sei \u201eg\u00e4ngige Praxis\u201c und erfolge \u201eunter Angabe von Quellen\u201c. Sofern die Herkunft in \u201eeinzelnen F\u00e4llen\u201c fehlte, \u201ebedauern wir dies\u201c. Grunds\u00e4tzlich liege die redaktionelle Verantwortung allein beim jeweiligen Chefredakteur. Nach Bekanntwerden des Falls nahm das Portal alle Autorenprofile offline, um \u201edie teilweise mehr als 15 Jahre zur\u00fcckliegende Genese zu \u00fcberpr\u00fcfen\u201c, so Herausgeber Ansgar Graw gegen\u00fcber \u201eT-Online\u201c.<\/p>\n","protected":false},"excerpt":{"rendered":"Berlin \u2013 Brisante Vorw\u00fcrfe gegen Kulturstaatsminister Wolfram Weimer (parteilos): Das Magazin \u201eThe European\u201c, dessen Verleger er bis April&hellip;\n","protected":false},"author":2,"featured_media":509441,"comment_status":"","ping_status":"","sticky":false,"template":"","format":"standard","meta":{"footnotes":""},"categories":[2],"tags":[3025,150,774,1738,29,42253,30,13,14,15,12,45,10,8,9,11,29514],"class_list":{"0":"post-509440","1":"post","2":"type-post","3":"status-publish","4":"format-standard","5":"has-post-thumbnail","7":"category-deutschland","8":"tag-alice-weidel","9":"tag-alternative-fuer-deutschland","10":"tag-csu","11":"tag-desk-delta","12":"tag-deutschland","13":"tag-dobrindt-alexander","14":"tag-germany","15":"tag-headlines","16":"tag-nachrichten","17":"tag-news","18":"tag-schlagzeilen","19":"tag-texttospeech","20":"tag-top-news","21":"tag-top-meldungen","22":"tag-topmeldungen","23":"tag-topnews","24":"tag-weimer-wolfram"},"share_on_mastodon":{"url":"https:\/\/pubeurope.com\/@de\/115397611395795162","error":""},"_links":{"self":[{"href":"https:\/\/www.europesays.com\/de\/wp-json\/wp\/v2\/posts\/509440","targetHints":{"allow":["GET"]}}],"collection":[{"href":"https:\/\/www.europesays.com\/de\/wp-json\/wp\/v2\/posts"}],"about":[{"href":"https:\/\/www.europesays.com\/de\/wp-json\/wp\/v2\/types\/post"}],"author":[{"embeddable":true,"href":"https:\/\/www.europesays.com\/de\/wp-json\/wp\/v2\/users\/2"}],"replies":[{"embeddable":true,"href":"https:\/\/www.europesays.com\/de\/wp-json\/wp\/v2\/comments?post=509440"}],"version-history":[{"count":0,"href":"https:\/\/www.europesays.com\/de\/wp-json\/wp\/v2\/posts\/509440\/revisions"}],"wp:featuredmedia":[{"embeddable":true,"href":"https:\/\/www.europesays.com\/de\/wp-json\/wp\/v2\/media\/509441"}],"wp:attachment":[{"href":"https:\/\/www.europesays.com\/de\/wp-json\/wp\/v2\/media?parent=509440"}],"wp:term":[{"taxonomy":"category","embeddable":true,"href":"https:\/\/www.europesays.com\/de\/wp-json\/wp\/v2\/categories?post=509440"},{"taxonomy":"post_tag","embeddable":true,"href":"https:\/\/www.europesays.com\/de\/wp-json\/wp\/v2\/tags?post=509440"}],"curies":[{"name":"wp","href":"https:\/\/api.w.org\/{rel}","templated":true}]}}