{"id":509442,"date":"2025-10-18T22:49:16","date_gmt":"2025-10-18T22:49:16","guid":{"rendered":"https:\/\/www.europesays.com\/de\/509442\/"},"modified":"2025-10-18T22:49:16","modified_gmt":"2025-10-18T22:49:16","slug":"katastrophale-mathe-ergebnisse-in-berlin-hoert-den-jugendlichen-endlich-zu-tagesspiegel","status":"publish","type":"post","link":"https:\/\/www.europesays.com\/de\/509442\/","title":{"rendered":"Katastrophale Mathe-Ergebnisse in Berlin: H\u00f6rt den Jugendlichen endlich zu! &#8211; Tagesspiegel"},"content":{"rendered":"<ol>\n<li><a href=\"https:\/\/news.google.com\/rss\/articles\/CBMiyAFBVV95cUxNU0Zxc2pMcUlOUFAzNzVWRjBLVjhYNlpEbzJXNVdUNmM5OF9jb190YzVjMVhINTI4TktFd0syNm90aVlDSzA2LVJia2c3NnM2OXBtaHZpcWptdTQzVmJCdk1SWlF3TFFUTTNUSldIT0R5b2w5UVJBRHU4ZERZcFhwSTZiTldLaUV6eTJEUmthbS15c0txOXM5b1NMcXN1R3V3WkFRMmxjYVVaUTB0LWlpaExyTjRHbEcySW1ObFk1eGNFUEFoN3F2Yg?oc=5\" target=\"_blank\" rel=\"noopener\">Katastrophale Mathe-Ergebnisse in Berlin: H\u00f6rt den Jugendlichen endlich zu!<\/a>&nbsp;&nbsp;Tagesspiegel<\/li>\n<li><a href=\"https:\/\/news.google.com\/rss\/articles\/CBMisgFBVV95cUxPQW92R1o5bTJRZXNSNk5ZZWhjbzBWYUFGUnRRNXRjenU2LXRyMjE4Sk5xWU9DV0xTODNKc1dIMWZmT1dsMndYbWxDVmRCYTROX1NJdFVMSXlKOTJRTDNvaHhha1NzbEVTYjN0ZkxXQmlyT29zYW1IeUxPWFN4MjhwWV90dG5jci1jTk4talJGeVFwMGRteWFiemgzemdaVW1xUjQzSTZZdUZ2T0lTazc5VnZR?oc=5\" target=\"_blank\" rel=\"noopener\">F\u00fcnf Lehrer erkl\u00e4ren: Darum scheitern unsere Sch\u00fcler<\/a>&nbsp;&nbsp;BILD<\/li>\n<li><a href=\"https:\/\/news.google.com\/rss\/articles\/CBMibEFVX3lxTE5YZFZKMUs4S0pYdTF2bE9vTGpFZ1lZSUdVenRRSzJ6dUVqaXJ4MWJjLWVkRngxQjduZ2lUMHAtSzMtbkZEdFV2UjRVRmhuMk15aXhNQjFRNUljZi1qbVNZUTVCRkF4enJwN1lLbQ?oc=5\" target=\"_blank\" rel=\"noopener\">IQB-Bildungstrend: Sch\u00fcler fallen in Mathe und Naturwissenschaften zur\u00fcck<\/a>&nbsp;&nbsp;tagesschau.de<\/li>\n<li><a href=\"https:\/\/news.google.com\/rss\/articles\/CBMipwFBVV95cUxPUVBrVGJnZHo2TTlrZFo1UDZOWF8ybzdGRF9faTJpLWlINHlSUzczZ09QeE5rQ3dpaHlVaW9qMVc4N3RwWEZLSS1DYWRzU1YxUy1CRVI5NS1mT2dBSW5EVGt1VzZyRnI4LTlNc1RCUmhOVVJ6SDRmdlJ0RmZWak1WYzBjMTRTZS01cHJldGhlSmhHekR0T1RDVXhFYTZKSS1qNl9mcHR2UQ?oc=5\" target=\"_blank\" rel=\"noopener\">Bildungsstudie bescheinigt Sch\u00fclern schlechtere Leistungen<\/a>&nbsp;&nbsp;BR<\/li>\n<li><a href=\"https:\/\/news.google.com\/rss\/articles\/CBMiuwFBVV95cUxPcU5VMEdvWTdaZHplbk5GeEcyOTNaUEp0RnhlNi1ORnR3eEJGZ0ZvbkdmNjU1cTByQXlQeXZSYVRTYnByZ1FsY1JSbUZ1amhoSVJSMGhFVkRYTl9RUkYyRTBsdWlWUW5BenRJYTJZRlluZk45NDhxZU5VNEcxTGU2OGtmRk1DdHFaaUpoSlItRjFDNWM2dnI5Ym1lQVpTZkw5U0Z3cEFOQ2NMODc5QVlvbVpONUp4ck5tY00w?oc=5\" target=\"_blank\" rel=\"noopener\">\u201eEs besteht dringender Handlungsbedarf\u201c<\/a>&nbsp;&nbsp;WELT<\/li>\n<\/ol>\n","protected":false},"excerpt":{"rendered":"Katastrophale Mathe-Ergebnisse in Berlin: H\u00f6rt den Jugendlichen endlich zu!&nbsp;&nbsp;Tagesspiegel F\u00fcnf Lehrer erkl\u00e4ren: Darum scheitern unsere Sch\u00fcler&nbsp;&nbsp;BILD IQB-Bildungstrend: Sch\u00fcler&hellip;\n","protected":false},"author":2,"featured_media":509443,"comment_status":"","ping_status":"","sticky":false,"template":"","format":"standard","meta":{"footnotes":""},"categories":[5],"tags":[13,1635,14,15,12,966,10,8,9,11],"class_list":{"0":"post-509442","1":"post","2":"type-post","3":"status-publish","4":"format-standard","5":"has-post-thumbnail","7":"category-nachrichten","8":"tag-headlines","9":"tag-jugend","10":"tag-nachrichten","11":"tag-news","12":"tag-schlagzeilen","13":"tag-schule","14":"tag-top-news","15":"tag-top-meldungen","16":"tag-topmeldungen","17":"tag-topnews"},"share_on_mastodon":{"url":"https:\/\/pubeurope.com\/@de\/115397615733131375","error":""},"_links":{"self":[{"href":"https:\/\/www.europesays.com\/de\/wp-json\/wp\/v2\/posts\/509442","targetHints":{"allow":["GET"]}}],"collection":[{"href":"https:\/\/www.europesays.com\/de\/wp-json\/wp\/v2\/posts"}],"about":[{"href":"https:\/\/www.europesays.com\/de\/wp-json\/wp\/v2\/types\/post"}],"author":[{"embeddable":true,"href":"https:\/\/www.europesays.com\/de\/wp-json\/wp\/v2\/users\/2"}],"replies":[{"embeddable":true,"href":"https:\/\/www.europesays.com\/de\/wp-json\/wp\/v2\/comments?post=509442"}],"version-history":[{"count":0,"href":"https:\/\/www.europesays.com\/de\/wp-json\/wp\/v2\/posts\/509442\/revisions"}],"wp:featuredmedia":[{"embeddable":true,"href":"https:\/\/www.europesays.com\/de\/wp-json\/wp\/v2\/media\/509443"}],"wp:attachment":[{"href":"https:\/\/www.europesays.com\/de\/wp-json\/wp\/v2\/media?parent=509442"}],"wp:term":[{"taxonomy":"category","embeddable":true,"href":"https:\/\/www.europesays.com\/de\/wp-json\/wp\/v2\/categories?post=509442"},{"taxonomy":"post_tag","embeddable":true,"href":"https:\/\/www.europesays.com\/de\/wp-json\/wp\/v2\/tags?post=509442"}],"curies":[{"name":"wp","href":"https:\/\/api.w.org\/{rel}","templated":true}]}}