{"id":509467,"date":"2025-10-18T23:04:48","date_gmt":"2025-10-18T23:04:48","guid":{"rendered":"https:\/\/www.europesays.com\/de\/509467\/"},"modified":"2025-10-18T23:04:48","modified_gmt":"2025-10-18T23:04:48","slug":"versuchter-einbruch-unbekannte-beschaedigen-fenster","status":"publish","type":"post","link":"https:\/\/www.europesays.com\/de\/509467\/","title":{"rendered":"Versuchter Einbruch &#8211; Unbekannte besch\u00e4digen Fenster"},"content":{"rendered":"<p>(hd) Am Donnerstagnachmittag (16.10.2025) stellte der Inhaber eines an der Liebermannstra\u00dfe in B\u00fcnde gelegenen Unternehmens eine Besch\u00e4digung an einem Fenster des Firmengeb\u00e4udes fest. Ein Blech war deutlich verbogen worden. Zudem waren drei au\u00dfenliegende Beleuchtungseinrichtungen zerst\u00f6rt worden. Offenbar hatten unbekannte T\u00e4ter versucht, gewaltsam in das Geb\u00e4ude einzudringen. Da das Fenster standhielt, brachen die Straft\u00e4ter die Tatausf\u00fchrung ab. Die Kriminalpolizei hat die Ermittlungen \u00fcbernommen. Zeugen, die Angaben zu dem Sachverhalt machen k\u00f6nnen, werden gebeten, sich unter 05221 \/ 888-0 zu melden.<\/p>\n<p>R\u00fcckfragen bitte an:<\/p>\n<p>Kreispolizeibeh\u00f6rde Herford Pressestelle Herford Telefon: 05221 888 1250 E-Mail: pressestelle.herford@polizei.nrw.de<\/p>\n<p> Original-Content von: Kreispolizeibeh\u00f6rde Herford, \u00fcbermittelt durch news aktuell<\/p>\n","protected":false},"excerpt":{"rendered":"(hd) Am Donnerstagnachmittag (16.10.2025) stellte der Inhaber eines an der Liebermannstra\u00dfe in B\u00fcnde gelegenen Unternehmens eine Besch\u00e4digung an&hellip;\n","protected":false},"author":2,"featured_media":359028,"comment_status":"","ping_status":"","sticky":false,"template":"","format":"standard","meta":{"footnotes":""},"categories":[1841],"tags":[1605,3364,29,30,1209,12925],"class_list":{"0":"post-509467","1":"post","2":"type-post","3":"status-publish","4":"format-standard","5":"has-post-thumbnail","7":"category-bielefeld","8":"tag-bielefeld","9":"tag-de","10":"tag-deutschland","11":"tag-germany","12":"tag-nordrhein-westfalen","13":"tag-polizeimeldungen"},"share_on_mastodon":{"url":"https:\/\/pubeurope.com\/@de\/115397678175234372","error":""},"_links":{"self":[{"href":"https:\/\/www.europesays.com\/de\/wp-json\/wp\/v2\/posts\/509467","targetHints":{"allow":["GET"]}}],"collection":[{"href":"https:\/\/www.europesays.com\/de\/wp-json\/wp\/v2\/posts"}],"about":[{"href":"https:\/\/www.europesays.com\/de\/wp-json\/wp\/v2\/types\/post"}],"author":[{"embeddable":true,"href":"https:\/\/www.europesays.com\/de\/wp-json\/wp\/v2\/users\/2"}],"replies":[{"embeddable":true,"href":"https:\/\/www.europesays.com\/de\/wp-json\/wp\/v2\/comments?post=509467"}],"version-history":[{"count":0,"href":"https:\/\/www.europesays.com\/de\/wp-json\/wp\/v2\/posts\/509467\/revisions"}],"wp:featuredmedia":[{"embeddable":true,"href":"https:\/\/www.europesays.com\/de\/wp-json\/wp\/v2\/media\/359028"}],"wp:attachment":[{"href":"https:\/\/www.europesays.com\/de\/wp-json\/wp\/v2\/media?parent=509467"}],"wp:term":[{"taxonomy":"category","embeddable":true,"href":"https:\/\/www.europesays.com\/de\/wp-json\/wp\/v2\/categories?post=509467"},{"taxonomy":"post_tag","embeddable":true,"href":"https:\/\/www.europesays.com\/de\/wp-json\/wp\/v2\/tags?post=509467"}],"curies":[{"name":"wp","href":"https:\/\/api.w.org\/{rel}","templated":true}]}}