{"id":509471,"date":"2025-10-18T23:07:11","date_gmt":"2025-10-18T23:07:11","guid":{"rendered":"https:\/\/www.europesays.com\/de\/509471\/"},"modified":"2025-10-18T23:07:11","modified_gmt":"2025-10-18T23:07:11","slug":"us-aussenministerium-warnt-vor-angriffsplaenen-der-hamas-3","status":"publish","type":"post","link":"https:\/\/www.europesays.com\/de\/509471\/","title":{"rendered":"US-Au\u00dfenministerium warnt vor Angriffspl\u00e4nen der Hamas"},"content":{"rendered":"<p>Washington (dpa) &#8211; Das US-Au\u00dfenministerium warnt vor einem \u00abunmittelbar bevorstehenden\u00bb geplanten Angriff der islamistischen Hamas auf pal\u00e4stinensische Zivilisten. Die USA h\u00e4tten die Garantiem\u00e4chte des Gaza-Friedensplans \u00fcber \u00abglaubw\u00fcrdige Berichte\u00bb informiert, die auf eine Verletzung der bestehenden Waffenruhe hindeuteten, teilte das Ministerium mit. Ein solcher Angriff w\u00fcrde \u00abeinen direkten und schwerwiegenden Versto\u00df gegen die Waffenruhevereinbarung darstellen\u00bb und die Fortschritte im Friedensprozess untergraben.<\/p>\n<p>Die Garantiem\u00e4chte fordern die Hamas laut der Mitteilung auf, \u00abihren Verpflichtungen aus dem Waffenstillstandsabkommen nachzukommen.\u00bb Weiter hei\u00dft es daran: \u00abSollte die Hamas diesen Angriff durchf\u00fchren, werden Ma\u00dfnahmen ergriffen, um die Bev\u00f6lkerung von Gaza zu sch\u00fctzen und den Bestand der Waffenruhe zu wahren.\u00bb\u00a0<\/p>\n<p>Die USA und die \u00fcbrigen Garantiem\u00e4chte seien weiterhin entschlossen, sich f\u00fcr die Sicherheit der Zivilbev\u00f6lkerung, die Aufrechterhaltung der Ruhe vor Ort und die F\u00f6rderung von Frieden und Wohlstand f\u00fcr die Menschen im Gazastreifen und die gesamte Region einzusetzen.<\/p>\n<p>Trump drohte Hamas mit dem Tod<\/p>\n<p>Nach rund zwei Jahren Krieg im Gazastreifen hatten Israel und die Hamas bei indirekten Gespr\u00e4chen im \u00e4gyptischen K\u00fcstenort Scharm el Scheich vor einer Woche eine Einigung \u00fcber die erste Phase des j\u00fcngst von US-Pr\u00e4sident Trump vorgestellten Friedensplans erzielt.<\/p>\n<p>Trump hatte der islamistischen Hamas am Donnerstag mit dem Tode gedroht, sollte die Terrororganisation weiter Menschen im Gazastreifen t\u00f6te. In diesem Falle \u00abwerden wir keine Wahl haben als hineinzugehen und sie zu t\u00f6ten\u00bb, schrieb der Republikaner auf der Plattform Truth Social. Im Wei\u00dfen Haus machte er sp\u00e4ter auf Nachfrage klar, dass keine US-Kr\u00e4fte in den Gazastreifen einr\u00fccken sollen. Es gebe Leute \u00abganz in der N\u00e4he\u00bb, die das machen w\u00fcrden \u2013 gemeint sein d\u00fcrfte Israels Armee. Sie bek\u00e4men das leicht hin, aber unter Patronat der USA, betonte er.\u00a0<\/p>\n<p>Davor hatten Berichte \u00fcber T\u00f6tungen im Gazastreifen durch Hamas-K\u00e4mpfer international f\u00fcr Emp\u00f6rung gesorgt.<\/p>\n<p>Ausl\u00f6ser des Gaza-Kriegs war das schlimmste Massaker in Israels Geschichte durch Terroristen der Hamas sowie anderer extremistischer Pal\u00e4stinenserorganisationen. Am 7. Oktober 2023 wurden nahe der Grenze zum Gazastreifen auf israelischer Seite etwa 1.200 Menschen get\u00f6tet und mehr als 250 verschleppt. Israel reagierte mit massiven Angriffen aus der Luft und am Boden. Nach Angaben der von der Hamas kontrollierten Gesundheitsbeh\u00f6rde wurden mehr als 67.000 Menschen get\u00f6tet.<\/p>\n","protected":false},"excerpt":{"rendered":"Washington (dpa) &#8211; Das US-Au\u00dfenministerium warnt vor einem \u00abunmittelbar bevorstehenden\u00bb geplanten Angriff der islamistischen Hamas auf pal\u00e4stinensische Zivilisten.&hellip;\n","protected":false},"author":2,"featured_media":509466,"comment_status":"","ping_status":"","sticky":false,"template":"","format":"standard","meta":{"footnotes":""},"categories":[1840],"tags":[30785,3364,29,30,411,8221,4046,1209,64,4418],"class_list":{"0":"post-509471","1":"post","2":"type-post","3":"status-publish","4":"format-standard","5":"has-post-thumbnail","7":"category-wuppertal","8":"tag-palstinensische-gebiete","9":"tag-de","10":"tag-deutschland","11":"tag-germany","12":"tag-israel","13":"tag-konflikte","14":"tag-krieg","15":"tag-nordrhein-westfalen","16":"tag-usa","17":"tag-wuppertal"},"share_on_mastodon":{"url":"https:\/\/pubeurope.com\/@de\/115397685802484709","error":""},"_links":{"self":[{"href":"https:\/\/www.europesays.com\/de\/wp-json\/wp\/v2\/posts\/509471","targetHints":{"allow":["GET"]}}],"collection":[{"href":"https:\/\/www.europesays.com\/de\/wp-json\/wp\/v2\/posts"}],"about":[{"href":"https:\/\/www.europesays.com\/de\/wp-json\/wp\/v2\/types\/post"}],"author":[{"embeddable":true,"href":"https:\/\/www.europesays.com\/de\/wp-json\/wp\/v2\/users\/2"}],"replies":[{"embeddable":true,"href":"https:\/\/www.europesays.com\/de\/wp-json\/wp\/v2\/comments?post=509471"}],"version-history":[{"count":0,"href":"https:\/\/www.europesays.com\/de\/wp-json\/wp\/v2\/posts\/509471\/revisions"}],"wp:featuredmedia":[{"embeddable":true,"href":"https:\/\/www.europesays.com\/de\/wp-json\/wp\/v2\/media\/509466"}],"wp:attachment":[{"href":"https:\/\/www.europesays.com\/de\/wp-json\/wp\/v2\/media?parent=509471"}],"wp:term":[{"taxonomy":"category","embeddable":true,"href":"https:\/\/www.europesays.com\/de\/wp-json\/wp\/v2\/categories?post=509471"},{"taxonomy":"post_tag","embeddable":true,"href":"https:\/\/www.europesays.com\/de\/wp-json\/wp\/v2\/tags?post=509471"}],"curies":[{"name":"wp","href":"https:\/\/api.w.org\/{rel}","templated":true}]}}