{"id":509500,"date":"2025-10-18T23:28:46","date_gmt":"2025-10-18T23:28:46","guid":{"rendered":"https:\/\/www.europesays.com\/de\/509500\/"},"modified":"2025-10-18T23:28:46","modified_gmt":"2025-10-18T23:28:46","slug":"flashmob-vor-hm-filiale-mitarbeiter-kaempfen-um-ihre-zukunft","status":"publish","type":"post","link":"https:\/\/www.europesays.com\/de\/509500\/","title":{"rendered":"Flashmob vor H&#038;M-Filiale: Mitarbeiter k\u00e4mpfen um ihre Zukunft"},"content":{"rendered":"<p>Es war ein weiteres Kapitel im Arbeitskampf der N\u00fcrnberger H&amp;M-Mitarbeiterinnen und Mitarbeiter gegen ihren Arbeitgeber: Am Samstag haben sich Angestellte vor der Filiale in der Karolinenstra\u00dfe 45 versammelt, um ein Zeichen zu setzen und zu zeigen, was sie vom Verhalten des schwedischen Modekonzerns halten.<\/p>\n<p>Flashmob vor bedrohter H&amp;M-Filiale in N\u00fcrnberg<\/p>\n<p>Die Gewerkschaft Verdi hatte zu einem Flashmob aufgerufen. Mit Stra\u00dfenmalkreide sollten die Betroffenen ihre Botschaften an H&amp;M auf den Boden vor dem Laden schreiben, der schon bald f\u00fcr immer schlie\u00dfen k\u00f6nnte. 58 Jobs sind in Gefahr. Der Boden vor der bedrohten Filiale verwandelte sich schnell in ein buntes Meer aus Forderungen. &#8222;Respekt&#8220; und &#8222;Wertsch\u00e4tzung&#8220; waren da zu lesen, oder einfach nur ein fassungsloses &#8222;Wtf&#8220; (Anm. d. Red.: kurz f\u00fcr &#8222;What the fuck&#8220;).<\/p>\n<p>Auch Julia Kaltenegger, die vor Kurzem mit einem <a href=\"https:\/\/www.instagram.com\/july_fromtheblock\/reel\/DPRYiQDiA3c\/\" rel=\"nofollow noopener\" target=\"_blank\">Instagram-Video<\/a> (externer Link) zu der Thematik viral gegangen war, nahm an der Aktion teil und zeigte sich solidarisch mit den Angestellten. Sie selbst habe drei Jahre in der Filiale in der N\u00fcrnberger Innenstadt gearbeitet. Die Betroffenen litten unter Zukunfts\u00e4ngsten. &#8222;Die K\u00fcndigungen stehen seit Sommer im Raum. Sie wurden noch nicht ausgesprochen, aber niemand wei\u00df, wie es weitergeht.&#8220; Mitarbeiterinnen hatten zum Teil Tr\u00e4nen in den Augen, umarmten sich immer wieder. &#8222;Es herrscht eine gro\u00dfe Ungewissheit, vielen geht es gar nicht gut&#8220;, so Kaltenegger im BR-Interview.<\/p>\n<p>Verdi: Filialschlie\u00dfungen haben bei H&amp;M Methode<\/p>\n<p>Verdi-Gewerkschaftssekret\u00e4rin Jaana Hampel forderte im Gespr\u00e4ch mit dem Bayerischen Rundfunk einen &#8222;vern\u00fcnftigen Sozialplan&#8220; f\u00fcr die Angestellten. Diese arbeiteten zum Teil schon mehrere Jahrzehnte an dem Standort und litten nun unter Zukunfts\u00e4ngsten. Bisher habe sich der Konzern wenig gespr\u00e4chsbereit gezeigt. In den kommenden Wochen soll die Verhandlung \u00fcber einen Sozialplan wohl an eine sogenannte Einigungsstelle gehen.<\/p>\n<p>Nur wenige Meter von der bedrohten Filiale entfernt habe H&amp;M bereits einen neuen Store in der N\u00fcrnberger Fu\u00dfg\u00e4ngerzone er\u00f6ffnet und neues Personal eingestellt, erz\u00e4hlt Hampel. Laut der Gewerkschaftssekret\u00e4rin habe dieses Vorgehen Methode: &#8222;Bereits vor ein paar Jahren haben sie in M\u00fcnchen das Gleiche gemacht.&#8220; H&amp;M wolle sich so langj\u00e4hriger und vielleicht auch unbequemer Mitarbeiter entledigen, um j\u00fcngeres und flexibleres Personal zu besch\u00e4ftigen und Geld zu sparen.<\/p>\n<p>H&amp;M: Keine neuen Mitarbeitenden eingestellt<\/p>\n<p>H&amp;M selbst bestreitet, dass f\u00fcr die neue Filiale neue Mitarbeiterinnen und Mitarbeiter eingestellt worden seien. Seit der Er\u00f6ffnung im Mai 2024 w\u00fcrden alle Besch\u00e4ftigten des geschlossenen Stores in der Breiten Gasse 47 in der neuen Niederlassung in der Karolinenstra\u00dfe besch\u00e4ftigt. Auch aus der nun von der Schlie\u00dfung bedrohten Filiale seien schon Mitarbeitende gewechselt. Zugleich erkl\u00e4rte das Unternehmen, dass die Verhandlungen &#8222;in einem moderierten juristischen Prozess im Rahmen einer Einigungsstelle fortgesetzt&#8220; w\u00fcrden. Dieser Prozess beinhalte auch den Abschluss eines Sozialplans.<\/p>\n<p><script async src=\"\/\/www.instagram.com\/embed.js\"><\/script><\/p>\n","protected":false},"excerpt":{"rendered":"Es war ein weiteres Kapitel im Arbeitskampf der N\u00fcrnberger H&amp;M-Mitarbeiterinnen und Mitarbeiter gegen ihren Arbeitgeber: Am Samstag haben&hellip;\n","protected":false},"author":2,"featured_media":509501,"comment_status":"","ping_status":"","sticky":false,"template":"","format":"standard","meta":{"footnotes":""},"categories":[1837],"tags":[772,3364,29,29297,30,618,84776,4156,3783,4330,6816],"class_list":{"0":"post-509500","1":"post","2":"type-post","3":"status-publish","4":"format-standard","5":"has-post-thumbnail","7":"category-nuernberg","8":"tag-bayern","9":"tag-de","10":"tag-deutschland","11":"tag-flashmob","12":"tag-germany","13":"tag-gewerkschaft","14":"tag-hm","15":"tag-mittelfranken","16":"tag-nuernberg","17":"tag-protest","18":"tag-verdi"},"share_on_mastodon":{"url":"https:\/\/pubeurope.com\/@de\/115397772087984347","error":""},"_links":{"self":[{"href":"https:\/\/www.europesays.com\/de\/wp-json\/wp\/v2\/posts\/509500","targetHints":{"allow":["GET"]}}],"collection":[{"href":"https:\/\/www.europesays.com\/de\/wp-json\/wp\/v2\/posts"}],"about":[{"href":"https:\/\/www.europesays.com\/de\/wp-json\/wp\/v2\/types\/post"}],"author":[{"embeddable":true,"href":"https:\/\/www.europesays.com\/de\/wp-json\/wp\/v2\/users\/2"}],"replies":[{"embeddable":true,"href":"https:\/\/www.europesays.com\/de\/wp-json\/wp\/v2\/comments?post=509500"}],"version-history":[{"count":0,"href":"https:\/\/www.europesays.com\/de\/wp-json\/wp\/v2\/posts\/509500\/revisions"}],"wp:featuredmedia":[{"embeddable":true,"href":"https:\/\/www.europesays.com\/de\/wp-json\/wp\/v2\/media\/509501"}],"wp:attachment":[{"href":"https:\/\/www.europesays.com\/de\/wp-json\/wp\/v2\/media?parent=509500"}],"wp:term":[{"taxonomy":"category","embeddable":true,"href":"https:\/\/www.europesays.com\/de\/wp-json\/wp\/v2\/categories?post=509500"},{"taxonomy":"post_tag","embeddable":true,"href":"https:\/\/www.europesays.com\/de\/wp-json\/wp\/v2\/tags?post=509500"}],"curies":[{"name":"wp","href":"https:\/\/api.w.org\/{rel}","templated":true}]}}